{"id":30863499,"date":"2020-12-03T08:20:50","date_gmt":"2020-12-03T07:20:50","guid":{"rendered":"https:\/\/www.upo.es\/diario\/?p=30863499"},"modified":"2020-12-09T14:57:29","modified_gmt":"2020-12-09T13:57:29","slug":"manana-comienza-upo-conecta-con-la-mesa-redonda-las-nuevas-tecnologias-aplicadas-a-las-humanidades","status":"publish","type":"post","link":"https:\/\/www.upo.es\/diario\/comunidad\/2020\/12\/manana-comienza-upo-conecta-con-la-mesa-redonda-las-nuevas-tecnologias-aplicadas-a-las-humanidades\/","title":{"rendered":"Esta tarde comienza UPO-Conecta con la mesa redonda &#8216;Las nuevas tecnolog\u00edas aplicadas a las Humanidades&#8217;"},"content":{"rendered":"<p><img loading=\"lazy\" decoding=\"async\" class=\"alignright size-medium wp-image-30863500\" src=\"https:\/\/www.upo.es\/diario\/wp-content\/uploads\/2020\/12\/UPO-Conecta-Las-nuevas-tecnolog\u00edas-aplicadas-a-las-humanidades-con-Andalucia-Emprende-360x203.jpg\" alt=\"\" width=\"360\" height=\"203\" srcset=\"https:\/\/www.upo.es\/diario\/wp-content\/uploads\/2020\/12\/UPO-Conecta-Las-nuevas-tecnolog\u00edas-aplicadas-a-las-humanidades-con-Andalucia-Emprende-360x203.jpg 360w, https:\/\/www.upo.es\/diario\/wp-content\/uploads\/2020\/12\/UPO-Conecta-Las-nuevas-tecnolog\u00edas-aplicadas-a-las-humanidades-con-Andalucia-Emprende-750x422.jpg 750w, https:\/\/www.upo.es\/diario\/wp-content\/uploads\/2020\/12\/UPO-Conecta-Las-nuevas-tecnolog\u00edas-aplicadas-a-las-humanidades-con-Andalucia-Emprende-768x432.jpg 768w, https:\/\/www.upo.es\/diario\/wp-content\/uploads\/2020\/12\/UPO-Conecta-Las-nuevas-tecnolog\u00edas-aplicadas-a-las-humanidades-con-Andalucia-Emprende-600x338.jpg 600w, https:\/\/www.upo.es\/diario\/wp-content\/uploads\/2020\/12\/UPO-Conecta-Las-nuevas-tecnolog\u00edas-aplicadas-a-las-humanidades-con-Andalucia-Emprende-1536x864.jpg 1536w, https:\/\/www.upo.es\/diario\/wp-content\/uploads\/2020\/12\/UPO-Conecta-Las-nuevas-tecnolog\u00edas-aplicadas-a-las-humanidades-con-Andalucia-Emprende-1320x743.jpg 1320w, https:\/\/www.upo.es\/diario\/wp-content\/uploads\/2020\/12\/UPO-Conecta-Las-nuevas-tecnolog\u00edas-aplicadas-a-las-humanidades-con-Andalucia-Emprende.jpg 1920w\" sizes=\"auto, (max-width: 360px) 100vw, 360px\" \/>La Universidad Pablo de Olavide estrena hoy el formato UPO-Conecta, una serie de mesas redondas cuyo objetivo es <strong>conectar y poner en valor a egresados, emprendedores y entidades de referencia de diferentes sectores empresariales con los docentes y estudiantes de la Universidad.<\/strong> En concreto, hoy, 3 de diciembre a partir de las 17,00 horas, se abordar\u00e1 la tem\u00e1tica \u2018Las nuevas tecnolog\u00edas aplicadas a la Humanidades\u2019.<\/p>\n<p>Estar\u00e1n presentes en esta mesa redonda inicial, dirigida a los estudiantes de Humanidades de la UPO, <strong>Rosario Moreno<\/strong>, decana de la Facultad de la Humanidades; <strong>Carmen Arjona<\/strong>, egresada de Traducci\u00f3n e Interpretaci\u00f3n y Employee Experience Program Manager en Amazon; <strong>Carmen Ana Vicente<\/strong>, egresada del Doble Grado en Humanidades, M\u00e1ster en Gesti\u00f3n del Patrimonio Hist\u00f3rico y gestora cultural; <strong>Manuel D\u00edaz<\/strong>, co-director del M\u00e1ster en Historia y Humanidades Digitales de la UPO; <strong>Pablo Gonz\u00e1lez,<\/strong> egresado del M\u00e1ster en Historia y Humanidades Digitales, actualmente becado por la Fundaci\u00f3n Mar\u00eda Cristina Masaveu Peterson en formaci\u00f3n e investigaci\u00f3n en nuevas tecnolog\u00edas aplicadas a la educaci\u00f3n en el Museo Nacional del Prado; <strong>Pilar Choza<\/strong>, responsable de comunicaci\u00f3n y recursos humanos en Emergya y <strong>Elena Romera<\/strong>, UPOemprendedora.<\/p>\n<p>Algunos de los temas que se abordar\u00e1n en esta mesa redonda ser\u00e1n las nuevas tendencias del mercado laboral en el sector de las Humanidades, qu\u00e9 fue lo que m\u00e1s sirvi\u00f3 a los egresados de su formaci\u00f3n universitaria, qu\u00e9 contenidos han demandado en esa formaci\u00f3n, c\u00f3mo accedieron a sus actuales puestos de trabajo y qu\u00e9 consejos dar\u00edan actualmente a los estudiantes que desean trabajar en este sector.<\/p>\n<p>La actividad est\u00e1 organizada por el \u00c1rea de Empleabilidad y Emprendimiento de la Fundaci\u00f3n UPO y el CADE-UPO y tendr\u00e1 un car\u00e1cter peri\u00f3dico, alternando en las diferentes mesas redondas a egresados y entidades de referencia del entorno con estudiantes de la Universidad Pablo de Olavide. Cada una de estas mesas redondas estar\u00e1 compuesta al menos por un titulado de la UPO en unos estudios determinados y que actualmente ocupe un cargo relevante en una empresa o entidad del entorno; un emprendedor del mismo sector o titulaci\u00f3n y una representaci\u00f3n de alguna empresa del sector.<\/p>\n<p>Este nuevo formato nace para conectar a los alumnos con experiencias laborales reales sirviendo de ayuda e inspiraci\u00f3n para los estudiantes, as\u00ed como para destacar las tendencias del mercado laboral en relaci\u00f3n con los planes de estudio ofertados en la universidad. La periodicidad de estas mesas redondas ser\u00e1 mensual y se ir\u00e1n alternando los diferentes estudios y grados de la UPO. Debido a las actuales circunstancias sanitarias las mesas redondas ser\u00e1n <em>online,<\/em> aunque con la normalizaci\u00f3n de la situaci\u00f3n se esperan que pasen a ser presenciales.<\/p>\n","protected":false},"excerpt":{"rendered":"<p>La Universidad Pablo de Olavide estrena esta tarde el formato UPO-Conecta, una serie de mesas redondas cuyo objetivo es conectar y poner en valor a egresados, emprendedores y entidades de referencia de diferentes sectores empresariales con los docentes y estudiantes de la Universidad. En concreto, hoy, 3 de diciembre a partir de las 17,00 horas, se abordar\u00e1 la tem\u00e1tica \u2018Las nuevas tecnolog\u00edas aplicadas a la Humanidades\u2019.<\/p>\n","protected":false},"author":15,"featured_media":30863500,"comment_status":"closed","ping_status":"open","sticky":false,"template":"","format":"standard","meta":{"_monsterinsights_skip_tracking":false,"_monsterinsights_sitenote_active":false,"_monsterinsights_sitenote_note":"","_monsterinsights_sitenote_category":0,"footnotes":""},"categories":[5842],"tags":[4984,669,3989,689,21,3912,132,567,221,7113,7112],"class_list":["post-30863499","post","type-post","status-publish","format-standard","has-post-thumbnail","hentry","category-comunidad","tag-cade-upo","tag-egresados","tag-empleabilidad","tag-emprendimiento","tag-estudiantes","tag-fundacion-upo","tag-humanidades","tag-mercado-laboral","tag-mesa-redonda","tag-tecnologias","tag-upo-conecta"],"_links":{"self":[{"href":"https:\/\/www.upo.es\/diario\/wp-json\/wp\/v2\/posts\/30863499","targetHints":{"allow":["GET"]}}],"collection":[{"href":"https:\/\/www.upo.es\/diario\/wp-json\/wp\/v2\/posts"}],"about":[{"href":"https:\/\/www.upo.es\/diario\/wp-json\/wp\/v2\/types\/post"}],"author":[{"embeddable":true,"href":"https:\/\/www.upo.es\/diario\/wp-json\/wp\/v2\/users\/15"}],"replies":[{"embeddable":true,"href":"https:\/\/www.upo.es\/diario\/wp-json\/wp\/v2\/comments?post=30863499"}],"version-history":[{"count":2,"href":"https:\/\/www.upo.es\/diario\/wp-json\/wp\/v2\/posts\/30863499\/revisions"}],"predecessor-version":[{"id":30863508,"href":"https:\/\/www.upo.es\/diario\/wp-json\/wp\/v2\/posts\/30863499\/revisions\/30863508"}],"wp:featuredmedia":[{"embeddable":true,"href":"https:\/\/www.upo.es\/diario\/wp-json\/wp\/v2\/media\/30863500"}],"wp:attachment":[{"href":"https:\/\/www.upo.es\/diario\/wp-json\/wp\/v2\/media?parent=30863499"}],"wp:term":[{"taxonomy":"category","embeddable":true,"href":"https:\/\/www.upo.es\/diario\/wp-json\/wp\/v2\/categories?post=30863499"},{"taxonomy":"post_tag","embeddable":true,"href":"https:\/\/www.upo.es\/diario\/wp-json\/wp\/v2\/tags?post=30863499"}],"curies":[{"name":"wp","href":"https:\/\/api.w.org\/{rel}","templated":true}]}}