{"id":30863502,"date":"2020-12-03T07:00:13","date_gmt":"2020-12-03T06:00:13","guid":{"rendered":"https:\/\/www.upo.es\/diario\/?p=30863502"},"modified":"2020-12-03T03:01:51","modified_gmt":"2020-12-03T02:01:51","slug":"un-congreso-internacional-analiza-los-desafios-fiscales-tras-la-pandemia","status":"publish","type":"post","link":"https:\/\/www.upo.es\/diario\/docencia-formacion\/2020\/12\/un-congreso-internacional-analiza-los-desafios-fiscales-tras-la-pandemia\/","title":{"rendered":"Un congreso internacional analiza los desaf\u00edos fiscales tras la pandemia"},"content":{"rendered":"<p><a href=\"https:\/\/www.upo.es\/diario\/wp-content\/uploads\/2020\/12\/deficit.png\"><img loading=\"lazy\" decoding=\"async\" class=\"alignright wp-image-30863504 size-medium\" src=\"https:\/\/www.upo.es\/diario\/wp-content\/uploads\/2020\/12\/deficit-360x282.png\" alt=\"d\u00e9ficit (ilustraci\u00f3n)\" width=\"360\" height=\"282\" srcset=\"https:\/\/www.upo.es\/diario\/wp-content\/uploads\/2020\/12\/deficit-360x282.png 360w, https:\/\/www.upo.es\/diario\/wp-content\/uploads\/2020\/12\/deficit.png 510w\" sizes=\"auto, (max-width: 360px) 100vw, 360px\" \/><\/a>Los desequilibrios presupuestarios ocasionados por la pandemia de COVID-19 suponen un reto a corto y medio plazo. Con el fin de analizar este desaf\u00edo y las propuestas de reformas en fiscalidad que actualmente se plantean tanto en Espa\u00f1a como en Europa, comienza hoy, a las 10 horas y en formato virtual, el <strong>Congreso Internacional \u2018Desaf\u00edos fiscales en un mundo post-Covid: valoraci\u00f3n y retos pendientes a nivel interno e Internacional\u2019<\/strong>, organizado por el \u00e1rea de Derecho Financiero y Tributario de la Universidad Pablo de Olavide. <a href=\"https:\/\/docs.google.com\/forms\/d\/e\/1FAIpQLSfWPjmapFCSsuE3EVotKvReiG2PggUk7NAX_7R2mLr2uV6dTg\/viewform\">La inscripci\u00f3n en el Congreso es gratuita<\/a>.<\/p>\n<p>El congreso ha sido organizado en cuatro sesiones, dos tendr\u00e1n lugar hoy y las dos restantes ma\u00f1ana viernes 4 de diciembre. Cada una estar\u00e1 centrada en una l\u00ednea tem\u00e1tica: <strong>la tributaci\u00f3n de las actividades econ\u00f3micas en la econom\u00eda digital; el r\u00e9gimen de los intercambios comerciales entre Estados miembros; las nuevas tendencias tributarias en otros sectores de la fiscalidad; y la financiaci\u00f3n territorial en un Estado descentralizado<\/strong>. Las sesiones comenzar\u00e1n con una mesa redonda tras la cual se presentar\u00e1n comunicaciones, finalizando con un tiempo para el debate y el intercambio de ideas.<\/p>\n<p><strong>Jos\u00e9 Manuel Macarro Osuna<\/strong> y <strong>Jos\u00e9 Miguel Mart\u00edn Rodr\u00edguez<\/strong>, profesores de la Universidad Pablo de Olavide, son los directores de un congreso que cuenta con financiaci\u00f3n de la Facultad de Derecho, de la Junta de Andaluc\u00eda a trav\u00e9s del proyecto \u2018Retos actuales de la tributaci\u00f3n Indirecta en Espa\u00f1a y Europa\u2019, as\u00ed como del Ministerio de Ciencia, Innovaci\u00f3n y Universidades por el proyecto \u2018Desaf\u00edos tributarios en el nuevo contexto europeo e internacional: econom\u00eda digital y mercado\u2019.<\/p>\n<p>M\u00e1s informaci\u00f3n: <a href=\"https:\/\/eventos.upo.es\/58379\/\">https:\/\/eventos.upo.es\/58379\/<\/a><\/p>\n","protected":false},"excerpt":{"rendered":"<p>Los desequilibrios presupuestarios ocasionados por la pandemia de COVID-19 suponen un reto a corto y medio plazo. Con el fin de analizar este desaf\u00edo y las propuestas de reformas en fiscalidad que actualmente se plantean tanto en Espa\u00f1a como en Europa, comienza hoy, a las 10 horas y en formato virtual, el Congreso Internacional \u2018Desaf\u00edos fiscales en un mundo post-Covid: valoraci\u00f3n y retos pendientes a nivel interno e Internacional\u2019, organizado por el \u00e1rea de Derecho Financiero y Tributario de la Universidad Pablo de Olavide. La inscripci\u00f3n en el Congreso es gratuita.<\/p>\n","protected":false},"author":6,"featured_media":30863504,"comment_status":"closed","ping_status":"open","sticky":false,"template":"","format":"standard","meta":{"_monsterinsights_skip_tracking":false,"_monsterinsights_sitenote_active":false,"_monsterinsights_sitenote_note":"","_monsterinsights_sitenote_category":0,"footnotes":""},"categories":[2779],"tags":[354,1743,63,2253,4490,925],"class_list":["post-30863502","post","type-post","status-publish","format-standard","has-post-thumbnail","hentry","category-docencia-formacion","tag-congreso","tag-derecho-tributario","tag-economia","tag-fiscalidad","tag-impuestos","tag-internacionalizacion"],"_links":{"self":[{"href":"https:\/\/www.upo.es\/diario\/wp-json\/wp\/v2\/posts\/30863502","targetHints":{"allow":["GET"]}}],"collection":[{"href":"https:\/\/www.upo.es\/diario\/wp-json\/wp\/v2\/posts"}],"about":[{"href":"https:\/\/www.upo.es\/diario\/wp-json\/wp\/v2\/types\/post"}],"author":[{"embeddable":true,"href":"https:\/\/www.upo.es\/diario\/wp-json\/wp\/v2\/users\/6"}],"replies":[{"embeddable":true,"href":"https:\/\/www.upo.es\/diario\/wp-json\/wp\/v2\/comments?post=30863502"}],"version-history":[{"count":3,"href":"https:\/\/www.upo.es\/diario\/wp-json\/wp\/v2\/posts\/30863502\/revisions"}],"predecessor-version":[{"id":30863506,"href":"https:\/\/www.upo.es\/diario\/wp-json\/wp\/v2\/posts\/30863502\/revisions\/30863506"}],"wp:featuredmedia":[{"embeddable":true,"href":"https:\/\/www.upo.es\/diario\/wp-json\/wp\/v2\/media\/30863504"}],"wp:attachment":[{"href":"https:\/\/www.upo.es\/diario\/wp-json\/wp\/v2\/media?parent=30863502"}],"wp:term":[{"taxonomy":"category","embeddable":true,"href":"https:\/\/www.upo.es\/diario\/wp-json\/wp\/v2\/categories?post=30863502"},{"taxonomy":"post_tag","embeddable":true,"href":"https:\/\/www.upo.es\/diario\/wp-json\/wp\/v2\/tags?post=30863502"}],"curies":[{"name":"wp","href":"https:\/\/api.w.org\/{rel}","templated":true}]}}