{"id":30863509,"date":"2020-12-03T11:24:37","date_gmt":"2020-12-03T10:24:37","guid":{"rendered":"https:\/\/www.upo.es\/diario\/?p=30863509"},"modified":"2020-12-09T14:57:27","modified_gmt":"2020-12-09T13:57:27","slug":"la-universidad-pablo-de-olavide-convierte-el-pasaje-de-la-ilustracion-en-un-espacio-cien-por-cien-accesible","status":"publish","type":"post","link":"https:\/\/www.upo.es\/diario\/cultura-social\/2020\/12\/la-universidad-pablo-de-olavide-convierte-el-pasaje-de-la-ilustracion-en-un-espacio-cien-por-cien-accesible\/","title":{"rendered":"La Universidad Pablo de Olavide convierte el Pasaje de la Ilustraci\u00f3n en un espacio cien por cien accesible"},"content":{"rendered":"<figure id=\"attachment_30863510\" aria-describedby=\"caption-attachment-30863510\" style=\"width: 750px\" class=\"wp-caption aligncenter\"><img loading=\"lazy\" decoding=\"async\" class=\"size-large wp-image-30863510\" src=\"https:\/\/www.upo.es\/diario\/wp-content\/uploads\/2020\/12\/Accesibilidad-Campus-750x500.jpg\" alt=\"Imagen del Pasaje de la Ilustraci\u00f3n de la UPO.\" width=\"750\" height=\"500\" srcset=\"https:\/\/www.upo.es\/diario\/wp-content\/uploads\/2020\/12\/Accesibilidad-Campus-750x500.jpg 750w, https:\/\/www.upo.es\/diario\/wp-content\/uploads\/2020\/12\/Accesibilidad-Campus-360x240.jpg 360w, https:\/\/www.upo.es\/diario\/wp-content\/uploads\/2020\/12\/Accesibilidad-Campus-768x512.jpg 768w, https:\/\/www.upo.es\/diario\/wp-content\/uploads\/2020\/12\/Accesibilidad-Campus-600x400.jpg 600w, https:\/\/www.upo.es\/diario\/wp-content\/uploads\/2020\/12\/Accesibilidad-Campus-1536x1024.jpg 1536w, https:\/\/www.upo.es\/diario\/wp-content\/uploads\/2020\/12\/Accesibilidad-Campus-2048x1366.jpg 2048w, https:\/\/www.upo.es\/diario\/wp-content\/uploads\/2020\/12\/Accesibilidad-Campus-165x109.jpg 165w, https:\/\/www.upo.es\/diario\/wp-content\/uploads\/2020\/12\/Accesibilidad-Campus-1320x880.jpg 1320w\" sizes=\"auto, (max-width: 750px) 100vw, 750px\" \/><figcaption id=\"caption-attachment-30863510\" class=\"wp-caption-text\">Imagen del Pasaje de la Ilustraci\u00f3n de la UPO.<\/figcaption><\/figure>\n<p>La Universidad Pablo de Olavide ha culminado los trabajos de infraestructura que convierten al Pasaje de la Ilustraci\u00f3n, itinerario que comunica los edificios del Paraninfo y Rectorado con el edificio \u2018Celestino Mutis\u2019, en un <strong>recorrido cien por cien accesible<\/strong>. La UPO ratifica de esta manera su compromiso por convertir el Campus en un espacio inclusivo al <strong>eliminar barreras arquitect\u00f3nicas<\/strong> que puedan obstaculizar el tr\u00e1nsito de las personas con discapacidad y, garantizando as\u00ed, la <strong>igualdad de oportunidades de todos los miembros de la comunidad universitaria<\/strong>.<\/p>\n<p>Adem\u00e1s de ser un espacio de articulaci\u00f3n f\u00edsica de las infraestructuras de la universidad, pues conecta la mayor\u00eda de los edificios del Campus, el Pasaje de la Ilustraci\u00f3n constituye un espacio vital de comunicaci\u00f3n, encuentro, convivencia e intercambio de ideas, a modo de foro o \u00e1gora de la vida universitaria, tan importante como las aulas o la biblioteca y laboratorios para la formaci\u00f3n, el estudio, el debate y el di\u00e1logo entre universitarias y universitarios accesible para todas y todos los estudiantes.<\/p>\n<p>El proyecto comenz\u00f3 en el a\u00f1o 2018 con la adaptaci\u00f3n de la entrada\/salida del edificio \u2018Celestino Mutis\u2019 como punto de inter\u00e9s principal para la comunidad universitaria, ya que alberga la residencia de estudiantes, servicios externos como sucursal bancaria, reprograf\u00eda, librer\u00eda, sal\u00f3n comedor, entre otros, servicios prestados por la Fundaci\u00f3n de la UPO, as\u00ed como los servicios prestados desde las \u00e1reas de Gesti\u00f3n Administrativa de Asistencia al Estudiante de Grado, Servicios de \u00c1rea de Gesti\u00f3n de Matr\u00edcula y Expediente Acad\u00e9mico de Grado, servicios de la Unidad de Cultura y Participaci\u00f3n Social y servicios de la Unidad de Informaci\u00f3n General y Registro. En ese mismo a\u00f1o se realiz\u00f3 la adaptaci\u00f3n de bajada del Parking 5 hasta el acceso a edificio \u2018Celestino Mutis\u2019, as\u00ed como la entrada al edificio por la Plaza de Andaluc\u00eda.<\/p>\n<figure id=\"attachment_30863511\" aria-describedby=\"caption-attachment-30863511\" style=\"width: 360px\" class=\"wp-caption alignright\"><img loading=\"lazy\" decoding=\"async\" class=\"wp-image-30863511 size-medium\" src=\"https:\/\/www.upo.es\/diario\/wp-content\/uploads\/2020\/12\/Accesibilidad-Campus-2-360x240.jpg\" alt=\"Los pasos peatonales del Campus est\u00e1n siendo se\u00f1alizados con pictogramas.\" width=\"360\" height=\"240\" srcset=\"https:\/\/www.upo.es\/diario\/wp-content\/uploads\/2020\/12\/Accesibilidad-Campus-2-360x240.jpg 360w, https:\/\/www.upo.es\/diario\/wp-content\/uploads\/2020\/12\/Accesibilidad-Campus-2-750x500.jpg 750w, https:\/\/www.upo.es\/diario\/wp-content\/uploads\/2020\/12\/Accesibilidad-Campus-2-768x512.jpg 768w, https:\/\/www.upo.es\/diario\/wp-content\/uploads\/2020\/12\/Accesibilidad-Campus-2-600x400.jpg 600w, https:\/\/www.upo.es\/diario\/wp-content\/uploads\/2020\/12\/Accesibilidad-Campus-2-1536x1024.jpg 1536w, https:\/\/www.upo.es\/diario\/wp-content\/uploads\/2020\/12\/Accesibilidad-Campus-2-2048x1366.jpg 2048w, https:\/\/www.upo.es\/diario\/wp-content\/uploads\/2020\/12\/Accesibilidad-Campus-2-165x109.jpg 165w, https:\/\/www.upo.es\/diario\/wp-content\/uploads\/2020\/12\/Accesibilidad-Campus-2-1320x880.jpg 1320w\" sizes=\"auto, (max-width: 360px) 100vw, 360px\" \/><figcaption id=\"caption-attachment-30863511\" class=\"wp-caption-text\">Los pasos peatonales del Campus est\u00e1n siendo se\u00f1alizados con pictogramas.<\/figcaption><\/figure>\n<p data-wp-editing=\"1\">En el a\u00f1o 2019, se acometi\u00f3 la adaptaci\u00f3n de la escalera en el tramo de los edificios 5-8 y en este a\u00f1o 2020 ha finalizado el proyecto con el tramo correspondiente entre los edificios 1-4 del Pasaje de la Ilustraci\u00f3n.<\/p>\n<p>Por otro lado, y con motivo de la celebraci\u00f3n del <strong>D\u00eda Internacional de las Personas con Discapacidad<\/strong> que se conmemora hoy d\u00eda 3 de diciembre, la UPO va comenzar los trabajos de se\u00f1alizaci\u00f3n de los pasos peatonales del Campus con pictogramas para incrementar la autonom\u00eda y seguridad vial de personas con discapacidad.<\/p>\n<p>Las actuaciones llevadas a cabo se enmarcan en el <strong>II Plan de Accesibilidad e Inclusi\u00f3n de la Diversidad Funcional en el \u00e1mbito de la Universidad Pablo de Olavide<\/strong> (2019\/2022) impulsado por el Servicio de Atenci\u00f3n a la Diversidad Funcional (SDAF), de la Unidad de Cultura y Participaci\u00f3n Social del Vicerrectorado de Cultura y Compromiso Social de la UPO, que nace con el objetivo fundamental de regular las actuaciones dirigidas a las personas con diversidad funcional de la UPO y garantizar la igualdad de oportunidades durante su permanencia en esta instituci\u00f3n, en cumplimiento de la normativa vigente.<\/p>\n<p>Dirigido al personal docente e investigador, al personal de administraci\u00f3n y servicios y estudiantes con diversidad funcional de la UPO, este plan se inspira en el \u2018Movimiento de Vida Independiente\u2019 y potencia, desde esta perspectiva, los valores de formaci\u00f3n integral, autonom\u00eda, empoderamiento y responsabilidad que son los que promueve la Universidad Pablo de Olavide.<\/p>\n<p>&nbsp;<\/p>\n<p><strong><u>M\u00e1s informaci\u00f3n:<\/u><\/strong><\/p>\n<p><a href=\"https:\/\/www.upo.es\/upsc\/diversidad-funcional\/plan-de-accion\/\">II Plan de Accesibilidad e Inclusi\u00f3n de la Diversidad Funcional en el \u00e1mbito de la Universidad Pablo de Olavide (2019\/2020)<\/a><\/p>\n","protected":false},"excerpt":{"rendered":"<p>La Universidad Pablo de Olavide ha culminado los trabajos de infraestructura que convierten al Pasaje de la Ilustraci\u00f3n, itinerario que comunica los edificios del Paraninfo y Rectorado con el edificio \u2018Celestino Mutis\u2019, en un recorrido cien por cien accesible. La UPO ratifica de esta manera su compromiso por convertir el Campus en un espacio inclusivo al eliminar barreras arquitect\u00f3nicas que puedan obstaculizar el tr\u00e1nsito de las personas con discapacidad y, garantizando as\u00ed, la igualdad de oportunidades de todos los miembros de la comunidad universitaria.<\/p>\n","protected":false},"author":2,"featured_media":30863510,"comment_status":"closed","ping_status":"open","sticky":false,"template":"","format":"standard","meta":{"_monsterinsights_skip_tracking":false,"_monsterinsights_sitenote_active":false,"_monsterinsights_sitenote_note":"","_monsterinsights_sitenote_category":0,"footnotes":""},"categories":[5843],"tags":[448,107,2623,1210,2355,517,7116,7114,7117,6213,7115],"class_list":["post-30863509","post","type-post","status-publish","format-standard","has-post-thumbnail","hentry","category-cultura-social","tag-accesibilidad","tag-campus","tag-comunidad-universitaria","tag-discapacidad","tag-diversidad-funcional","tag-igualdad","tag-infraestructura","tag-pasaje-de-la-ilustracion","tag-pictogramas","tag-servicio-de-atencion-a-la-diversidad-funcional","tag-transito"],"_links":{"self":[{"href":"https:\/\/www.upo.es\/diario\/wp-json\/wp\/v2\/posts\/30863509","targetHints":{"allow":["GET"]}}],"collection":[{"href":"https:\/\/www.upo.es\/diario\/wp-json\/wp\/v2\/posts"}],"about":[{"href":"https:\/\/www.upo.es\/diario\/wp-json\/wp\/v2\/types\/post"}],"author":[{"embeddable":true,"href":"https:\/\/www.upo.es\/diario\/wp-json\/wp\/v2\/users\/2"}],"replies":[{"embeddable":true,"href":"https:\/\/www.upo.es\/diario\/wp-json\/wp\/v2\/comments?post=30863509"}],"version-history":[{"count":1,"href":"https:\/\/www.upo.es\/diario\/wp-json\/wp\/v2\/posts\/30863509\/revisions"}],"predecessor-version":[{"id":30863512,"href":"https:\/\/www.upo.es\/diario\/wp-json\/wp\/v2\/posts\/30863509\/revisions\/30863512"}],"wp:featuredmedia":[{"embeddable":true,"href":"https:\/\/www.upo.es\/diario\/wp-json\/wp\/v2\/media\/30863510"}],"wp:attachment":[{"href":"https:\/\/www.upo.es\/diario\/wp-json\/wp\/v2\/media?parent=30863509"}],"wp:term":[{"taxonomy":"category","embeddable":true,"href":"https:\/\/www.upo.es\/diario\/wp-json\/wp\/v2\/categories?post=30863509"},{"taxonomy":"post_tag","embeddable":true,"href":"https:\/\/www.upo.es\/diario\/wp-json\/wp\/v2\/tags?post=30863509"}],"curies":[{"name":"wp","href":"https:\/\/api.w.org\/{rel}","templated":true}]}}