{"id":30863605,"date":"2020-12-11T09:41:14","date_gmt":"2020-12-11T08:41:14","guid":{"rendered":"https:\/\/www.upo.es\/diario\/?p=30863605"},"modified":"2020-12-15T14:06:52","modified_gmt":"2020-12-15T13:06:52","slug":"la-facultad-de-ciencias-experimentales-reconoce-la-labor-de-docentes-y-estudiantado-durante-el-confinamiento","status":"publish","type":"post","link":"https:\/\/www.upo.es\/diario\/comunidad\/2020\/12\/la-facultad-de-ciencias-experimentales-reconoce-la-labor-de-docentes-y-estudiantado-durante-el-confinamiento\/","title":{"rendered":"La Facultad de Ciencias Experimentales reconoce la labor de docentes y estudiantado durante el confinamiento"},"content":{"rendered":"<figure id=\"attachment_30863606\" aria-describedby=\"caption-attachment-30863606\" style=\"width: 750px\" class=\"wp-caption aligncenter\"><img loading=\"lazy\" decoding=\"async\" class=\"size-large wp-image-30863606\" src=\"https:\/\/www.upo.es\/diario\/wp-content\/uploads\/2020\/12\/imagen_FCEXP01-750x500.jpg\" alt=\"\" width=\"750\" height=\"500\" srcset=\"https:\/\/www.upo.es\/diario\/wp-content\/uploads\/2020\/12\/imagen_FCEXP01-750x500.jpg 750w, https:\/\/www.upo.es\/diario\/wp-content\/uploads\/2020\/12\/imagen_FCEXP01-360x240.jpg 360w, https:\/\/www.upo.es\/diario\/wp-content\/uploads\/2020\/12\/imagen_FCEXP01-768x512.jpg 768w, https:\/\/www.upo.es\/diario\/wp-content\/uploads\/2020\/12\/imagen_FCEXP01-600x400.jpg 600w, https:\/\/www.upo.es\/diario\/wp-content\/uploads\/2020\/12\/imagen_FCEXP01-1536x1025.jpg 1536w, https:\/\/www.upo.es\/diario\/wp-content\/uploads\/2020\/12\/imagen_FCEXP01-165x109.jpg 165w, https:\/\/www.upo.es\/diario\/wp-content\/uploads\/2020\/12\/imagen_FCEXP01-1320x880.jpg 1320w, https:\/\/www.upo.es\/diario\/wp-content\/uploads\/2020\/12\/imagen_FCEXP01.jpg 2000w\" sizes=\"auto, (max-width: 750px) 100vw, 750px\" \/><figcaption id=\"caption-attachment-30863606\" class=\"wp-caption-text\">Imagen del complejo Fausto Elhuyar y de Suvisa, compuesto por varios edificios y en el que se concentran los departamentos de la Facultad de Ciencias Experimentales de la UPO.<\/figcaption><\/figure>\n<p>Desde que se decretara el estado de alarma el pasado mes de marzo, todos los miembros de la comunidad universitaria se han adaptado al nuevo escenario que ha generado la pandemia de Covid-19. Momento cr\u00edtico fue, sin duda, el confinamiento, donde, de un d\u00eda para otro, se abandon\u00f3 la formaci\u00f3n tradicional para dar paso al aprendizaje virtual, con los retos que ello conlleva. Fruto de esta situaci\u00f3n extraordinaria, <strong>la Junta de Facultad de Ciencias Experimentales de la Universidad Pablo de Olavide aprob\u00f3 conceder, a propuesta del estudiantado de dicha facultad, menciones de calidad en formaci\u00f3n on-line y de solidaridad durante el estado de alarma para PDI y alumnado<\/strong>.<\/p>\n<p>\u201cLa respuesta de los colectivos de nuestra facultad fue ejemplar, y, por ese motivo, se aprobaron estas menciones con el fin de reconocer su labor\u201d, se\u00f1ala la decana Pilar Ortiz Calder\u00f3n, quien a\u00f1ade que \u201clos primeros meses de esta pandemia, supusieron un reto que lleg\u00f3 de un d\u00eda para otro, docentes con m\u00e1s de 30 a\u00f1os de experiencia, que jam\u00e1s hab\u00edan dado una clase online, se formaron en tiempo r\u00e9cord para poder continuar desde el mismo lunes 17 de marzo la formaci\u00f3n, mientras que el estudiantado tuvo una empat\u00eda excepcional, trabajando codo con codo con profesores para ayudar a sus compa\u00f1eras y compa\u00f1eros\u201d.<\/p>\n<p>La idea de otorgar estos reconocimientos surgi\u00f3 del contacto continuo entre los delegados y delegadas de los distintos grados, cursos y l\u00edneas de la Facultad de Ciencias Experimentales, tanto entre ellos como con sus clases, el profesorado y el Decanato. \u201cEste contacto continuo nos permit\u00eda conocer las dificultades a las que se iba enfrentando tanto el alumnado como el profesorado en cada asignatura, pero tambi\u00e9n nos dio la oportunidad de conocer las soluciones que se le estaban dando a los problemas que surg\u00edan y qui\u00e9n y de qu\u00e9 manera hab\u00eda ayudado a seguir adelante con la docencia online sin que estos obst\u00e1culos supusiesen un desastre\u201d explica Macarena Santos C\u00e1rdenas, delegada de Estudiantes\u00a0 de la Facultad de Ciencias Experimentales de la UPO. \u201cA veces las cosas sal\u00edan bien, otras veces se comet\u00edan fallos, como es l\u00f3gico. Pero en general, desde el alumnado ten\u00edamos la sensaci\u00f3n de que todas las piezas que forman nuestra facultad lo estaban poniendo todo de su parte para salir adelante\u201d, a\u00f1ada esta estudiante.<\/p>\n<p>As\u00ed es como un d\u00eda, hablando del enorme esfuerzo que estaba suponiendo para todos el per\u00edodo de docencia online, surgi\u00f3 de entre los delegados y delegadas la idea de proponer a la Junta de Facultad que se otorgaran menciones especiales para agradecer de alg\u00fan modo todo el esfuerzo y tiempo invertido en hacerlo todo lo m\u00e1s f\u00e1cil y llevadero posible durante el confinamiento. \u201cEsta propuesta tuvo muy buena aceptaci\u00f3n en la Junta de Facultad, donde adem\u00e1s se decidi\u00f3 que fu\u00e9semos los alumnos los encargados de proponer al alumnado y profesorado candidatos a recibir dichas menciones\u201d, explica Macarena Santos.<\/p>\n<p><strong>Profesorado y estudiantado reconocido<\/strong><\/p>\n<p>La Facultad de Ciencias Experimentales realiza de esta manera cuatro menciones al profesorado, una por cada l\u00ednea del Grado en Ciencias Ambientales, una por Grado en Biotecnolog\u00eda y otra por Grado en Nutrici\u00f3n Humana y Diet\u00e9tica; y seis menciones al alumnado, una por cada l\u00ednea de Grado en Ciencias Ambientales, una por Grado en Biotecnolog\u00eda, otra por Grado en Nutrici\u00f3n Humana y Diet\u00e9tica y una por cada Doble Grado:<\/p>\n<ul>\n<li>Grado en Biotecnolog\u00eda:\n<ul>\n<li>Alumnado: Marieta G\u00f3mez Matos, en representaci\u00f3n de toda la delegaci\u00f3n de alumnos del grado de Biotecnolog\u00eda.<\/li>\n<li>Profesorado: Juan Carlos Rodr\u00edguez Aguilera.<\/li>\n<\/ul>\n<\/li>\n<\/ul>\n<p>&nbsp;<\/p>\n<ul>\n<li>Grado en Nutrici\u00f3n Humana y Diet\u00e9tica:\n<ul>\n<li>Alumnado: Mar\u00eda Dolores Blanco Espino.<\/li>\n<li>Profesorado: Mar\u00eda del Rosario Rodr\u00edguez Gri\u00f1olo.<\/li>\n<\/ul>\n<\/li>\n<\/ul>\n<p>&nbsp;<\/p>\n<ul>\n<li>Grado en Ciencias Ambientales l\u00ednea 1:\n<ul>\n<li>Alumnado: Carmen L\u00f3pez Fern\u00e1ndez.<\/li>\n<li>Profesorado: Inmaculada Exp\u00f3sito Ramos, en representaci\u00f3n del profesorado de la asignatura de Geolog\u00eda.<\/li>\n<\/ul>\n<\/li>\n<\/ul>\n<p>&nbsp;<\/p>\n<ul>\n<li>Grado en Ciencias Ambientales l\u00ednea 2:\n<ul>\n<li>Alumnado: Marta Garc\u00eda Molinas.<\/li>\n<li>Profesorado: Antonio Rosal Raya, en representaci\u00f3n del profesorado de la asignatura de Ingenier\u00eda Ambiental.<\/li>\n<\/ul>\n<\/li>\n<\/ul>\n<p>&nbsp;<\/p>\n<ul>\n<li>Doble Grado en Ciencias Ambientales e Ingenier\u00eda Agr\u00edcola:\n<ul>\n<li>Alumnado: Paula G\u00f3mez Mart\u00ednez.<\/li>\n<\/ul>\n<\/li>\n<\/ul>\n<p>&nbsp;<\/p>\n<ul>\n<li>Doble Grado en Ciencias Ambientales y Geograf\u00eda e Historia:\n<ul>\n<li>Alumnado: Macarena Santos C\u00e1rdenas.<\/li>\n<\/ul>\n<\/li>\n<\/ul>\n<p>&nbsp;<\/p>\n<p>\u201cTodos los candidatos y candidatas que finalmente van a recibir estas menciones al m\u00e9rito son personas que han trabajado d\u00eda a d\u00eda y de forma muy intensa para que los diferentes grados y cursos de nuestra facultad pudiesen terminar el semestre con \u00e9xito\u201d, afirma Macarena Santos, quien a\u00f1ade que \u201ca todos ellos, y a muchos otros que se nos han quedado en el tintero, queremos darles las gracias de coraz\u00f3n por su enorme esfuerzo y dedicaci\u00f3n, por dar el m\u00e1ximo de s\u00ed mismos, y por atender las necesidades de nuestra facultad en tiempos tan dif\u00edciles. Y gracias por ense\u00f1arnos que, para que una comunidad como la nuestra salga adelante, la abnegaci\u00f3n, la colaboraci\u00f3n y la solidaridad son tan importantes como lo que aprendemos en clase\u201d.<\/p>\n","protected":false},"excerpt":{"rendered":"<p>Desde que se decretara el estado de alarma el pasado mes de marzo, todos los miembros de la comunidad universitaria se han adaptado al nuevo escenario que ha generado la pandemia de Covid-19. Momento cr\u00edtico fue, sin duda, el confinamiento, donde, de un d\u00eda para otro, se abandon\u00f3 la formaci\u00f3n tradicional para dar paso al aprendizaje virtual, con los retos que ello conlleva. Fruto de esta situaci\u00f3n extraordinaria, la Junta de Facultad de Ciencias Experimentales de la Universidad Pablo de Olavide aprob\u00f3 conceder, a propuesta del estudiantado de dicha facultad, menciones de calidad en formaci\u00f3n on-line y de solidaridad durante el estado de alarma para PDI y alumnado.<\/p>\n","protected":false},"author":2,"featured_media":30863606,"comment_status":"closed","ping_status":"open","sticky":false,"template":"","format":"standard","meta":{"_monsterinsights_skip_tracking":false,"_monsterinsights_sitenote_active":false,"_monsterinsights_sitenote_note":"","_monsterinsights_sitenote_category":0,"footnotes":""},"categories":[5842],"tags":[740,6632,6592,5407,7134,21,122,3269,7133,58,684],"class_list":["post-30863605","post","type-post","status-publish","format-standard","has-post-thumbnail","hentry","category-comunidad","tag-calidad","tag-confinamiento","tag-covid19","tag-docencia-online","tag-estado-de-alarma","tag-estudiantes","tag-facultad-ciencias-experimentales","tag-mencion","tag-personal-docente","tag-premio","tag-reconocimiento"],"_links":{"self":[{"href":"https:\/\/www.upo.es\/diario\/wp-json\/wp\/v2\/posts\/30863605","targetHints":{"allow":["GET"]}}],"collection":[{"href":"https:\/\/www.upo.es\/diario\/wp-json\/wp\/v2\/posts"}],"about":[{"href":"https:\/\/www.upo.es\/diario\/wp-json\/wp\/v2\/types\/post"}],"author":[{"embeddable":true,"href":"https:\/\/www.upo.es\/diario\/wp-json\/wp\/v2\/users\/2"}],"replies":[{"embeddable":true,"href":"https:\/\/www.upo.es\/diario\/wp-json\/wp\/v2\/comments?post=30863605"}],"version-history":[{"count":9,"href":"https:\/\/www.upo.es\/diario\/wp-json\/wp\/v2\/posts\/30863605\/revisions"}],"predecessor-version":[{"id":30863615,"href":"https:\/\/www.upo.es\/diario\/wp-json\/wp\/v2\/posts\/30863605\/revisions\/30863615"}],"wp:featuredmedia":[{"embeddable":true,"href":"https:\/\/www.upo.es\/diario\/wp-json\/wp\/v2\/media\/30863606"}],"wp:attachment":[{"href":"https:\/\/www.upo.es\/diario\/wp-json\/wp\/v2\/media?parent=30863605"}],"wp:term":[{"taxonomy":"category","embeddable":true,"href":"https:\/\/www.upo.es\/diario\/wp-json\/wp\/v2\/categories?post=30863605"},{"taxonomy":"post_tag","embeddable":true,"href":"https:\/\/www.upo.es\/diario\/wp-json\/wp\/v2\/tags?post=30863605"}],"curies":[{"name":"wp","href":"https:\/\/api.w.org\/{rel}","templated":true}]}}