{"id":30863637,"date":"2020-12-14T14:44:58","date_gmt":"2020-12-14T13:44:58","guid":{"rendered":"https:\/\/www.upo.es\/diario\/?p=30863637"},"modified":"2020-12-15T14:06:40","modified_gmt":"2020-12-15T13:06:40","slug":"la-upo-registra-tres-casos-positivos-covid-19-durante-la-ultima-semana","status":"publish","type":"post","link":"https:\/\/www.upo.es\/diario\/comunidad\/2020\/12\/la-upo-registra-tres-casos-positivos-covid-19-durante-la-ultima-semana\/","title":{"rendered":"La UPO registra tres casos positivos COVID-19 durante la \u00faltima semana"},"content":{"rendered":"<p><img loading=\"lazy\" decoding=\"async\" class=\"alignright size-medium wp-image-30859963\" src=\"https:\/\/www.upo.es\/diario\/wp-content\/uploads\/2020\/03\/corona-4901880_1920-360x203.jpg\" alt=\"ilustraci\u00f3n covid-19\" width=\"360\" height=\"203\" srcset=\"https:\/\/www.upo.es\/diario\/wp-content\/uploads\/2020\/03\/corona-4901880_1920-360x203.jpg 360w, https:\/\/www.upo.es\/diario\/wp-content\/uploads\/2020\/03\/corona-4901880_1920-750x422.jpg 750w, https:\/\/www.upo.es\/diario\/wp-content\/uploads\/2020\/03\/corona-4901880_1920-768x432.jpg 768w, https:\/\/www.upo.es\/diario\/wp-content\/uploads\/2020\/03\/corona-4901880_1920-600x338.jpg 600w, https:\/\/www.upo.es\/diario\/wp-content\/uploads\/2020\/03\/corona-4901880_1920-1536x864.jpg 1536w, https:\/\/www.upo.es\/diario\/wp-content\/uploads\/2020\/03\/corona-4901880_1920-1320x743.jpg 1320w, https:\/\/www.upo.es\/diario\/wp-content\/uploads\/2020\/03\/corona-4901880_1920.jpg 1920w\" sizes=\"auto, (max-width: 360px) 100vw, 360px\" \/>La Universidad Pablo de Olavide ha contabilizado entre los d\u00edas 7 y 13 de diciembre <strong>tres casos positivos COVID-19<\/strong>, seg\u00fan constata el \u00c1rea de Salud y Prevenci\u00f3n de la instituci\u00f3n, que recibe las notificaciones por parte de las personas afectadas y se encarga de activar todos los protocolos necesarios de rastreo y prevenci\u00f3n para evitar la propagaci\u00f3n del virus en el campus. Estos tres positivos se han registrado entre el sector estudiantes.<\/p>\n<p>Por otro lado, durante esta \u00faltima semana, se han comunicado <strong>dos casos de sospecha <\/strong>que se encuentran pendiente de prueba PCR y que corresponden tambi\u00e9n al alumnado.<\/p>\n<p>Durante la anterior semana, del 30 de noviembre al 6 de diciembre, se notificaron dos casos positivos de estudiantes y no se recibi\u00f3 comunicaci\u00f3n sobre sospecha de contagio.<\/p>\n<p>El total de casos positivos notificados desde el comienzo de las clases, el pasado 21 de septiembre, asciende a 95, de los cuales 8 corresponden al PAS, 10 al PDI y 77 al alumnado.<\/p>\n<p><strong>Seguimiento de los casos COVID-19 desde el \u00c1rea de Salud y Prevenci\u00f3n<\/strong><\/p>\n<p>La Universidad Pablo de Olavide, a fin de facilitar una mejor gesti\u00f3n de la seguridad y salud de la comunidad universitaria y de conformidad con su plan de contingencia frente a la Covid-19, contempla un protocolo de actuaci\u00f3n en caso de sospecha o de confirmaci\u00f3n de infecci\u00f3n para los miembros de la comunidad universitaria. El plan de actuaci\u00f3n establece que, una vez seguidas las recomendaciones y efectuadas las comunicaciones prescritas por la autoridad sanitaria,\u00a0las personas afectadas (por sospecha o confirmaci\u00f3n)\u00a0<strong>deben comunicar su circunstancia<\/strong>\u00a0<strong>al\u00a0\u00c1rea de Salud y Prevenci\u00f3n de la Universidad<\/strong>, que se encargar\u00e1 de adoptar las medidas oportunas, con objeto de salvaguardar, adem\u00e1s de su propia salud, la de otros miembros de la comunidad universitaria y su entorno.<\/p>\n<p>El \u00c1rea de Salud y Prevenci\u00f3n trabaja sobre cada caso de contagio confirmado de manera personalizada y coordina con los responsables COVID de los siete centros que conforman la UPO, as\u00ed como con los responsables de CEDEP y del \u00c1rea de Formaci\u00f3n Permanente, la activaci\u00f3n de los protocolos de rastreo, prevenci\u00f3n y seguimiento hasta que se produce la recuperaci\u00f3n de la persona afectada. Asimismo, y entre otras cuestiones relacionadas con la COVID-19, el \u00c1rea de Salud y Prevenci\u00f3n tambi\u00e9n se encarga de atender dudas y consultas de diversa \u00edndole sobre la nueva situaci\u00f3n generada por el virus.<\/p>\n<p>La\u00a0 notificaci\u00f3n de contagio o sospecha de contagio por parte de los miembros de la comunidad universitaria se realiza a trav\u00e9s del formulario:\u00a0<a href=\"https:\/\/www.upo.es\/formularios\/comunicacion-covid19\/index.html\">https:\/\/www.upo.es\/formularios\/comunicacion-covid19\/index.html<\/a>.<\/p>\n<p>Informaci\u00f3n sobre el Protocolo Plan de contingencia-Covid-19 de la Universidad Pablo de Olavide:\u00a0<a href=\"https:\/\/www.upo.es\/upo_opencms\/export\/sites\/upo\/Temas\/Upo\/00_Contenidos\/Covid19\/plan-contingencia-Covid-19-UPO.pdf\">https:\/\/www.upo.es\/upo_opencms\/export\/sites\/upo\/Temas\/Upo\/00_Contenidos\/Covid19\/plan-contingencia-Covid-19-UPO.pdf<\/a><\/p>\n<p>&nbsp;<\/p>\n<p>&nbsp;<\/p>\n","protected":false},"excerpt":{"rendered":"<p>La Universidad Pablo de Olavide ha contabilizado entre los d\u00edas 7 y 13 de diciembre tres casos positivos COVID-19, seg\u00fan constata el \u00c1rea de Salud y Prevenci\u00f3n de la instituci\u00f3n, que recibe las notificaciones por parte de las personas afectadas y se encarga de activar todos los protocolos necesarios de rastreo y prevenci\u00f3n para evitar la propagaci\u00f3n del virus en el campus. Estos tres positivos se han registrado entre el sector estudiantes.<\/p>\n","protected":false},"author":15,"featured_media":30859963,"comment_status":"closed","ping_status":"open","sticky":false,"template":"","format":"standard","meta":{"_monsterinsights_skip_tracking":false,"_monsterinsights_sitenote_active":false,"_monsterinsights_sitenote_note":"","_monsterinsights_sitenote_category":0,"footnotes":""},"categories":[5842],"tags":[5484,7035,7077,7137,7138,7017,6870,7037,7136],"class_list":["post-30863637","post","type-post","status-publish","format-standard","has-post-thumbnail","hentry","category-comunidad","tag-area-de-salud-y-prevencion","tag-casos","tag-casos-covid-19","tag-diciembre","tag-notificaciones","tag-positivos","tag-registro","tag-sospecha","tag-tres"],"_links":{"self":[{"href":"https:\/\/www.upo.es\/diario\/wp-json\/wp\/v2\/posts\/30863637","targetHints":{"allow":["GET"]}}],"collection":[{"href":"https:\/\/www.upo.es\/diario\/wp-json\/wp\/v2\/posts"}],"about":[{"href":"https:\/\/www.upo.es\/diario\/wp-json\/wp\/v2\/types\/post"}],"author":[{"embeddable":true,"href":"https:\/\/www.upo.es\/diario\/wp-json\/wp\/v2\/users\/15"}],"replies":[{"embeddable":true,"href":"https:\/\/www.upo.es\/diario\/wp-json\/wp\/v2\/comments?post=30863637"}],"version-history":[{"count":1,"href":"https:\/\/www.upo.es\/diario\/wp-json\/wp\/v2\/posts\/30863637\/revisions"}],"predecessor-version":[{"id":30863638,"href":"https:\/\/www.upo.es\/diario\/wp-json\/wp\/v2\/posts\/30863637\/revisions\/30863638"}],"wp:featuredmedia":[{"embeddable":true,"href":"https:\/\/www.upo.es\/diario\/wp-json\/wp\/v2\/media\/30859963"}],"wp:attachment":[{"href":"https:\/\/www.upo.es\/diario\/wp-json\/wp\/v2\/media?parent=30863637"}],"wp:term":[{"taxonomy":"category","embeddable":true,"href":"https:\/\/www.upo.es\/diario\/wp-json\/wp\/v2\/categories?post=30863637"},{"taxonomy":"post_tag","embeddable":true,"href":"https:\/\/www.upo.es\/diario\/wp-json\/wp\/v2\/tags?post=30863637"}],"curies":[{"name":"wp","href":"https:\/\/api.w.org\/{rel}","templated":true}]}}