{"id":30863668,"date":"2020-12-16T11:27:16","date_gmt":"2020-12-16T10:27:16","guid":{"rendered":"https:\/\/www.upo.es\/diario\/?p=30863668"},"modified":"2021-03-05T13:17:52","modified_gmt":"2021-03-05T12:17:52","slug":"encuentro-con-alicia-gil-en-el-ciclo-mujeres-como-transmisoras-del-flamenco","status":"publish","type":"post","link":"https:\/\/www.upo.es\/diario\/video\/2020\/12\/encuentro-con-alicia-gil-en-el-ciclo-mujeres-como-transmisoras-del-flamenco\/","title":{"rendered":"Encuentro con Alicia Gil en el ciclo &#8216;Mujeres como transmisoras del flamenco&#8217;"},"content":{"rendered":"<p><iframe loading=\"lazy\" src=\"https:\/\/www.youtube.com\/embed\/KedWC9o0BrI\" width=\"720\" height=\"405\" frameborder=\"0\" allowfullscreen=\"allowfullscreen\"><span data-mce-type=\"bookmark\" style=\"display: inline-block; width: 0px; overflow: hidden; line-height: 0;\" class=\"mce_SELRES_start\">\ufeff<\/span><span data-mce-type=\"bookmark\" style=\"display: inline-block; width: 0px; overflow: hidden; line-height: 0;\" class=\"mce_SELRES_start\">\ufeff<\/span><\/iframe><\/p>\n<p>La <strong>Asociaci\u00f3n Cultural Flamenca &#8216;Sentir Flamenco&#8217;<\/strong>, con la financiaci\u00f3n del Instituto Andaluz del Flamenco y el apoyo del Vicerrectorado de Cultura y Pol\u00edticas Sociales de la Universidad Pablo de Olavide, ha programado para el <strong>jueves 17 de diciembre, a las 18 horas<\/strong>, una nueva sesi\u00f3n del <strong>ciclo &#8216;Las mujeres como transmisoras del flamenco&#8217;<\/strong> con la intervenci\u00f3n de <strong>Alicia Gil<\/strong>. Lito Espinosa la acompa\u00f1ar\u00e1 a la guitarra.<\/p>\n","protected":false},"excerpt":{"rendered":"<p>La Asociaci\u00f3n Cultural Flamenca &#8216;Sentir Flamenco&#8217;, con la financiaci\u00f3n del Instituto Andaluz del Flamenco y el apoyo del Vicerrectorado de Cultura y Pol\u00edticas Sociales de la Universidad Pablo de Olavide, ha programado para el jueves 17 de diciembre, a las 18 horas, una nueva sesi\u00f3n del ciclo &#8216;Las mujeres como transmisoras del flamenco&#8217; con la intervenci\u00f3n de Alicia Gil.<\/p>\n","protected":false},"author":6,"featured_media":30863669,"comment_status":"closed","ping_status":"open","sticky":false,"template":"","format":"video","meta":{"_monsterinsights_skip_tracking":false,"_monsterinsights_sitenote_active":false,"_monsterinsights_sitenote_note":"","_monsterinsights_sitenote_category":0,"footnotes":""},"categories":[6038],"tags":[5875,93,3746],"class_list":["post-30863668","post","type-post","status-publish","format-video","has-post-thumbnail","hentry","category-video","tag-asociacion-cultural-flamenca-sentir-flamenco","tag-flamenco","tag-servicio-de-extension-cultural","post_format-post-format-video"],"_links":{"self":[{"href":"https:\/\/www.upo.es\/diario\/wp-json\/wp\/v2\/posts\/30863668","targetHints":{"allow":["GET"]}}],"collection":[{"href":"https:\/\/www.upo.es\/diario\/wp-json\/wp\/v2\/posts"}],"about":[{"href":"https:\/\/www.upo.es\/diario\/wp-json\/wp\/v2\/types\/post"}],"author":[{"embeddable":true,"href":"https:\/\/www.upo.es\/diario\/wp-json\/wp\/v2\/users\/6"}],"replies":[{"embeddable":true,"href":"https:\/\/www.upo.es\/diario\/wp-json\/wp\/v2\/comments?post=30863668"}],"version-history":[{"count":4,"href":"https:\/\/www.upo.es\/diario\/wp-json\/wp\/v2\/posts\/30863668\/revisions"}],"predecessor-version":[{"id":30863673,"href":"https:\/\/www.upo.es\/diario\/wp-json\/wp\/v2\/posts\/30863668\/revisions\/30863673"}],"wp:featuredmedia":[{"embeddable":true,"href":"https:\/\/www.upo.es\/diario\/wp-json\/wp\/v2\/media\/30863669"}],"wp:attachment":[{"href":"https:\/\/www.upo.es\/diario\/wp-json\/wp\/v2\/media?parent=30863668"}],"wp:term":[{"taxonomy":"category","embeddable":true,"href":"https:\/\/www.upo.es\/diario\/wp-json\/wp\/v2\/categories?post=30863668"},{"taxonomy":"post_tag","embeddable":true,"href":"https:\/\/www.upo.es\/diario\/wp-json\/wp\/v2\/tags?post=30863668"}],"curies":[{"name":"wp","href":"https:\/\/api.w.org\/{rel}","templated":true}]}}