{"id":30863687,"date":"2020-12-21T10:56:52","date_gmt":"2020-12-21T09:56:52","guid":{"rendered":"https:\/\/www.upo.es\/diario\/?p=30863687"},"modified":"2020-12-21T13:45:43","modified_gmt":"2020-12-21T12:45:43","slug":"descienden-a-dos-los-casos-positivos-covid-19-en-la-upo-durante-la-ultima-semana","status":"publish","type":"post","link":"https:\/\/www.upo.es\/diario\/comunidad\/2020\/12\/descienden-a-dos-los-casos-positivos-covid-19-en-la-upo-durante-la-ultima-semana\/","title":{"rendered":"Descienden a dos los casos positivos COVID-19 en la UPO durante la \u00faltima semana"},"content":{"rendered":"<p><img loading=\"lazy\" decoding=\"async\" class=\"alignright size-medium wp-image-30863688\" src=\"https:\/\/www.upo.es\/diario\/wp-content\/uploads\/2020\/12\/covid-4948866_1920-360x241.jpg\" alt=\"\" width=\"360\" height=\"241\" srcset=\"https:\/\/www.upo.es\/diario\/wp-content\/uploads\/2020\/12\/covid-4948866_1920-360x241.jpg 360w, https:\/\/www.upo.es\/diario\/wp-content\/uploads\/2020\/12\/covid-4948866_1920-750x502.jpg 750w, https:\/\/www.upo.es\/diario\/wp-content\/uploads\/2020\/12\/covid-4948866_1920-768x514.jpg 768w, https:\/\/www.upo.es\/diario\/wp-content\/uploads\/2020\/12\/covid-4948866_1920-600x401.jpg 600w, https:\/\/www.upo.es\/diario\/wp-content\/uploads\/2020\/12\/covid-4948866_1920-1536x1027.jpg 1536w, https:\/\/www.upo.es\/diario\/wp-content\/uploads\/2020\/12\/covid-4948866_1920-165x109.jpg 165w, https:\/\/www.upo.es\/diario\/wp-content\/uploads\/2020\/12\/covid-4948866_1920-1320x883.jpg 1320w, https:\/\/www.upo.es\/diario\/wp-content\/uploads\/2020\/12\/covid-4948866_1920.jpg 1920w\" sizes=\"auto, (max-width: 360px) 100vw, 360px\" \/>La Universidad Pablo de Olavide ha contabilizado entre los d\u00edas 14 y 20 de diciembre <strong>dos casos positivos COVID-19<\/strong>, seg\u00fan constata el \u00c1rea de Salud y Prevenci\u00f3n de la instituci\u00f3n, que recibe las notificaciones por parte de las personas afectadas y se encarga de activar todos los protocolos necesarios de rastreo y prevenci\u00f3n para evitar la propagaci\u00f3n del virus en el campus. De los dos positivos registrados, uno pertenece al sector estudiantes y otro al sector PDI.<\/p>\n<p>En cuanto a casos de sospecha, no se ha comunicado ninguno durante este periodo.<\/p>\n<p>El total de casos positivos notificados desde el comienzo de las clases, el pasado 21 de septiembre, asciende a 97, de los cuales 8 corresponden al PAS, 11 al PDI y 78 al alumnado.<\/p>\n<p><strong>Seguimiento de los casos COVID-19 desde el \u00c1rea de Salud y Prevenci\u00f3n<\/strong><\/p>\n<p>La Universidad Pablo de Olavide, a fin de facilitar una mejor gesti\u00f3n de la seguridad y salud de la comunidad universitaria y de conformidad con su plan de contingencia frente a la Covid-19, contempla un protocolo de actuaci\u00f3n en caso de sospecha o de confirmaci\u00f3n de infecci\u00f3n para los miembros de la comunidad universitaria. El plan de actuaci\u00f3n establece que, una vez seguidas las recomendaciones y efectuadas las comunicaciones prescritas por la autoridad sanitaria,\u00a0las personas afectadas (por sospecha o confirmaci\u00f3n)\u00a0<strong>deben comunicar su circunstancia<\/strong>\u00a0al\u00a0<strong>\u00c1rea de Salud y Prevenci\u00f3n de la Universidad<\/strong>, que se encargar\u00e1 de adoptar las medidas oportunas, con objeto de salvaguardar, adem\u00e1s de su propia salud, la de otros miembros de la comunidad universitaria y su entorno.<\/p>\n<p>La\u00a0 notificaci\u00f3n de contagio o sospecha de contagio por parte de los miembros de la comunidad universitaria se realiza a trav\u00e9s del formulario:\u00a0<a href=\"https:\/\/www.upo.es\/formularios\/comunicacion-covid19\/index.html\">https:\/\/www.upo.es\/formularios\/comunicacion-covid19\/index.html<\/a>.<\/p>\n<p>Informaci\u00f3n sobre el Protocolo Plan de contingencia-Covid-19 de la Universidad Pablo de Olavide:\u00a0<a href=\"https:\/\/www.upo.es\/upo_opencms\/export\/sites\/upo\/Temas\/Upo\/00_Contenidos\/Covid19\/plan-contingencia-Covid-19-UPO.pdf\">https:\/\/www.upo.es\/upo_opencms\/export\/sites\/upo\/Temas\/Upo\/00_Contenidos\/Covid19\/plan-contingencia-Covid-19-UPO.pdf<\/a><\/p>\n","protected":false},"excerpt":{"rendered":"<p>La Universidad Pablo de Olavide ha contabilizado entre los d\u00edas 14 y 20 de diciembre dos casos positivos COVID-19, seg\u00fan constata el \u00c1rea de Salud y Prevenci\u00f3n de la instituci\u00f3n, que recibe las notificaciones por parte de las personas afectadas y se encarga de activar todos los protocolos necesarios de rastreo y prevenci\u00f3n para evitar la propagaci\u00f3n del virus en el campus. De los dos positivos registrados, uno pertenece al sector estudiantes y otro al sector PDI.<\/p>\n","protected":false},"author":15,"featured_media":30863688,"comment_status":"closed","ping_status":"open","sticky":false,"template":"","format":"standard","meta":{"_monsterinsights_skip_tracking":false,"_monsterinsights_sitenote_active":false,"_monsterinsights_sitenote_note":"","_monsterinsights_sitenote_category":0,"footnotes":""},"categories":[5842],"tags":[5484,7077,7137,7154,7017,6870],"class_list":["post-30863687","post","type-post","status-publish","format-standard","has-post-thumbnail","hentry","category-comunidad","tag-area-de-salud-y-prevencion","tag-casos-covid-19","tag-diciembre","tag-dos","tag-positivos","tag-registro"],"_links":{"self":[{"href":"https:\/\/www.upo.es\/diario\/wp-json\/wp\/v2\/posts\/30863687","targetHints":{"allow":["GET"]}}],"collection":[{"href":"https:\/\/www.upo.es\/diario\/wp-json\/wp\/v2\/posts"}],"about":[{"href":"https:\/\/www.upo.es\/diario\/wp-json\/wp\/v2\/types\/post"}],"author":[{"embeddable":true,"href":"https:\/\/www.upo.es\/diario\/wp-json\/wp\/v2\/users\/15"}],"replies":[{"embeddable":true,"href":"https:\/\/www.upo.es\/diario\/wp-json\/wp\/v2\/comments?post=30863687"}],"version-history":[{"count":1,"href":"https:\/\/www.upo.es\/diario\/wp-json\/wp\/v2\/posts\/30863687\/revisions"}],"predecessor-version":[{"id":30863689,"href":"https:\/\/www.upo.es\/diario\/wp-json\/wp\/v2\/posts\/30863687\/revisions\/30863689"}],"wp:featuredmedia":[{"embeddable":true,"href":"https:\/\/www.upo.es\/diario\/wp-json\/wp\/v2\/media\/30863688"}],"wp:attachment":[{"href":"https:\/\/www.upo.es\/diario\/wp-json\/wp\/v2\/media?parent=30863687"}],"wp:term":[{"taxonomy":"category","embeddable":true,"href":"https:\/\/www.upo.es\/diario\/wp-json\/wp\/v2\/categories?post=30863687"},{"taxonomy":"post_tag","embeddable":true,"href":"https:\/\/www.upo.es\/diario\/wp-json\/wp\/v2\/tags?post=30863687"}],"curies":[{"name":"wp","href":"https:\/\/api.w.org\/{rel}","templated":true}]}}