{"id":30863719,"date":"2020-12-23T10:28:10","date_gmt":"2020-12-23T09:28:10","guid":{"rendered":"https:\/\/www.upo.es\/diario\/?p=30863719"},"modified":"2020-12-23T13:13:58","modified_gmt":"2020-12-23T12:13:58","slug":"el-consejo-de-gobierno-de-la-universidad-pablo-de-olavide-celebra-su-sesion-constitutiva","status":"publish","type":"post","link":"https:\/\/www.upo.es\/diario\/institucional\/2020\/12\/el-consejo-de-gobierno-de-la-universidad-pablo-de-olavide-celebra-su-sesion-constitutiva\/","title":{"rendered":"El Consejo de Gobierno de la Universidad Pablo de Olavide celebra su sesi\u00f3n constitutiva"},"content":{"rendered":"<p><img loading=\"lazy\" decoding=\"async\" class=\"alignright size-medium wp-image-6359582\" src=\"https:\/\/www.upo.es\/diario\/wp-content\/uploads\/2014\/10\/pz-america-banderas01-320x207.jpg\" alt=\"Plaza de Am\u00e9rica. Vista de las banderas con el rectorado al fondo\" width=\"320\" height=\"207\" srcset=\"https:\/\/www.upo.es\/diario\/wp-content\/uploads\/2014\/10\/pz-america-banderas01-320x207.jpg 320w, https:\/\/www.upo.es\/diario\/wp-content\/uploads\/2014\/10\/pz-america-banderas01-600x389.jpg 600w\" sizes=\"auto, (max-width: 320px) 100vw, 320px\" \/>El Consejo de Gobierno de la Universidad Pablo de Olavide ha celebrado este martes, de manera virtual, su <strong>sesi\u00f3n constitutiva, presidida por el rector Francisco Oliva Bl\u00e1zquez.<\/strong><\/p>\n<p>Este \u00f3rgano tiene como miembros natos, adem\u00e1s de la <strong>gerencia, al rector de la instituci\u00f3n y a la secretaria general<\/strong>, Mar\u00eda Holgado Gonz\u00e1lez.<\/p>\n<p>Son <strong>miembros vicerrectores<\/strong> del nuevo Consejo de Gobierno Jos\u00e9 Antonio S\u00e1nchez Medina,\u00a0 vicerrector de Estrategia y Planificaci\u00f3n Acad\u00e9mica;\u00a0 Laura L\u00f3pez de la Cruz, vicerrectora de Relaciones Institucionales y Fundaciones; Antonia Jim\u00e9nez Rodr\u00edguez, vicerrectora de Investigaci\u00f3n, Transferencia y Doctorado; David Naranjo Gil, vicerrector de Internacionalizaci\u00f3n; Estefan\u00eda Rodr\u00edguez Santos, vicerrectora de Profesorado; Ra\u00fal Gir\u00e1ldez Rojo, vicerrector de Transformaci\u00f3n Digital y Calidad; Antonio Fern\u00e1ndez Mart\u00ednez, vicerrector de Campus Saludable y Deporte; David Cobos Sanchiz, vicerrector de Cultura y Pol\u00edticas Sociales; y Mari\u00e1n Mor\u00f3n Mart\u00edn, vicerrectora de Estudiantes.<\/p>\n<p>En <strong>representaci\u00f3n de la comunidad universitaria<\/strong>, son miembros, por el sector A de profesores doctores con vinculaci\u00f3n permanente, \u00c1ngel Tenorio Villal\u00f3n, Carmen Cabello Medina, C\u00e9sar Hornero M\u00e9ndez, Amapola Povedano D\u00edaz, Jos\u00e9 Antonio Gonz\u00e1lez Jurado, Miguel \u00c1ngel Hinojosa Ramos, Guillermo Repetto Kuhn y Alicia L\u00f3pez M\u00e1rquez. Por el sector B de los dem\u00e1s miembros del personal docente e investigador, Juan Manuel Garc\u00eda Gonz\u00e1lez. Por el sector C de Estudiantes, Alba L\u00f3pez Valera, Francisco Jes\u00fas M\u00e1rquez Astacio, Jos\u00e9 Miguel Su\u00e1rez Rodr\u00edguez y Luz Mart\u00ednez Osorio (delegada general de Estudiantes). Por el sector D, del personal de administraci\u00f3n y servicios, Carmen Torrecillas Moya, y Braulio Flores Mor\u00f3n.<\/p>\n<p>Los <strong>decanos de centros<\/strong> miembros del nuevo Consejo de Gobierno son Jes\u00fas Cambra Fierro, de la Facultad de Ciencias Empresariales; Javier G\u00e1lvez Gonz\u00e1lez, de la Facultad de Ciencias del Deporte; Norberto D\u00edaz D\u00edaz, director de la Escuela Polit\u00e9cnica Superior; y Mar\u00eda Serrano Fern\u00e1ndez, de la Facultad de Derecho.<\/p>\n<p>Los <strong>directores de departamentos<\/strong> que han asistido a esta sesi\u00f3n constitutiva son Juan Camacho Crist\u00f3bal, del Departamento de Fisiolog\u00eda, Anatom\u00eda y Biolog\u00eda Celular; Mar\u00eda Crego G\u00f3mez, del Departamento de Filolog\u00eda y Traducci\u00f3n; Flor Guerrero Casas, del Departamento de Econom\u00eda, M\u00e9todos Cuantitativos e Historia Econ\u00f3mica; Antonia Mar\u00eda Ruiz Jim\u00e9nez, del Departamento de Sociolog\u00eda; y Luis Miguel Arroyo Yanes, del Departamento de Derecho P\u00fablico.<\/p>\n<p>Asimismo, han asistido como miembros <strong>invitados<\/strong> al Consejo de Gobierno, Roc\u00edo Reinoso Cuevas, presidenta del Consejo Social de la UPO; Antonio Gallardo Correa, delegado del rector para el Campus Sostenible; Jos\u00e9 Luis Barbero Navarro, delegado del rector para el Plan Estrat\u00e9gico y M\u00f3nica Dom\u00ednguez Serrano, delegada del rector para la Igualdad de G\u00e9nero.<\/p>\n","protected":false},"excerpt":{"rendered":"<p>El Consejo de Gobierno de la Universidad Pablo de Olavide ha celebrado este martes, de manera virtual, su sesi\u00f3n constitutiva, presidida por el rector Francisco Oliva Bl\u00e1zquez.<\/p>\n","protected":false},"author":15,"featured_media":6359582,"comment_status":"closed","ping_status":"open","sticky":false,"template":"","format":"standard","meta":{"_monsterinsights_skip_tracking":false,"_monsterinsights_sitenote_active":false,"_monsterinsights_sitenote_note":"","_monsterinsights_sitenote_category":0,"footnotes":""},"categories":[6],"tags":[102,4021,38,7160,442],"class_list":["post-30863719","post","type-post","status-publish","format-standard","has-post-thumbnail","hentry","category-institucional","tag-consejo-de-gobierno","tag-francisco-oliva-blazquez","tag-rector","tag-sesion-constitutiva","tag-vicerrectorado"],"_links":{"self":[{"href":"https:\/\/www.upo.es\/diario\/wp-json\/wp\/v2\/posts\/30863719","targetHints":{"allow":["GET"]}}],"collection":[{"href":"https:\/\/www.upo.es\/diario\/wp-json\/wp\/v2\/posts"}],"about":[{"href":"https:\/\/www.upo.es\/diario\/wp-json\/wp\/v2\/types\/post"}],"author":[{"embeddable":true,"href":"https:\/\/www.upo.es\/diario\/wp-json\/wp\/v2\/users\/15"}],"replies":[{"embeddable":true,"href":"https:\/\/www.upo.es\/diario\/wp-json\/wp\/v2\/comments?post=30863719"}],"version-history":[{"count":3,"href":"https:\/\/www.upo.es\/diario\/wp-json\/wp\/v2\/posts\/30863719\/revisions"}],"predecessor-version":[{"id":30863729,"href":"https:\/\/www.upo.es\/diario\/wp-json\/wp\/v2\/posts\/30863719\/revisions\/30863729"}],"wp:featuredmedia":[{"embeddable":true,"href":"https:\/\/www.upo.es\/diario\/wp-json\/wp\/v2\/media\/6359582"}],"wp:attachment":[{"href":"https:\/\/www.upo.es\/diario\/wp-json\/wp\/v2\/media?parent=30863719"}],"wp:term":[{"taxonomy":"category","embeddable":true,"href":"https:\/\/www.upo.es\/diario\/wp-json\/wp\/v2\/categories?post=30863719"},{"taxonomy":"post_tag","embeddable":true,"href":"https:\/\/www.upo.es\/diario\/wp-json\/wp\/v2\/tags?post=30863719"}],"curies":[{"name":"wp","href":"https:\/\/api.w.org\/{rel}","templated":true}]}}