{"id":30863818,"date":"2021-01-11T14:33:03","date_gmt":"2021-01-11T13:33:03","guid":{"rendered":"https:\/\/www.upo.es\/diario\/?p=30863818"},"modified":"2021-01-25T14:18:44","modified_gmt":"2021-01-25T13:18:44","slug":"comienzan-con-normalidad-los-examenes-del-primer-semestre-en-la-universidad-pablo-de-olavide","status":"publish","type":"post","link":"https:\/\/www.upo.es\/diario\/comunidad\/2021\/01\/comienzan-con-normalidad-los-examenes-del-primer-semestre-en-la-universidad-pablo-de-olavide\/","title":{"rendered":"Comienzan con normalidad los ex\u00e1menes del primer semestre en la Universidad Pablo de Olavide"},"content":{"rendered":"<figure id=\"attachment_30863820\" aria-describedby=\"caption-attachment-30863820\" style=\"width: 750px\" class=\"wp-caption aligncenter\"><img loading=\"lazy\" decoding=\"async\" class=\"size-large wp-image-30863820\" src=\"https:\/\/www.upo.es\/diario\/wp-content\/uploads\/2021\/01\/examenes-1sem-UPO-3-750x422.jpg\" alt=\"Jos\u00e9 Antonio S\u00e1nchez Medina y Francisco Oliva visitan el primer examen de la asignatura Fundamentos del Trabajo Social\" width=\"750\" height=\"422\" srcset=\"https:\/\/www.upo.es\/diario\/wp-content\/uploads\/2021\/01\/examenes-1sem-UPO-3-750x422.jpg 750w, https:\/\/www.upo.es\/diario\/wp-content\/uploads\/2021\/01\/examenes-1sem-UPO-3-360x203.jpg 360w, https:\/\/www.upo.es\/diario\/wp-content\/uploads\/2021\/01\/examenes-1sem-UPO-3-768x432.jpg 768w, https:\/\/www.upo.es\/diario\/wp-content\/uploads\/2021\/01\/examenes-1sem-UPO-3-600x338.jpg 600w, https:\/\/www.upo.es\/diario\/wp-content\/uploads\/2021\/01\/examenes-1sem-UPO-3-1536x864.jpg 1536w, https:\/\/www.upo.es\/diario\/wp-content\/uploads\/2021\/01\/examenes-1sem-UPO-3-2048x1152.jpg 2048w, https:\/\/www.upo.es\/diario\/wp-content\/uploads\/2021\/01\/examenes-1sem-UPO-3-1320x743.jpg 1320w\" sizes=\"auto, (max-width: 750px) 100vw, 750px\" \/><figcaption id=\"caption-attachment-30863820\" class=\"wp-caption-text\">El rector Francisco Oliva, acompa\u00f1ado de Jos\u00e9 Antonio S\u00e1nchez Medina, en el examen de la asignatura &#8216;Fundamentos del Trabajo Social&#8217;<\/figcaption><\/figure>\n<p><strong>Hoy han dado comienzo en la Universidad Pablo de Olavide los ex\u00e1menes correspondientes al primer semestre del curso 2020\/2021 que se desarrollar\u00e1n hasta el 26 de enero. Las primeras pruebas de evaluaci\u00f3n han transcurrido con total normalidad y sin incidencias<\/strong>, de acuerdo al <a href=\"https:\/\/www.upo.es\/cms1\/export\/sites\/upo\/sprl\/documentos\/covid19\/procedimiento-11.pdf\">protocolo y las medidas de prevenci\u00f3n establecidas frente a la Covid-19<\/a>. Cada estudiante ha ocupado un asiento que le ha sido asignado previamente, cumpliendo con la distancia de seguridad y permitiendo un seguimiento posterior en caso de que fuese necesario. Asimismo, las entradas y salidas tanto a las aulas como a los edificios est\u00e1n debidamente se\u00f1alizadas y el alumnado dispone en todo momento de gel hidroalcoh\u00f3lico.<\/p>\n<p><strong>Francisco Oliva<\/strong>, rector de la Universidad Pablo de Olavide, y <strong>Jos\u00e9 Antonio S\u00e1nchez Medina<\/strong>, vicerrector de Estrategia y Planificaci\u00f3n Acad\u00e9mica, han comprobado de primera mano el cumplimiento de las medidas de prevenci\u00f3n en este primer d\u00eda de ex\u00e1menes, visitando varias aulas en el campus. Por otra parte, <strong>Mari\u00e1n Mor\u00f3n<\/strong>, vicerrectora de Estudiantes de la UPO, supervisar\u00e1 personalmente durante las pr\u00f3ximas horas el desarrollo de las pruebas.<\/p>\n","protected":false},"excerpt":{"rendered":"<p>Hoy han dado comienzo en la Universidad Pablo de Olavide los ex\u00e1menes correspondientes al primer semestre del curso 2020\/2021 que se desarrollar\u00e1n hasta el 26 de enero. Las primeras pruebas de evaluaci\u00f3n han transcurrido con total normalidad y sin incidencias, de acuerdo al protocolo y las medidas de prevenci\u00f3n establecidas frente a la Covid-19. Cada estudiante ha ocupado un asiento que le ha sido asignado previamente, cumpliendo con la distancia de seguridad y permitiendo un seguimiento posterior en caso de que fuese necesario. Asimismo, las entradas y salidas tanto a las aulas como a los edificios est\u00e1n debidamente se\u00f1alizadas y el alumnado dispone en todo momento de gel hidroalcoh\u00f3lico.<\/p>\n","protected":false},"author":6,"featured_media":30863820,"comment_status":"closed","ping_status":"open","sticky":false,"template":"","format":"standard","meta":{"_monsterinsights_skip_tracking":false,"_monsterinsights_sitenote_active":false,"_monsterinsights_sitenote_note":"","_monsterinsights_sitenote_category":0,"footnotes":""},"categories":[5842],"tags":[6601,6755,21,127,347],"class_list":["post-30863818","post","type-post","status-publish","format-standard","has-post-thumbnail","hentry","category-comunidad","tag-covid-19","tag-curso-2020-2021","tag-estudiantes","tag-examenes","tag-prevencion"],"_links":{"self":[{"href":"https:\/\/www.upo.es\/diario\/wp-json\/wp\/v2\/posts\/30863818","targetHints":{"allow":["GET"]}}],"collection":[{"href":"https:\/\/www.upo.es\/diario\/wp-json\/wp\/v2\/posts"}],"about":[{"href":"https:\/\/www.upo.es\/diario\/wp-json\/wp\/v2\/types\/post"}],"author":[{"embeddable":true,"href":"https:\/\/www.upo.es\/diario\/wp-json\/wp\/v2\/users\/6"}],"replies":[{"embeddable":true,"href":"https:\/\/www.upo.es\/diario\/wp-json\/wp\/v2\/comments?post=30863818"}],"version-history":[{"count":1,"href":"https:\/\/www.upo.es\/diario\/wp-json\/wp\/v2\/posts\/30863818\/revisions"}],"predecessor-version":[{"id":30863821,"href":"https:\/\/www.upo.es\/diario\/wp-json\/wp\/v2\/posts\/30863818\/revisions\/30863821"}],"wp:featuredmedia":[{"embeddable":true,"href":"https:\/\/www.upo.es\/diario\/wp-json\/wp\/v2\/media\/30863820"}],"wp:attachment":[{"href":"https:\/\/www.upo.es\/diario\/wp-json\/wp\/v2\/media?parent=30863818"}],"wp:term":[{"taxonomy":"category","embeddable":true,"href":"https:\/\/www.upo.es\/diario\/wp-json\/wp\/v2\/categories?post=30863818"},{"taxonomy":"post_tag","embeddable":true,"href":"https:\/\/www.upo.es\/diario\/wp-json\/wp\/v2\/tags?post=30863818"}],"curies":[{"name":"wp","href":"https:\/\/api.w.org\/{rel}","templated":true}]}}