{"id":30863822,"date":"2021-01-12T09:49:09","date_gmt":"2021-01-12T08:49:09","guid":{"rendered":"https:\/\/www.upo.es\/diario\/?p=30863822"},"modified":"2021-01-12T09:52:01","modified_gmt":"2021-01-12T08:52:01","slug":"la-universidad-pablo-de-olavide-contabiliza-nueve-casos-de-covid-19-durante-la-ultima-semana","status":"publish","type":"post","link":"https:\/\/www.upo.es\/diario\/comunidad\/2021\/01\/la-universidad-pablo-de-olavide-contabiliza-nueve-casos-de-covid-19-durante-la-ultima-semana\/","title":{"rendered":"La Universidad Pablo de Olavide contabiliza nueve casos de Covid-19 durante la \u00faltima semana"},"content":{"rendered":"<p><img loading=\"lazy\" decoding=\"async\" class=\"alignright size-medium wp-image-30863688\" src=\"https:\/\/www.upo.es\/diario\/wp-content\/uploads\/2020\/12\/covid-4948866_1920-360x241.jpg\" alt=\"\" width=\"360\" height=\"241\" srcset=\"https:\/\/www.upo.es\/diario\/wp-content\/uploads\/2020\/12\/covid-4948866_1920-360x241.jpg 360w, https:\/\/www.upo.es\/diario\/wp-content\/uploads\/2020\/12\/covid-4948866_1920-750x502.jpg 750w, https:\/\/www.upo.es\/diario\/wp-content\/uploads\/2020\/12\/covid-4948866_1920-768x514.jpg 768w, https:\/\/www.upo.es\/diario\/wp-content\/uploads\/2020\/12\/covid-4948866_1920-600x401.jpg 600w, https:\/\/www.upo.es\/diario\/wp-content\/uploads\/2020\/12\/covid-4948866_1920-1536x1027.jpg 1536w, https:\/\/www.upo.es\/diario\/wp-content\/uploads\/2020\/12\/covid-4948866_1920-165x109.jpg 165w, https:\/\/www.upo.es\/diario\/wp-content\/uploads\/2020\/12\/covid-4948866_1920-1320x883.jpg 1320w, https:\/\/www.upo.es\/diario\/wp-content\/uploads\/2020\/12\/covid-4948866_1920.jpg 1920w\" sizes=\"auto, (max-width: 360px) 100vw, 360px\" \/>El \u00c1rea de Salud y Prevenci\u00f3n de la Universidad Pablo de Olavide ha registrado un total de <strong>nueve casos positivos de Covid-19 entre el 4 y el 10 de enero de 2021<\/strong>. De estos, ocho se han producido entre estudiantes y uno corresponde al personal de administraci\u00f3n y Servicios de la UPO. Al mismo tiempo, durante esta \u00faltima semana, se han comunicado once casos de sospecha que se encuentran pendientes de prueba PCR provenientes tambi\u00e9n del alumnado.<\/p>\n<p>Durante la anterior semana, del 28 de diciembre al 3 de enero, \u00fanicamente se registr\u00f3 un positivo por Covid-19 al que hay que sumar una comunicaci\u00f3n de sospecha de contagio, ambos de estudiantes. Desde el inicio del curso, el 21 de septiembre del pasado a\u00f1o, se han contabilizado un total de 108 positivos de coronavirus SARS-CoV-2 entre estudiantes (88), profesorado (13) y PAS (7) de la Universidad.<\/p>\n<h3><strong>Seguimiento de los casos COVID-19 desde el \u00c1rea de Salud y Prevenci\u00f3n<\/strong><\/h3>\n<p>La Universidad Pablo de Olavide, a fin de facilitar una mejor gesti\u00f3n de la seguridad y salud de la comunidad universitaria y de conformidad con su plan de contingencia frente a la Covid-19, contempla un protocolo de actuaci\u00f3n en caso de sospecha o de confirmaci\u00f3n de infecci\u00f3n para los miembros de la comunidad universitaria. El plan de actuaci\u00f3n establece que, una vez seguidas las recomendaciones y efectuadas las comunicaciones prescritas por la autoridad sanitaria,\u00a0las personas afectadas (por sospecha o confirmaci\u00f3n)\u00a0<strong>deben comunicar su circunstancia<\/strong>\u00a0al\u00a0<strong>\u00c1rea de Salud y Prevenci\u00f3n de la Universidad<\/strong>, que se encargar\u00e1 de adoptar las medidas oportunas, con objeto de salvaguardar, adem\u00e1s de su propia salud, la de otros miembros de la comunidad universitaria y su entorno.<\/p>\n<p>La\u00a0 <strong>notificaci\u00f3n de contagio o sospecha de contagio<\/strong> por parte de los miembros de la comunidad universitaria se realiza a trav\u00e9s del formulario:\u00a0<a href=\"https:\/\/www.upo.es\/formularios\/comunicacion-covid19\/index.html\">https:\/\/www.upo.es\/formularios\/comunicacion-covid19\/index.html<\/a>.<\/p>\n<p>Informaci\u00f3n sobre el <strong>Protocolo Plan de contingencia-Covid-19 de la Universidad Pablo de Olavide<\/strong>:\u00a0<a href=\"https:\/\/www.upo.es\/upo_opencms\/export\/sites\/upo\/Temas\/Upo\/00_Contenidos\/Covid19\/plan-contingencia-Covid-19-UPO.pdf\">https:\/\/www.upo.es\/upo_opencms\/export\/sites\/upo\/Temas\/Upo\/00_Contenidos\/Covid19\/plan-contingencia-Covid-19-UPO.pdf<\/a><\/p>\n","protected":false},"excerpt":{"rendered":"<p>El \u00c1rea de Salud y Prevenci\u00f3n de la Universidad Pablo de Olavide ha registrado un total de nueve casos positivos de Covid-19 entre el 4 y el 10 de enero de 2021. De estos, ocho se han producido entre estudiantes y uno corresponde al personal de administraci\u00f3n y Servicios de la UPO. Al mismo tiempo, durante esta \u00faltima semana, se han comunicado once casos de sospecha que se encuentran pendientes de prueba PCR provenientes tambi\u00e9n del alumnado.<\/p>\n","protected":false},"author":6,"featured_media":30863688,"comment_status":"closed","ping_status":"open","sticky":false,"template":"","format":"standard","meta":{"_monsterinsights_skip_tracking":false,"_monsterinsights_sitenote_active":false,"_monsterinsights_sitenote_note":"","_monsterinsights_sitenote_category":0,"footnotes":""},"categories":[5842],"tags":[5484,7077,6601,21,682,199,218],"class_list":["post-30863822","post","type-post","status-publish","format-standard","has-post-thumbnail","hentry","category-comunidad","tag-area-de-salud-y-prevencion","tag-casos-covid-19","tag-covid-19","tag-estudiantes","tag-pas","tag-profesorado","tag-salud"],"_links":{"self":[{"href":"https:\/\/www.upo.es\/diario\/wp-json\/wp\/v2\/posts\/30863822","targetHints":{"allow":["GET"]}}],"collection":[{"href":"https:\/\/www.upo.es\/diario\/wp-json\/wp\/v2\/posts"}],"about":[{"href":"https:\/\/www.upo.es\/diario\/wp-json\/wp\/v2\/types\/post"}],"author":[{"embeddable":true,"href":"https:\/\/www.upo.es\/diario\/wp-json\/wp\/v2\/users\/6"}],"replies":[{"embeddable":true,"href":"https:\/\/www.upo.es\/diario\/wp-json\/wp\/v2\/comments?post=30863822"}],"version-history":[{"count":2,"href":"https:\/\/www.upo.es\/diario\/wp-json\/wp\/v2\/posts\/30863822\/revisions"}],"predecessor-version":[{"id":30863824,"href":"https:\/\/www.upo.es\/diario\/wp-json\/wp\/v2\/posts\/30863822\/revisions\/30863824"}],"wp:featuredmedia":[{"embeddable":true,"href":"https:\/\/www.upo.es\/diario\/wp-json\/wp\/v2\/media\/30863688"}],"wp:attachment":[{"href":"https:\/\/www.upo.es\/diario\/wp-json\/wp\/v2\/media?parent=30863822"}],"wp:term":[{"taxonomy":"category","embeddable":true,"href":"https:\/\/www.upo.es\/diario\/wp-json\/wp\/v2\/categories?post=30863822"},{"taxonomy":"post_tag","embeddable":true,"href":"https:\/\/www.upo.es\/diario\/wp-json\/wp\/v2\/tags?post=30863822"}],"curies":[{"name":"wp","href":"https:\/\/api.w.org\/{rel}","templated":true}]}}