{"id":30863835,"date":"2021-01-12T15:49:33","date_gmt":"2021-01-12T14:49:33","guid":{"rendered":"https:\/\/www.upo.es\/diario\/?p=30863835"},"modified":"2021-01-25T14:18:37","modified_gmt":"2021-01-25T13:18:37","slug":"la-upo-continua-trabajando-para-adaptar-su-actividad-a-la-evolucion-de-la-pandemia","status":"publish","type":"post","link":"https:\/\/www.upo.es\/diario\/institucional\/2021\/01\/la-upo-continua-trabajando-para-adaptar-su-actividad-a-la-evolucion-de-la-pandemia\/","title":{"rendered":"La UPO contin\u00faa trabajando para adaptar su actividad a la evoluci\u00f3n de la pandemia"},"content":{"rendered":"<p><img loading=\"lazy\" decoding=\"async\" class=\"alignright size-medium wp-image-30863836\" src=\"https:\/\/www.upo.es\/diario\/wp-content\/uploads\/2021\/01\/examenes-1sem-UPO-2-360x240.jpg\" alt=\"\" width=\"360\" height=\"240\" srcset=\"https:\/\/www.upo.es\/diario\/wp-content\/uploads\/2021\/01\/examenes-1sem-UPO-2-360x240.jpg 360w, https:\/\/www.upo.es\/diario\/wp-content\/uploads\/2021\/01\/examenes-1sem-UPO-2-750x500.jpg 750w, https:\/\/www.upo.es\/diario\/wp-content\/uploads\/2021\/01\/examenes-1sem-UPO-2-768x512.jpg 768w, https:\/\/www.upo.es\/diario\/wp-content\/uploads\/2021\/01\/examenes-1sem-UPO-2-600x400.jpg 600w, https:\/\/www.upo.es\/diario\/wp-content\/uploads\/2021\/01\/examenes-1sem-UPO-2-1536x1024.jpg 1536w, https:\/\/www.upo.es\/diario\/wp-content\/uploads\/2021\/01\/examenes-1sem-UPO-2-2048x1366.jpg 2048w, https:\/\/www.upo.es\/diario\/wp-content\/uploads\/2021\/01\/examenes-1sem-UPO-2-165x109.jpg 165w, https:\/\/www.upo.es\/diario\/wp-content\/uploads\/2021\/01\/examenes-1sem-UPO-2-1320x880.jpg 1320w\" sizes=\"auto, (max-width: 360px) 100vw, 360px\" \/>La Universidad Pablo de Olavide contin\u00faa trabajando en el proceso de adaptaci\u00f3n de su actividad al contexto y circunstancias que marca la evoluci\u00f3n de la pandemia. As\u00ed, hoy martes 12 de enero, a trav\u00e9s de una Resoluci\u00f3n Rectoral, la instituci\u00f3n ha aprobado una serie de medidas con el objeto de continuar preservando la seguridad de todos los miembros de la comunidad universitaria y seguir mejorando el funcionamiento y la eficacia de las medidas adoptadas hasta la fecha.<\/p>\n<p>En primer lugar, el documento establece que tanto la actividad docente de Grado y Postgrado del segundo semestre del curso, como las evaluaciones del primer semestre continuar\u00e1n ajust\u00e1ndose a los establecido en la Instrucci\u00f3n del pasado 17 de diciembre del Vicerrectorado de Estrategia y Planificaci\u00f3n Acad\u00e9mica. Tras atender a la opini\u00f3n de los expertos y teniendo en cuenta que la Universidad Pablo de Olavide se encuentra en t\u00e9rminos municipales cuyo nivel de alerta Covid-19 alcanza el grado 3, la instituci\u00f3n opta por mantener la docencia <em>online <\/em>hasta el pr\u00f3ximo 3 de abril, a excepci\u00f3n de las ense\u00f1anzas pr\u00e1cticas que requieran presencialidad.<\/p>\n<p>Por otro lado, la norma tambi\u00e9n recoge que las asignaturas de pr\u00e1cticas externas podr\u00e1n llevarse a cabo de forma presencial, siempre que las entidades, empresas o instituciones mantengan su actividad de esta forma. Los actos acad\u00e9micos, como la defensa de trabajos de fin de grado o m\u00e1ster y tesis doctorales, as\u00ed como los concursos de acceso a cuerpos docentes programados tambi\u00e9n se podr\u00e1n realizar de manera presencial, respetando las medidas de prevenci\u00f3n establecidas.<\/p>\n<p>Asimismo, la Resoluci\u00f3n indica que se proceder\u00e1 a la reapertura de la Biblioteca\/CRAI, siguiendo su propio Plan anti-COVID. Entre las medidas de higiene y prevenci\u00f3n establecidas, destaca la implantaci\u00f3n de un sistema inform\u00e1tico de control de \u00a0\u00a0\u00a0\u00a0aforo, que hace necesaria la reserva previa de los diferentes puestos a trav\u00e9s de una aplicaci\u00f3n m\u00f3vil. El horario de apertura de la biblioteca ser\u00e1 de lunes a viernes, de 8:30 a 20:00 horas.<\/p>\n<p><strong>Reconocimiento a la responsabilidad en las primeras jornadas de ex\u00e1menes<\/strong><\/p>\n<p>Las primeras jornadas de\u00a0 ex\u00e1menes, que comenzaron ayer 11 de enero y que se desarrollar\u00e1n hasta el pr\u00f3ximo d\u00eda 26 de este mes, han transcurrido con total normalidad y sin incidencias, de acuerdo con el\u00a0<a href=\"https:\/\/www.upo.es\/cms1\/export\/sites\/upo\/sprl\/documentos\/covid19\/procedimiento-11.pdf\">protocolo y las medidas de prevenci\u00f3n establecidas frente a la Covid-19<\/a> por la Universidad. Al respecto, la Universidad Pablo de Olavide muestra su gratitud y reconocimiento por la responsabilidad demostrada tanto por el alumnado como por el profesorado. El rector de la UPO, Francisco Oliva Bl\u00e1zquez, tras comprobar de primera mano el cumplimiento de las medidas de prevenci\u00f3n, visitando varias aulas en el campus, ha expresado su satisfacci\u00f3n y agradecimiento: \u201cMe gustar\u00eda reconocer y agradecer a todas las personas que han participado en los ex\u00e1menes presenciales la responsabilidad mostrada tanto antes como durante y despu\u00e9s de la realizaci\u00f3n de las pruebas, siguiendo los protocolos marcados por la Universidad\u201d.<\/p>\n<p>Las pruebas de evaluaci\u00f3n de la Universidad Pablo de Olavide se est\u00e1n realizando tanto de manera <em>online<\/em> como de forma presencial, seg\u00fan han considerado los equipos docentes de cada asignatura, a fin de asegurar y garantizar la adquisici\u00f3n de los conocimientos y competencias requeridos.<\/p>\n<p>Enlace a la Resoluci\u00f3n Rectoral: <strong><a href=\"https:\/\/upo.gob.es\/system\/modules\/com.saga.upo.sedeelectronica.frontend\/handler\/download-alfresco-document.pdf?ref=eaf60574-7e60-4786-a64d-352b772bc2ed\">https:\/\/upo.gob.es\/system\/modules\/com.saga.upo.sedeelectronica.frontend\/handler\/download-alfresco-document.pdf?ref=eaf60574-7e60-4786-a64d-352b772bc2ed<\/a><\/strong><\/p>\n","protected":false},"excerpt":{"rendered":"<p>La Universidad Pablo de Olavide contin\u00faa trabajando en el proceso de adaptaci\u00f3n de su actividad al contexto y circunstancias que marca la evoluci\u00f3n de la pandemia. As\u00ed, hoy martes 12 de enero, a trav\u00e9s de una Resoluci\u00f3n Rectoral, la instituci\u00f3n ha aprobado una serie de medidas con el objeto de continuar preservando la seguridad de todos los miembros de la comunidad universitaria y seguir mejorando el funcionamiento y la eficacia de las medidas adoptadas hasta la fecha.<\/p>\n","protected":false},"author":15,"featured_media":30863836,"comment_status":"closed","ping_status":"open","sticky":false,"template":"","format":"standard","meta":{"_monsterinsights_skip_tracking":false,"_monsterinsights_sitenote_active":false,"_monsterinsights_sitenote_note":"","_monsterinsights_sitenote_category":0,"footnotes":""},"categories":[6],"tags":[7179,125,6601,7181,127,4021,6626,6676,65,347,5978,684,6619,5742,483],"class_list":["post-30863835","post","type-post","status-publish","format-standard","has-post-thumbnail","hentry","category-institucional","tag-12-enero","tag-biblioteca","tag-covid-19","tag-cumplimiento","tag-examenes","tag-francisco-oliva-blazquez","tag-medidas","tag-online","tag-practicas","tag-prevencion","tag-protocolo","tag-reconocimiento","tag-resolucion-rectoral","tag-responsabilidad","tag-seguridad"],"_links":{"self":[{"href":"https:\/\/www.upo.es\/diario\/wp-json\/wp\/v2\/posts\/30863835","targetHints":{"allow":["GET"]}}],"collection":[{"href":"https:\/\/www.upo.es\/diario\/wp-json\/wp\/v2\/posts"}],"about":[{"href":"https:\/\/www.upo.es\/diario\/wp-json\/wp\/v2\/types\/post"}],"author":[{"embeddable":true,"href":"https:\/\/www.upo.es\/diario\/wp-json\/wp\/v2\/users\/15"}],"replies":[{"embeddable":true,"href":"https:\/\/www.upo.es\/diario\/wp-json\/wp\/v2\/comments?post=30863835"}],"version-history":[{"count":2,"href":"https:\/\/www.upo.es\/diario\/wp-json\/wp\/v2\/posts\/30863835\/revisions"}],"predecessor-version":[{"id":30863838,"href":"https:\/\/www.upo.es\/diario\/wp-json\/wp\/v2\/posts\/30863835\/revisions\/30863838"}],"wp:featuredmedia":[{"embeddable":true,"href":"https:\/\/www.upo.es\/diario\/wp-json\/wp\/v2\/media\/30863836"}],"wp:attachment":[{"href":"https:\/\/www.upo.es\/diario\/wp-json\/wp\/v2\/media?parent=30863835"}],"wp:term":[{"taxonomy":"category","embeddable":true,"href":"https:\/\/www.upo.es\/diario\/wp-json\/wp\/v2\/categories?post=30863835"},{"taxonomy":"post_tag","embeddable":true,"href":"https:\/\/www.upo.es\/diario\/wp-json\/wp\/v2\/tags?post=30863835"}],"curies":[{"name":"wp","href":"https:\/\/api.w.org\/{rel}","templated":true}]}}