{"id":30863839,"date":"2021-01-13T12:45:06","date_gmt":"2021-01-13T11:45:06","guid":{"rendered":"https:\/\/www.upo.es\/diario\/?p=30863839"},"modified":"2021-01-25T14:18:37","modified_gmt":"2021-01-25T13:18:37","slug":"el-ayuntamiento-y-la-upo-impulsan-el-primer-foro-metropolitano-de-sevilla-como-nuevo-espacio-de-encuentro-debate-y-colaboracion-entre-instituciones-y-sociedad-civil","status":"publish","type":"post","link":"https:\/\/www.upo.es\/diario\/institucional\/2021\/01\/el-ayuntamiento-y-la-upo-impulsan-el-primer-foro-metropolitano-de-sevilla-como-nuevo-espacio-de-encuentro-debate-y-colaboracion-entre-instituciones-y-sociedad-civil\/","title":{"rendered":"El Ayuntamiento y la UPO impulsan el primer foro metropolitano de Sevilla como nuevo espacio de colaboraci\u00f3n entre instituciones y sociedad civil"},"content":{"rendered":"<figure id=\"attachment_30863841\" aria-describedby=\"caption-attachment-30863841\" style=\"width: 750px\" class=\"wp-caption aligncenter\"><a href=\"https:\/\/www.upo.es\/diario\/wp-content\/uploads\/2021\/01\/FranciscoOliva-JuanEspadas-scaled.jpg\"><img loading=\"lazy\" decoding=\"async\" class=\"wp-image-30863841 size-large\" src=\"https:\/\/www.upo.es\/diario\/wp-content\/uploads\/2021\/01\/FranciscoOliva-JuanEspadas-750x500.jpg\" alt=\"\" width=\"750\" height=\"500\" srcset=\"https:\/\/www.upo.es\/diario\/wp-content\/uploads\/2021\/01\/FranciscoOliva-JuanEspadas-750x500.jpg 750w, https:\/\/www.upo.es\/diario\/wp-content\/uploads\/2021\/01\/FranciscoOliva-JuanEspadas-360x240.jpg 360w, https:\/\/www.upo.es\/diario\/wp-content\/uploads\/2021\/01\/FranciscoOliva-JuanEspadas-768x512.jpg 768w, https:\/\/www.upo.es\/diario\/wp-content\/uploads\/2021\/01\/FranciscoOliva-JuanEspadas-600x400.jpg 600w, https:\/\/www.upo.es\/diario\/wp-content\/uploads\/2021\/01\/FranciscoOliva-JuanEspadas-1536x1024.jpg 1536w, https:\/\/www.upo.es\/diario\/wp-content\/uploads\/2021\/01\/FranciscoOliva-JuanEspadas-2048x1366.jpg 2048w, https:\/\/www.upo.es\/diario\/wp-content\/uploads\/2021\/01\/FranciscoOliva-JuanEspadas-165x109.jpg 165w, https:\/\/www.upo.es\/diario\/wp-content\/uploads\/2021\/01\/FranciscoOliva-JuanEspadas-1320x880.jpg 1320w\" sizes=\"auto, (max-width: 750px) 100vw, 750px\" \/><\/a><figcaption id=\"caption-attachment-30863841\" class=\"wp-caption-text\">Francisco Oliva y Juan Espadas<\/figcaption><\/figure>\n<p>El alcalde de Sevilla, Juan Espadas, y el delegado de Econom\u00eda, Comercio, Relaciones con la comunidad universitaria y \u00e1rea metropolitana, Francisco Javier P\u00e1ez, han mantenido hoy una primera reuni\u00f3n de trabajo con el nuevo rector de la Universidad Pablo de Olavide, Francisco Oliva, y todo el equipo de gobierno. El objetivo de esta cita ha sido reforzar en esta nueva etapa la colaboraci\u00f3n y los proyectos conjuntos entre ambas instituciones que han colaborado estrechamente, entre otras cuestiones, en la aprobaci\u00f3n y desarrollo del Plan Estrat\u00e9gico Sevilla 2030.<\/p>\n<p>De hecho, el alcalde y el equipo de gobierno de la UPO han fijado entre otras prioridades la colaboraci\u00f3n en el impulso de una estrategia metropolitana para Sevilla y en un proyecto singular y estrat\u00e9gico para la Universidad como es la adecuaci\u00f3n de un espacio en el centro la ciudad como nueva sede donde se puedan desarrollar distintas iniciativas acad\u00e9micas y que contribuyan a una mayor presencia de la instituci\u00f3n en la ciudad.<\/p>\n<p>En el marco de este trabajo conjunto, el Ayuntamiento, a trav\u00e9s del plan estrat\u00e9gico Sevilla 2030, y la Universidad Pablo de Olavide a trav\u00e9s del proyecto MetropoliAnd_ organizar\u00e1n el pr\u00f3ximo 20 de enero el\u00a0 primer foro metropolitano de Sevilla. Se pretende generar as\u00ed un nuevo espacio de debate, encuentro y colaboraci\u00f3n que contribuya a la necesaria cooperaci\u00f3n entre todos los actores de cara a la configuraci\u00f3n de un proyecto de desarrollo integrado para el \u00e1rea metropolitana.<\/p>\n<figure id=\"attachment_30863842\" aria-describedby=\"caption-attachment-30863842\" style=\"width: 360px\" class=\"wp-caption alignright\"><img loading=\"lazy\" decoding=\"async\" class=\"wp-image-30863842 size-medium\" src=\"https:\/\/www.upo.es\/diario\/wp-content\/uploads\/2021\/01\/Reunion-JuanEspadas-CD-UPO-2-360x240.jpg\" alt=\"\" width=\"360\" height=\"240\" srcset=\"https:\/\/www.upo.es\/diario\/wp-content\/uploads\/2021\/01\/Reunion-JuanEspadas-CD-UPO-2-360x240.jpg 360w, https:\/\/www.upo.es\/diario\/wp-content\/uploads\/2021\/01\/Reunion-JuanEspadas-CD-UPO-2-750x500.jpg 750w, https:\/\/www.upo.es\/diario\/wp-content\/uploads\/2021\/01\/Reunion-JuanEspadas-CD-UPO-2-768x512.jpg 768w, https:\/\/www.upo.es\/diario\/wp-content\/uploads\/2021\/01\/Reunion-JuanEspadas-CD-UPO-2-600x400.jpg 600w, https:\/\/www.upo.es\/diario\/wp-content\/uploads\/2021\/01\/Reunion-JuanEspadas-CD-UPO-2-1536x1024.jpg 1536w, https:\/\/www.upo.es\/diario\/wp-content\/uploads\/2021\/01\/Reunion-JuanEspadas-CD-UPO-2-2048x1366.jpg 2048w, https:\/\/www.upo.es\/diario\/wp-content\/uploads\/2021\/01\/Reunion-JuanEspadas-CD-UPO-2-165x109.jpg 165w, https:\/\/www.upo.es\/diario\/wp-content\/uploads\/2021\/01\/Reunion-JuanEspadas-CD-UPO-2-1320x880.jpg 1320w\" sizes=\"auto, (max-width: 360px) 100vw, 360px\" \/><figcaption id=\"caption-attachment-30863842\" class=\"wp-caption-text\">El alcalde, acompa\u00f1ado del rector, saluda a la gerente (izquierda) y a la delegada del rector para la Igualdad de G\u00e9nero de la UPO<\/figcaption><\/figure>\n<p>Se trata con este foro de avanzar de forma conjunta administraciones, instituciones, agentes sociales y econ\u00f3micos y expertos del \u00e1mbito acad\u00e9mico para articular respuestas acertadas a los retos de transformaci\u00f3n y desarrollo sostenible de las ciudades como la movilidad, la competitividad en la econom\u00eda, la digitalizaci\u00f3n, la econom\u00eda circular, el empleo, la formaci\u00f3n, la vivienda o la igualdad de g\u00e9nero.<\/p>\n<p>Todo esto, adem\u00e1s, en un contexto en el que el Marco Financiero europeo plurianual del mecanismo de recuperaci\u00f3n y resiliencia puede abrir nuevas oportunidades. De hecho, Ayuntamiento de Sevilla, Diputaci\u00f3n Provincial y la Universidad Pablo de Olavide ya han presentado el primer proyecto conjunto para la captaci\u00f3n de fondos europeos dentro del programa Next Generation que ha sido ya remitido a la Junta de Andaluc\u00eda para su an\u00e1lisis y evaluaci\u00f3n.<\/p>\n<p>El primer foro estar\u00e1 coordinado por el profesores e investigadores del proyecto MetropoliAnd_ y contar\u00e1 con la participaci\u00f3n de la Junta de Andaluc\u00eda, la Diputaci\u00f3n Provincial y diferentes ayuntamientos del \u00e1rea metropolitana. Junto a esto, est\u00e1 programada la presencia de agentes sociales y econ\u00f3micos y de expertos y especialistas del \u00e1mbito acad\u00e9mico de diferentes universidades.<\/p>\n<p>Tras esta primera reuni\u00f3n, el planteamiento es que este foro se consolide como espacio de debate permanente p\u00fablico-privado y entre los gobiernos de los municipios metropolitanos y la sociedad civil con el impulso y la coordinaci\u00f3n de la Universidad Pablo de Olavide.<\/p>\n<p><a title=\"El Ayuntamiento y la UPO impulsan el primer foro metropolitano de Sevilla\" href=\"https:\/\/www.flickr.com\/photos\/pablodeolavide\/albums\/72157717867436081\" data-flickr-embed=\"true\" data-header=\"true\"><img loading=\"lazy\" decoding=\"async\" src=\"https:\/\/live.staticflickr.com\/65535\/50831146541_752c057ee3_z.jpg\" alt=\"El Ayuntamiento y la UPO impulsan el primer foro metropolitano de Sevilla\" width=\"640\" height=\"480\" \/><\/a><script async src=\"\/\/embedr.flickr.com\/assets\/client-code.js\" charset=\"utf-8\"><\/script><\/p>\n","protected":false},"excerpt":{"rendered":"<p>El alcalde de Sevilla, Juan Espadas, y el delegado de Econom\u00eda, Comercio, Relaciones con la comunidad universitaria y \u00e1rea metropolitana, Francisco Javier P\u00e1ez, han mantenido hoy una primera reuni\u00f3n de trabajo con el nuevo rector de la Universidad Pablo de Olavide, Francisco Oliva, y todo el equipo de gobierno. El objetivo de esta cita ha sido reforzar en esta nueva etapa la colaboraci\u00f3n y los proyectos conjuntos entre ambas instituciones que han colaborado estrechamente, entre otras cuestiones, en la aprobaci\u00f3n y desarrollo del Plan Estrat\u00e9gico Sevilla 2030.<\/p>\n","protected":false},"author":15,"featured_media":30863841,"comment_status":"closed","ping_status":"open","sticky":false,"template":"","format":"standard","meta":{"_monsterinsights_skip_tracking":false,"_monsterinsights_sitenote_active":false,"_monsterinsights_sitenote_note":"","_monsterinsights_sitenote_category":0,"footnotes":""},"categories":[6],"tags":[1791,3473,621,2048,662,3522,7182,4021,2741,550,38,161,297],"class_list":["post-30863839","post","type-post","status-publish","format-standard","has-post-thumbnail","hentry","category-institucional","tag-alcalde","tag-ayuntamiento","tag-ayuntamiento-de-sevilla","tag-colaboracion","tag-debate","tag-espacio","tag-foro-metropolitano","tag-francisco-oliva-blazquez","tag-juan-espadas","tag-plan-estrategico","tag-rector","tag-sevilla","tag-visita"],"_links":{"self":[{"href":"https:\/\/www.upo.es\/diario\/wp-json\/wp\/v2\/posts\/30863839","targetHints":{"allow":["GET"]}}],"collection":[{"href":"https:\/\/www.upo.es\/diario\/wp-json\/wp\/v2\/posts"}],"about":[{"href":"https:\/\/www.upo.es\/diario\/wp-json\/wp\/v2\/types\/post"}],"author":[{"embeddable":true,"href":"https:\/\/www.upo.es\/diario\/wp-json\/wp\/v2\/users\/15"}],"replies":[{"embeddable":true,"href":"https:\/\/www.upo.es\/diario\/wp-json\/wp\/v2\/comments?post=30863839"}],"version-history":[{"count":4,"href":"https:\/\/www.upo.es\/diario\/wp-json\/wp\/v2\/posts\/30863839\/revisions"}],"predecessor-version":[{"id":30863846,"href":"https:\/\/www.upo.es\/diario\/wp-json\/wp\/v2\/posts\/30863839\/revisions\/30863846"}],"wp:featuredmedia":[{"embeddable":true,"href":"https:\/\/www.upo.es\/diario\/wp-json\/wp\/v2\/media\/30863841"}],"wp:attachment":[{"href":"https:\/\/www.upo.es\/diario\/wp-json\/wp\/v2\/media?parent=30863839"}],"wp:term":[{"taxonomy":"category","embeddable":true,"href":"https:\/\/www.upo.es\/diario\/wp-json\/wp\/v2\/categories?post=30863839"},{"taxonomy":"post_tag","embeddable":true,"href":"https:\/\/www.upo.es\/diario\/wp-json\/wp\/v2\/tags?post=30863839"}],"curies":[{"name":"wp","href":"https:\/\/api.w.org\/{rel}","templated":true}]}}