{"id":30863847,"date":"2021-01-13T16:05:42","date_gmt":"2021-01-13T15:05:42","guid":{"rendered":"https:\/\/www.upo.es\/diario\/?p=30863847"},"modified":"2021-01-25T14:18:36","modified_gmt":"2021-01-25T13:18:36","slug":"apertura-de-la-sala-de-lectura-de-la-biblioteca-crai","status":"publish","type":"post","link":"https:\/\/www.upo.es\/diario\/comunidad\/2021\/01\/apertura-de-la-sala-de-lectura-de-la-biblioteca-crai\/","title":{"rendered":"Apertura de la Sala de Lectura de la Biblioteca\/CRAI"},"content":{"rendered":"<figure id=\"attachment_30863853\" aria-describedby=\"caption-attachment-30863853\" style=\"width: 750px\" class=\"wp-caption aligncenter\"><a href=\"https:\/\/www.upo.es\/diario\/wp-content\/uploads\/2021\/01\/Biblioteca06.jpg\"><img loading=\"lazy\" decoding=\"async\" class=\"size-large wp-image-30863853\" src=\"https:\/\/www.upo.es\/diario\/wp-content\/uploads\/2021\/01\/Biblioteca06-750x500.jpg\" alt=\"\" width=\"750\" height=\"500\" srcset=\"https:\/\/www.upo.es\/diario\/wp-content\/uploads\/2021\/01\/Biblioteca06-750x500.jpg 750w, https:\/\/www.upo.es\/diario\/wp-content\/uploads\/2021\/01\/Biblioteca06-360x240.jpg 360w, https:\/\/www.upo.es\/diario\/wp-content\/uploads\/2021\/01\/Biblioteca06-768x512.jpg 768w, https:\/\/www.upo.es\/diario\/wp-content\/uploads\/2021\/01\/Biblioteca06-600x400.jpg 600w, https:\/\/www.upo.es\/diario\/wp-content\/uploads\/2021\/01\/Biblioteca06-1536x1024.jpg 1536w, https:\/\/www.upo.es\/diario\/wp-content\/uploads\/2021\/01\/Biblioteca06-2048x1366.jpg 2048w, https:\/\/www.upo.es\/diario\/wp-content\/uploads\/2021\/01\/Biblioteca06-165x109.jpg 165w, https:\/\/www.upo.es\/diario\/wp-content\/uploads\/2021\/01\/Biblioteca06-1320x880.jpg 1320w\" sizes=\"auto, (max-width: 750px) 100vw, 750px\" \/><\/a><figcaption id=\"caption-attachment-30863853\" class=\"wp-caption-text\">Sala de Lectura de la Biblioteca\/CRAI<\/figcaption><\/figure>\n<p>La Biblioteca\/CRAI de la Universidad Pablo de Olavide vuelve a abrir sus instalaciones a partir de hoy mi\u00e9rcoles 13 de enero, <strong>en horario de lunes a viernes, de 8:30 a 20:00 horas<\/strong>, con el fin de facilitar la preparaci\u00f3n de los ex\u00e1menes, en cumplimiento de la <a href=\"https:\/\/upo.gob.es\/system\/modules\/com.saga.upo.sedeelectronica.frontend\/handler\/download-alfresco-document.pdf?ref=eaf60574-7e60-4786-a64d-352b772bc2ed\">Resoluci\u00f3n rectoral de 12 de enero de 2021<\/a> de la UPO por la que se establecen medidas preventivas ante la situaci\u00f3n de excepcionalidad que en t\u00e9rminos de salud p\u00fablica apareja la COVID-19.<\/p>\n<p>El aforo es reducido y el acceso est\u00e1 limitado a miembros de la comunidad universitaria que deber\u00e1n presentar en la puerta de entrada la reserva realizada a trav\u00e9s de la aplicaci\u00f3n <a href=\"https:\/\/www.upo.es\/biblioteca\/reserva-de-espacios\/\">AFFLUENCES<\/a>. Con esta aplicaci\u00f3n los miembros de la comunidad universitaria podr\u00e1n reservar de forma sencilla puestos de lectura, salas de trabajo en grupo y puestos con ordenadores, tanto en Mediateca como en las Aulas de Inform\u00e1tica.<\/p>\n<p>Para ello solo es necesario contar con un correo electr\u00f3nico institucional (dominio upo.es), acceder a trav\u00e9s de la web <a href=\"https:\/\/www.affluences.com\/bibliotecacrai-univ-pablo-de-olavide\">https:\/\/www.affluences.com\/bibliotecacrai-univ-pablo-de-olavide<\/a>, o descargar la aplicaci\u00f3n gratuita disponible en Google Play y App Store.<\/p>\n<p>La primera vez que se utiliza la app hay que confirmar el correo electr\u00f3nico recibido y una vez en la Biblioteca\/CRAI, despu\u00e9s de mostrar la reserva en la puerta, validar la ocupaci\u00f3n escaneando el c\u00f3digo QR de la entrada.<\/p>\n<p><strong>Medidas sanitarias<\/strong><\/p>\n<p><a href=\"https:\/\/www.upo.es\/diario\/wp-content\/uploads\/2021\/01\/Biblioteca03.jpg\"><img loading=\"lazy\" decoding=\"async\" class=\"alignright size-medium wp-image-30863855\" src=\"https:\/\/www.upo.es\/diario\/wp-content\/uploads\/2021\/01\/Biblioteca03-360x240.jpg\" alt=\"\" width=\"360\" height=\"240\" srcset=\"https:\/\/www.upo.es\/diario\/wp-content\/uploads\/2021\/01\/Biblioteca03-360x240.jpg 360w, https:\/\/www.upo.es\/diario\/wp-content\/uploads\/2021\/01\/Biblioteca03-750x500.jpg 750w, https:\/\/www.upo.es\/diario\/wp-content\/uploads\/2021\/01\/Biblioteca03-768x512.jpg 768w, https:\/\/www.upo.es\/diario\/wp-content\/uploads\/2021\/01\/Biblioteca03-600x400.jpg 600w, https:\/\/www.upo.es\/diario\/wp-content\/uploads\/2021\/01\/Biblioteca03-1536x1024.jpg 1536w, https:\/\/www.upo.es\/diario\/wp-content\/uploads\/2021\/01\/Biblioteca03-2048x1366.jpg 2048w, https:\/\/www.upo.es\/diario\/wp-content\/uploads\/2021\/01\/Biblioteca03-165x109.jpg 165w, https:\/\/www.upo.es\/diario\/wp-content\/uploads\/2021\/01\/Biblioteca03-1320x880.jpg 1320w\" sizes=\"auto, (max-width: 360px) 100vw, 360px\" \/><\/a>Para poder abrir con seguridad, tanto para los usuarios como para el personal, la Biblioteca\/CRAI de la Universidad Pablo de Olavide ha estado trabajando en colaboraci\u00f3n con el \u00c1rea de Salud y Prevenci\u00f3n de la Universidad, a fin de adoptar una serie de medidas recogidas en el Plan anti-COVID-19 de la Biblioteca\/CRAI.<\/p>\n<p>Por un lado, para facilitar el <strong>distanciamiento social<\/strong> se han establecido y se\u00f1alizado itinerarios de circulaci\u00f3n dentro de las instalaciones, las entradas y salidas y las distancias de seguridad, retir\u00e1ndose parte del mobiliario.<\/p>\n<p><strong>El aforo se ha reducido al 50%<\/strong> y se han instalado mamparas separadoras tanto en las mesas de la Sala de Lectura como en el Mostrador Central y en los puestos con atenci\u00f3n directa a los usuarios.<\/p>\n<p>Por otro lado, se han instalados <strong>puntos de higienizaci\u00f3n<\/strong> en los accesos y en distintas localizaciones de la Biblioteca\/CRAI para que los usuarios\/as puedan limpiar sus puestos antes de su uso, reforz\u00e1ndose adem\u00e1s la limpieza y desinfecci\u00f3n de los puestos de lectura y equipos.<\/p>\n<p>&nbsp;<\/p>\n<p><strong>M\u00e1s informaci\u00f3n:<\/strong><\/p>\n<p><a href=\"https:\/\/www.upo.es\/biblioteca\/detalle-noticias\/Apertura-de-la-Sala-de-Lectura-de-la-Biblioteca-CRAI\/\">Biblioteca\/CRAI<\/a><\/p>\n<p><a href=\"https:\/\/www.upo.es\/biblioteca\/reserva-de-espacios\/\">Reserva de espacios<\/a><\/p>\n","protected":false},"excerpt":{"rendered":"<p>La Biblioteca\/CRAI de la Universidad Pablo de Olavide vuelve a abrir sus instalaciones a partir de hoy mi\u00e9rcoles 13 de enero, en horario de lunes a viernes, de 8:30 a 20:00 horas, con el fin de facilitar la preparaci\u00f3n de los ex\u00e1menes, en cumplimiento de la Resoluci\u00f3n rectoral de 12 de enero de 2021 de la UPO por la que se establecen medidas preventivas ante la situaci\u00f3n de excepcionalidad que en t\u00e9rminos de salud p\u00fablica apareja la COVID-19.<\/p>\n","protected":false},"author":2,"featured_media":30863853,"comment_status":"closed","ping_status":"open","sticky":false,"template":"","format":"standard","meta":{"_monsterinsights_skip_tracking":false,"_monsterinsights_sitenote_active":false,"_monsterinsights_sitenote_note":"","_monsterinsights_sitenote_category":0,"footnotes":""},"categories":[5842],"tags":[4436,125,2491,6601,7184],"class_list":["post-30863847","post","type-post","status-publish","format-standard","has-post-thumbnail","hentry","category-comunidad","tag-apertura","tag-biblioteca","tag-biblioteca-crai","tag-covid-19","tag-medidas-sanitarias"],"_links":{"self":[{"href":"https:\/\/www.upo.es\/diario\/wp-json\/wp\/v2\/posts\/30863847","targetHints":{"allow":["GET"]}}],"collection":[{"href":"https:\/\/www.upo.es\/diario\/wp-json\/wp\/v2\/posts"}],"about":[{"href":"https:\/\/www.upo.es\/diario\/wp-json\/wp\/v2\/types\/post"}],"author":[{"embeddable":true,"href":"https:\/\/www.upo.es\/diario\/wp-json\/wp\/v2\/users\/2"}],"replies":[{"embeddable":true,"href":"https:\/\/www.upo.es\/diario\/wp-json\/wp\/v2\/comments?post=30863847"}],"version-history":[{"count":3,"href":"https:\/\/www.upo.es\/diario\/wp-json\/wp\/v2\/posts\/30863847\/revisions"}],"predecessor-version":[{"id":30863856,"href":"https:\/\/www.upo.es\/diario\/wp-json\/wp\/v2\/posts\/30863847\/revisions\/30863856"}],"wp:featuredmedia":[{"embeddable":true,"href":"https:\/\/www.upo.es\/diario\/wp-json\/wp\/v2\/media\/30863853"}],"wp:attachment":[{"href":"https:\/\/www.upo.es\/diario\/wp-json\/wp\/v2\/media?parent=30863847"}],"wp:term":[{"taxonomy":"category","embeddable":true,"href":"https:\/\/www.upo.es\/diario\/wp-json\/wp\/v2\/categories?post=30863847"},{"taxonomy":"post_tag","embeddable":true,"href":"https:\/\/www.upo.es\/diario\/wp-json\/wp\/v2\/tags?post=30863847"}],"curies":[{"name":"wp","href":"https:\/\/api.w.org\/{rel}","templated":true}]}}