{"id":30863891,"date":"2021-01-18T14:17:19","date_gmt":"2021-01-18T13:17:19","guid":{"rendered":"https:\/\/www.upo.es\/diario\/?p=30863891"},"modified":"2021-02-11T11:12:31","modified_gmt":"2021-02-11T10:12:31","slug":"la-upo-y-el-ayuntamiento-de-sevilla-refuerzan-sinergias-de-intervencion-en-barrios-con-necesidad-de-transformacion-social","status":"publish","type":"post","link":"https:\/\/www.upo.es\/diario\/cultura-social\/2021\/01\/la-upo-y-el-ayuntamiento-de-sevilla-refuerzan-sinergias-de-intervencion-en-barrios-con-necesidad-de-transformacion-social\/","title":{"rendered":"La UPO y el Ayuntamiento de Sevilla refuerzan sinergias de intervenci\u00f3n en barrios con necesidad de transformaci\u00f3n social"},"content":{"rendered":"<figure id=\"attachment_30863892\" aria-describedby=\"caption-attachment-30863892\" style=\"width: 750px\" class=\"wp-caption aligncenter\"><a href=\"https:\/\/www.upo.es\/diario\/wp-content\/uploads\/2021\/01\/visita_area_bienestarsocial_aytosevilla02.jpg\"><img loading=\"lazy\" decoding=\"async\" class=\"size-large wp-image-30863892\" src=\"https:\/\/www.upo.es\/diario\/wp-content\/uploads\/2021\/01\/visita_area_bienestarsocial_aytosevilla02-750x500.jpg\" alt=\"\" width=\"750\" height=\"500\" srcset=\"https:\/\/www.upo.es\/diario\/wp-content\/uploads\/2021\/01\/visita_area_bienestarsocial_aytosevilla02-750x500.jpg 750w, https:\/\/www.upo.es\/diario\/wp-content\/uploads\/2021\/01\/visita_area_bienestarsocial_aytosevilla02-360x240.jpg 360w, https:\/\/www.upo.es\/diario\/wp-content\/uploads\/2021\/01\/visita_area_bienestarsocial_aytosevilla02-768x512.jpg 768w, https:\/\/www.upo.es\/diario\/wp-content\/uploads\/2021\/01\/visita_area_bienestarsocial_aytosevilla02-600x400.jpg 600w, https:\/\/www.upo.es\/diario\/wp-content\/uploads\/2021\/01\/visita_area_bienestarsocial_aytosevilla02-1536x1024.jpg 1536w, https:\/\/www.upo.es\/diario\/wp-content\/uploads\/2021\/01\/visita_area_bienestarsocial_aytosevilla02-2048x1366.jpg 2048w, https:\/\/www.upo.es\/diario\/wp-content\/uploads\/2021\/01\/visita_area_bienestarsocial_aytosevilla02-165x109.jpg 165w, https:\/\/www.upo.es\/diario\/wp-content\/uploads\/2021\/01\/visita_area_bienestarsocial_aytosevilla02-1320x880.jpg 1320w\" sizes=\"auto, (max-width: 750px) 100vw, 750px\" \/><\/a><figcaption id=\"caption-attachment-30863892\" class=\"wp-caption-text\">Jos\u00e9 Luis Sarasola, David Cobos, Juan Manuel Flores y Emilia Barroso<\/figcaption><\/figure>\n<p>La Universidad Pablo de Olavide y el Ayuntamiento de Sevilla han celebrado hoy lunes 18 de enero un <strong>encuentro con el objetivo de reforzar sinergias en la pol\u00edtica de intervenci\u00f3n que ambas entidades vienen realizando en barrios con necesidad de transformaci\u00f3n social, espec\u00edficamente en el Pol\u00edgono sur, e iniciar una nueva etapa de colaboraci\u00f3n a trav\u00e9s de los distintos proyectos<\/strong>, singularmente la labor social que se desarrolla desde la Residencia Universitaria Flora Trist\u00e1n.<\/p>\n<p>A esta reuni\u00f3n de trabajo han asistido el teniente de alcalde delegado del\u00a0\u00c1rea de Bienestar Social, Empleo y\u00a0Planes Integrales de Transformaci\u00f3n Social del Ayuntamiento de Sevilla, <strong>Juan Manuel Flores Cordero<\/strong>, quien ha estado acompa\u00f1ado por<strong> Emilia Barroso Fuentes<\/strong>, directora general de Acci\u00f3n Social. Por parte de la UPO, han asistido el vicerrector de Cultura y Pol\u00edticas Sociales, <strong>David Cobos Sanchiz<\/strong>, y el director general de Innovaci\u00f3n Social, <strong>Jos\u00e9 Luis Sarasola S\u00e1nchez-Serrano.<\/strong><\/p>\n<p>Durante la reuni\u00f3n, los representantes de la Universidad Pablo de Olavide han destacado el nuevo impulso que se busca dar a la Residencia Universitaria Flora Trist\u00e1n, fortaleciendo la misma mediante la puesta en marcha de proyectos que redunden en una mejora del bienestar social y educativo de las personas que viven \u00a0en el Pol\u00edgono Sur \u00a0En esta l\u00ednea, se ha anunciado la constituci\u00f3n en la sede de un nuevo Centro de Innovaci\u00f3n Social y Cultural, que pretende ser un referente en pol\u00edticas de intervenci\u00f3n y socioeducativas.<\/p>\n<p>Entre los nuevos proyectos que se van desarrollar desde la Universidad Pablo de Olavide destaca un <strong>Programa de Altas Capacidades<\/strong> que sirva como seguimiento y apoyo constante en materia social y educacional a menores que destacan en el \u00e1mbito formativo, a fin de facilitar su acceso a la Universidad. Tambi\u00e9n, en el marco de la econom\u00eda colaborativa, se pondr\u00e1 en marcha un\u00a0<strong>Programa de Banco del Tiempo<\/strong>\u00a0que posibilite la solidaridad ciudadana compartiendo habilidades, conocimientos y estrategias entre los vecinos y vecinas. Asimismo, se impulsar\u00e1 un\u00a0<strong>Programa de M\u00e9todos Alternativos de Resoluci\u00f3n de Conflictos<\/strong>, a trav\u00e9s del cual se ense\u00f1en t\u00e9cnicas de mediaci\u00f3n y estrategias comunicativas y de conciliaci\u00f3n que permitan gestionar los conflictos familiares, vecinales, comunitarios y educativos. Igualmente se trabajar\u00e1 con un\u00a0<strong>Programa de Voluntariado en Emergencias<\/strong>\u00a0para\u00a0que estudiantes previamente formados puedan coordinarse con la Unidad de Emergencias y Administraciones y entidades competentes para colaborar en la atenci\u00f3n e intervenci\u00f3n frente a sucesos que se produzcan en la ciudad de Sevilla.<\/p>\n<p>Desde el <strong>Vicerrectorado de Cultura y Pol\u00edticas Sociales de la Universidad Pablo de Olavide<\/strong> se hace una apuesta decidida por impulsar la democratizaci\u00f3n cultural en el barrio, mediante programas participativos hechos por y para la propia vecindad, en los que resulta fundamental la colaboraci\u00f3n con el Ayuntamiento de Sevilla a trav\u00e9s de su \u00c1rea de Bienestar Social, Empleo y\u00a0Planes Integrales de Transformaci\u00f3n Social. Finalmente, se ha destacado la necesidad de que el Ayuntamiento intensifique su presencia a todos los niveles en el entorno de la Flora Trist\u00e1n, a nivel de seguridad, limpieza y mantenimiento para generar el entorno que propicie y facilite la consecuci\u00f3n de los objetivos planteados.\u00a0 La reuni\u00f3n ha concluido con el compromiso de Universidad y Ayuntamiento de consolidar y fortalecer la colaboraci\u00f3n y coordinaci\u00f3n interinstitucional, as\u00ed como impulsar trabajos de investigaci\u00f3n social que den soporte a las distintas actuaciones.<\/p>\n<p>\u201cEste marco de colaboraci\u00f3n entre la Universidad Pablo de Olavide y el Ayuntamiento de Sevilla es fundamental para seguir avanzando en la estrategia de intervenci\u00f3n integral en los barrios con necesidad de transformaci\u00f3n social como es el Pol\u00edgono Sur. Esta es una prioridad del gobierno y de la ciudad de Sevilla en la que todas las instituciones debemos sumar esfuerzos\u201d, explica el delegado de Bienestar social, Empleo y planes integrales,<strong> Juan Manuel Flores.<\/strong><\/p>\n<p>Por su parte, el vicerrector de Cultura y Pol\u00edticas Sociales de la UPO, <strong>David Cobos Sanchiz<\/strong>, ha resaltado que \u201clas pol\u00edticas sociales son una indiscutible se\u00f1a de identidad de esta Universidad que, en este nuevo per\u00edodo de gobierno, queremos profundizar de manera singular con una intensa relaci\u00f3n interinstitucional, en la que el Ayuntamiento como administraci\u00f3n m\u00e1s cercana a la ciudadan\u00eda jugar\u00e1, sin duda, un papel protag\u00f3nico\u201d.<\/p>\n","protected":false},"excerpt":{"rendered":"<p>La constituci\u00f3n de un nuevo Centro de Innovaci\u00f3n Social y Cultural en la Residencia Universitaria Flora Trist\u00e1n y nuevas iniciativas de apoyo al Pol\u00edgono Sur son algunos de los proyectos abordados en el encuentro celebrado hoy en la UPO.<\/p>\n","protected":false},"author":6,"featured_media":30863892,"comment_status":"closed","ping_status":"open","sticky":false,"template":"","format":"standard","meta":{"_monsterinsights_skip_tracking":false,"_monsterinsights_sitenote_active":false,"_monsterinsights_sitenote_note":"","_monsterinsights_sitenote_category":0,"footnotes":""},"categories":[5843],"tags":[621,872,5150,202,3935,357,1064,161,2493,7194],"class_list":["post-30863891","post","type-post","status-publish","format-standard","has-post-thumbnail","hentry","category-cultura-social","tag-ayuntamiento-de-sevilla","tag-bienestar-social","tag-david-cobos-sanchiz","tag-encuentro-institucional","tag-jose-luis-sarasola","tag-poligono-sur","tag-residencia-flora-tristan","tag-sevilla","tag-transformacion-social","tag-vicerrectorado-de-cultura-y-politicas-sociales"],"_links":{"self":[{"href":"https:\/\/www.upo.es\/diario\/wp-json\/wp\/v2\/posts\/30863891","targetHints":{"allow":["GET"]}}],"collection":[{"href":"https:\/\/www.upo.es\/diario\/wp-json\/wp\/v2\/posts"}],"about":[{"href":"https:\/\/www.upo.es\/diario\/wp-json\/wp\/v2\/types\/post"}],"author":[{"embeddable":true,"href":"https:\/\/www.upo.es\/diario\/wp-json\/wp\/v2\/users\/6"}],"replies":[{"embeddable":true,"href":"https:\/\/www.upo.es\/diario\/wp-json\/wp\/v2\/comments?post=30863891"}],"version-history":[{"count":2,"href":"https:\/\/www.upo.es\/diario\/wp-json\/wp\/v2\/posts\/30863891\/revisions"}],"predecessor-version":[{"id":30863894,"href":"https:\/\/www.upo.es\/diario\/wp-json\/wp\/v2\/posts\/30863891\/revisions\/30863894"}],"wp:featuredmedia":[{"embeddable":true,"href":"https:\/\/www.upo.es\/diario\/wp-json\/wp\/v2\/media\/30863892"}],"wp:attachment":[{"href":"https:\/\/www.upo.es\/diario\/wp-json\/wp\/v2\/media?parent=30863891"}],"wp:term":[{"taxonomy":"category","embeddable":true,"href":"https:\/\/www.upo.es\/diario\/wp-json\/wp\/v2\/categories?post=30863891"},{"taxonomy":"post_tag","embeddable":true,"href":"https:\/\/www.upo.es\/diario\/wp-json\/wp\/v2\/tags?post=30863891"}],"curies":[{"name":"wp","href":"https:\/\/api.w.org\/{rel}","templated":true}]}}