{"id":30863901,"date":"2021-01-19T13:01:17","date_gmt":"2021-01-19T12:01:17","guid":{"rendered":"https:\/\/www.upo.es\/diario\/?p=30863901"},"modified":"2021-01-20T10:06:02","modified_gmt":"2021-01-20T09:06:02","slug":"el-ayuntamiento-y-la-upo-acuerdan-el-aplazamiento-del-foro-metropolitano-previsto-para-manana-ante-la-evolucion-de-la-crisis-sanitaria-en-la-provincia","status":"publish","type":"post","link":"https:\/\/www.upo.es\/diario\/institucional\/2021\/01\/el-ayuntamiento-y-la-upo-acuerdan-el-aplazamiento-del-foro-metropolitano-previsto-para-manana-ante-la-evolucion-de-la-crisis-sanitaria-en-la-provincia\/","title":{"rendered":"El Ayuntamiento y la UPO acuerdan el aplazamiento del foro metropolitano ante la evoluci\u00f3n de la crisis sanitaria en la provincia"},"content":{"rendered":"<p><img loading=\"lazy\" decoding=\"async\" class=\"alignright size-medium wp-image-30863902\" src=\"https:\/\/www.upo.es\/diario\/wp-content\/uploads\/2021\/01\/ForoMetropolitanoSevilla-1-254x360.png\" alt=\"primer foro metropolitano de Sevilla \" width=\"254\" height=\"360\" srcset=\"https:\/\/www.upo.es\/diario\/wp-content\/uploads\/2021\/01\/ForoMetropolitanoSevilla-1-254x360.png 254w, https:\/\/www.upo.es\/diario\/wp-content\/uploads\/2021\/01\/ForoMetropolitanoSevilla-1-530x750.png 530w, https:\/\/www.upo.es\/diario\/wp-content\/uploads\/2021\/01\/ForoMetropolitanoSevilla-1.png 595w\" sizes=\"auto, (max-width: 254px) 100vw, 254px\" \/>El Ayuntamiento de Sevilla y la Universidad Pablo de Olavide han acordado el <strong>aplazamiento del primer foro metropolitano de Sevilla que estaba programado para ma\u00f1ana d\u00eda 20 de enero<\/strong> en la Fundaci\u00f3n Cajasol. La decisi\u00f3n se ha adoptado ante la evoluci\u00f3n de la pandemia durante los \u00faltimos d\u00edas en la provincia, de acuerdo con las recomendaciones establecidas por la Junta de Andaluc\u00eda como autoridad sanitaria en cuanto a la reducci\u00f3n de la actividad presencial y en coherencia con la decisi\u00f3n del Ayuntamiento de limitar los actos institucionales al entrar la ciudad en el nivel 4.<\/p>\n<p>El primer foro ten\u00eda programada la participaci\u00f3n de la Junta de Andaluc\u00eda, la Diputaci\u00f3n Provincial y diferentes ayuntamientos del \u00e1rea metropolitana. Adem\u00e1s, estaba prevista la presencia de agentes sociales y econ\u00f3micos y de expertos y especialistas del \u00e1mbito acad\u00e9mico de diferentes universidades.<\/p>\n<p><strong>El Ayuntamiento de Sevilla y la Universidad Pablo de Olavide como promotores de este evento retomar\u00e1n su organizaci\u00f3n en cuanto se den las condiciones sanitarias adecuadas<\/strong>.<\/p>\n","protected":false},"excerpt":{"rendered":"<p>El Ayuntamiento de Sevilla y la Universidad Pablo de Olavide han acordado el aplazamiento del primer foro metropolitano de Sevilla que estaba programado para ma\u00f1ana d\u00eda 20 de enero en la Fundaci\u00f3n Cajasol. La decisi\u00f3n se ha adoptado ante la evoluci\u00f3n de la pandemia durante los \u00faltimos d\u00edas en la provincia, de acuerdo con las recomendaciones establecidas por la Junta de Andaluc\u00eda como autoridad sanitaria en cuanto a la reducci\u00f3n de la actividad presencial y en coherencia con la decisi\u00f3n del Ayuntamiento de limitar los actos institucionales al entrar la ciudad en el nivel 4.<\/p>\n","protected":false},"author":6,"featured_media":30863902,"comment_status":"closed","ping_status":"open","sticky":false,"template":"","format":"standard","meta":{"_monsterinsights_skip_tracking":false,"_monsterinsights_sitenote_active":false,"_monsterinsights_sitenote_note":"","_monsterinsights_sitenote_category":0,"footnotes":""},"categories":[6],"tags":[621,6601,1436],"class_list":["post-30863901","post","type-post","status-publish","format-standard","has-post-thumbnail","hentry","category-institucional","tag-ayuntamiento-de-sevilla","tag-covid-19","tag-foro"],"_links":{"self":[{"href":"https:\/\/www.upo.es\/diario\/wp-json\/wp\/v2\/posts\/30863901","targetHints":{"allow":["GET"]}}],"collection":[{"href":"https:\/\/www.upo.es\/diario\/wp-json\/wp\/v2\/posts"}],"about":[{"href":"https:\/\/www.upo.es\/diario\/wp-json\/wp\/v2\/types\/post"}],"author":[{"embeddable":true,"href":"https:\/\/www.upo.es\/diario\/wp-json\/wp\/v2\/users\/6"}],"replies":[{"embeddable":true,"href":"https:\/\/www.upo.es\/diario\/wp-json\/wp\/v2\/comments?post=30863901"}],"version-history":[{"count":2,"href":"https:\/\/www.upo.es\/diario\/wp-json\/wp\/v2\/posts\/30863901\/revisions"}],"predecessor-version":[{"id":30863908,"href":"https:\/\/www.upo.es\/diario\/wp-json\/wp\/v2\/posts\/30863901\/revisions\/30863908"}],"wp:featuredmedia":[{"embeddable":true,"href":"https:\/\/www.upo.es\/diario\/wp-json\/wp\/v2\/media\/30863902"}],"wp:attachment":[{"href":"https:\/\/www.upo.es\/diario\/wp-json\/wp\/v2\/media?parent=30863901"}],"wp:term":[{"taxonomy":"category","embeddable":true,"href":"https:\/\/www.upo.es\/diario\/wp-json\/wp\/v2\/categories?post=30863901"},{"taxonomy":"post_tag","embeddable":true,"href":"https:\/\/www.upo.es\/diario\/wp-json\/wp\/v2\/tags?post=30863901"}],"curies":[{"name":"wp","href":"https:\/\/api.w.org\/{rel}","templated":true}]}}