{"id":30863912,"date":"2021-01-20T11:25:41","date_gmt":"2021-01-20T10:25:41","guid":{"rendered":"https:\/\/www.upo.es\/diario\/?p=30863912"},"modified":"2021-01-20T11:26:58","modified_gmt":"2021-01-20T10:26:58","slug":"andalucia-en-digital-2021","status":"publish","type":"post","link":"https:\/\/www.upo.es\/diario\/video\/2021\/01\/andalucia-en-digital-2021\/","title":{"rendered":"Andaluc\u00eda en Digital 2021"},"content":{"rendered":"<p><iframe loading=\"lazy\" src=\"https:\/\/www.youtube.com\/embed\/2WpOTcrPzWo\" width=\"720\" height=\"405\" frameborder=\"0\" allowfullscreen=\"allowfullscreen\"><span data-mce-type=\"bookmark\" style=\"display: inline-block; width: 0px; overflow: hidden; line-height: 0;\" class=\"mce_SELRES_start\">\ufeff<\/span><\/iframe><br \/>\nTelef\u00f3nica celebra el evento<strong> \u201cAndaluc\u00eda en digital. Innovaci\u00f3n y emprendimiento, los motores del cambio andaluz\u201d<\/strong>. La mesa redonda <u>\u00a0\u201cEl papel que juegan la innovaci\u00f3n y el emprendimiento en el futuro econ\u00f3mico de Andaluc\u00eda\u201d<\/u>, cuenta con la participaci\u00f3n del consejero de Transformaci\u00f3n Econ\u00f3mica, Industria, Conocimiento y Universidades de la Junta de Andaluc\u00eda, <strong>Rogelio Velasco<\/strong>; el rector de la Universidad Pablo Olavide, <strong>Francisco Oliva<\/strong>, y el director general del Territorio Sur de Telef\u00f3nica Espa\u00f1a, <strong>Jer\u00f3nimo V\u00edlchez.<\/strong><\/p>\n","protected":false},"excerpt":{"rendered":"<p>Telef\u00f3nica celebra el evento \u201cAndaluc\u00eda en digital. Innovaci\u00f3n y emprendimiento, los motores del cambio andaluz\u201d. La mesa redonda \u00a0\u201cEl papel que juegan la innovaci\u00f3n y el emprendimiento en el futuro econ\u00f3mico de Andaluc\u00eda\u201d, cuenta con la participaci\u00f3n del consejero de Transformaci\u00f3n Econ\u00f3mica, Industria, Conocimiento y Universidades de la Junta de Andaluc\u00eda, Rogelio Velasco; el Rector de la Universidad Pablo Olavide, Francisco Oliva, y el director general del Territorio Sur de Telef\u00f3nica Espa\u00f1a, Jer\u00f3nimo V\u00edlchez.<\/p>\n","protected":false},"author":6,"featured_media":30863914,"comment_status":"closed","ping_status":"open","sticky":false,"template":"","format":"video","meta":{"_monsterinsights_skip_tracking":false,"_monsterinsights_sitenote_active":false,"_monsterinsights_sitenote_note":"","_monsterinsights_sitenote_category":0,"footnotes":""},"categories":[6038],"tags":[2134,689,4021,203,221,38,7197,928,39],"class_list":["post-30863912","post","type-post","status-publish","format-video","has-post-thumbnail","hentry","category-video","tag-digitalizacion","tag-emprendimiento","tag-francisco-oliva-blazquez","tag-junta-de-andalucia","tag-mesa-redonda","tag-rector","tag-rogelio-velasco","tag-telefonica","tag-universidades","post_format-post-format-video"],"_links":{"self":[{"href":"https:\/\/www.upo.es\/diario\/wp-json\/wp\/v2\/posts\/30863912","targetHints":{"allow":["GET"]}}],"collection":[{"href":"https:\/\/www.upo.es\/diario\/wp-json\/wp\/v2\/posts"}],"about":[{"href":"https:\/\/www.upo.es\/diario\/wp-json\/wp\/v2\/types\/post"}],"author":[{"embeddable":true,"href":"https:\/\/www.upo.es\/diario\/wp-json\/wp\/v2\/users\/6"}],"replies":[{"embeddable":true,"href":"https:\/\/www.upo.es\/diario\/wp-json\/wp\/v2\/comments?post=30863912"}],"version-history":[{"count":4,"href":"https:\/\/www.upo.es\/diario\/wp-json\/wp\/v2\/posts\/30863912\/revisions"}],"predecessor-version":[{"id":30863917,"href":"https:\/\/www.upo.es\/diario\/wp-json\/wp\/v2\/posts\/30863912\/revisions\/30863917"}],"wp:featuredmedia":[{"embeddable":true,"href":"https:\/\/www.upo.es\/diario\/wp-json\/wp\/v2\/media\/30863914"}],"wp:attachment":[{"href":"https:\/\/www.upo.es\/diario\/wp-json\/wp\/v2\/media?parent=30863912"}],"wp:term":[{"taxonomy":"category","embeddable":true,"href":"https:\/\/www.upo.es\/diario\/wp-json\/wp\/v2\/categories?post=30863912"},{"taxonomy":"post_tag","embeddable":true,"href":"https:\/\/www.upo.es\/diario\/wp-json\/wp\/v2\/tags?post=30863912"}],"curies":[{"name":"wp","href":"https:\/\/api.w.org\/{rel}","templated":true}]}}