{"id":30863918,"date":"2021-01-20T14:35:18","date_gmt":"2021-01-20T13:35:18","guid":{"rendered":"https:\/\/www.upo.es\/diario\/?p=30863918"},"modified":"2021-01-25T14:18:13","modified_gmt":"2021-01-25T13:18:13","slug":"francisco-oliva-destaca-el-papel-de-la-juventud-como-motor-de-cambio-e-innovacion-social","status":"publish","type":"post","link":"https:\/\/www.upo.es\/diario\/institucional\/2021\/01\/francisco-oliva-destaca-el-papel-de-la-juventud-como-motor-de-cambio-e-innovacion-social\/","title":{"rendered":"Francisco Oliva destaca el papel de la juventud como motor de cambio e innovaci\u00f3n social"},"content":{"rendered":"<p><a href=\"https:\/\/www.upo.es\/diario\/wp-content\/uploads\/2021\/01\/evento-telefonica-.jpg\"><img loading=\"lazy\" decoding=\"async\" class=\"aligncenter size-large wp-image-30863919\" src=\"https:\/\/www.upo.es\/diario\/wp-content\/uploads\/2021\/01\/evento-telefonica--750x500.jpg\" alt=\"evento \u2018Andaluc\u00eda en digital. Innovaci\u00f3n y emprendimiento, los motores del cambio andaluz\u2019\" width=\"750\" height=\"500\" srcset=\"https:\/\/www.upo.es\/diario\/wp-content\/uploads\/2021\/01\/evento-telefonica--750x500.jpg 750w, https:\/\/www.upo.es\/diario\/wp-content\/uploads\/2021\/01\/evento-telefonica--360x240.jpg 360w, https:\/\/www.upo.es\/diario\/wp-content\/uploads\/2021\/01\/evento-telefonica--768x512.jpg 768w, https:\/\/www.upo.es\/diario\/wp-content\/uploads\/2021\/01\/evento-telefonica--600x400.jpg 600w, https:\/\/www.upo.es\/diario\/wp-content\/uploads\/2021\/01\/evento-telefonica--165x109.jpg 165w, https:\/\/www.upo.es\/diario\/wp-content\/uploads\/2021\/01\/evento-telefonica-.jpg 1250w\" sizes=\"auto, (max-width: 750px) 100vw, 750px\" \/><\/a>El rector de la Universidad Pablo de Olavide, <strong>Francisco Oliva<\/strong>, ha participado en la ma\u00f1ana de hoy en el evento <a href=\"https:\/\/www.upo.es\/diario\/video\/2021\/01\/andalucia-en-digital-2021\/\"><strong>\u2018Andaluc\u00eda en digital. Innovaci\u00f3n y emprendimiento, los motores del cambio andaluz\u2019<\/strong>,<\/a> organizado por Telef\u00f3nica, junto al consejero de Transformaci\u00f3n Econ\u00f3mica, Industria, Conocimiento y Universidades de la Junta de Andaluc\u00eda, <strong>Rogelio Velasco<\/strong> y el director general del Territorio Sur de Telef\u00f3nica Espa\u00f1a,<strong> Jer\u00f3nimo V\u00edlchez<\/strong>.<\/p>\n<blockquote><p>\u00abLa juventud es equivalente a las iniciativas audaces, a la ausencia de fronteras, del deseo de cambio y al talento puesto al servicio de las ideas\u00bb<\/p><\/blockquote>\n<p>En concreto, ha intervenido en la <strong>mesa \u2018El papel que juegan la innovaci\u00f3n y el emprendimiento en el futuro econ\u00f3mico de Andaluc\u00eda\u2019<\/strong>, en la que ha destacado la importancia de la juventud como motor de cambio e innovaci\u00f3n: \u201cLa juventud es equivalente a las iniciativas audaces, a la ausencia de fronteras, del deseo de cambio y al talento puesto al servicio de las ideas\u201d. Francisco Oliva ha puesto de manifiesto que la funci\u00f3n de la Universidad en este campo es la de crear un marco de reflexi\u00f3n en el que, a partir del conocimiento aprendido se generen nuevas iniciativas que rompan con lo establecido y se atrevan con nuevos prop\u00f3sitos que pongan en entredicho lo que tradicionalmente se ha mostrado como el \u00fanico camino posible.<\/p>\n<p>Respecto a las pol\u00edticas activas para la empleabilidad y el emprendimiento de la Universidad, desarrolladas por la Fundaci\u00f3n Universidad Pablo de Olavide, Francisco Oliva ha explicado c\u00f3mo la UPO sigue un plan estrat\u00e9gico que tiene muy en cuenta las necesidades y demandas del mercado laboral. Adem\u00e1s, ha resaltado que la Universidad cuenta con el primer Centro Andaluz de Emprendimiento Universitario (CADE) con espacio coworking. \u201cEn el 2019 hemos contabilizado casi un centenar de proyectos emprendedores nacidos en la instituci\u00f3n\u201d, ha subrayado.<\/p>\n<p>Por otro lado, el rector ha destacado el reto de universidades y administraciones p\u00fablicas de encauzar el talento colectivo de los j\u00f3venes: \u201cTenemos que poner en marcha mecanismos para que el talento innovador de la juventud se pueda encauzar de manera colectiva, y que ese conocimiento se haga m\u00e1s potente\u201d.<\/p>\n<p>Finalmente, Francisco Oliva ha se\u00f1alado la importancia de complementar el fomento de la cultura emprendedora con la b\u00fasqueda de motivaciones de los j\u00f3venes, a fin de tenerlas m\u00e1s en cuenta en el dise\u00f1o de pol\u00edticas de emprendimiento.<\/p>\n","protected":false},"excerpt":{"rendered":"<p>El rector de la Universidad Pablo de Olavide, Francisco Oliva, ha participado en la ma\u00f1ana de hoy en el evento \u2018Andaluc\u00eda en digital. Innovaci\u00f3n y emprendimiento, los motores del cambio andaluz\u2019, organizado por Telef\u00f3nica, junto al consejero de Transformaci\u00f3n Econ\u00f3mica, Industria, Conocimiento y Universidades de la Junta de Andaluc\u00eda, Rogelio Velasco y el director general del Territorio Sur de Telef\u00f3nica Espa\u00f1a, Jer\u00f3nimo V\u00edlchez.<\/p>\n","protected":false},"author":6,"featured_media":30863919,"comment_status":"closed","ping_status":"open","sticky":false,"template":"","format":"standard","meta":{"_monsterinsights_skip_tracking":false,"_monsterinsights_sitenote_active":false,"_monsterinsights_sitenote_note":"","_monsterinsights_sitenote_category":0,"footnotes":""},"categories":[6],"tags":[2519,6618,689,4021,554,203,221,38,7197,928],"class_list":["post-30863918","post","type-post","status-publish","format-standard","has-post-thumbnail","hentry","category-institucional","tag-crisis-economica","tag-crisis-sanitaria","tag-emprendimiento","tag-francisco-oliva-blazquez","tag-innovacion","tag-junta-de-andalucia","tag-mesa-redonda","tag-rector","tag-rogelio-velasco","tag-telefonica"],"_links":{"self":[{"href":"https:\/\/www.upo.es\/diario\/wp-json\/wp\/v2\/posts\/30863918","targetHints":{"allow":["GET"]}}],"collection":[{"href":"https:\/\/www.upo.es\/diario\/wp-json\/wp\/v2\/posts"}],"about":[{"href":"https:\/\/www.upo.es\/diario\/wp-json\/wp\/v2\/types\/post"}],"author":[{"embeddable":true,"href":"https:\/\/www.upo.es\/diario\/wp-json\/wp\/v2\/users\/6"}],"replies":[{"embeddable":true,"href":"https:\/\/www.upo.es\/diario\/wp-json\/wp\/v2\/comments?post=30863918"}],"version-history":[{"count":3,"href":"https:\/\/www.upo.es\/diario\/wp-json\/wp\/v2\/posts\/30863918\/revisions"}],"predecessor-version":[{"id":30863922,"href":"https:\/\/www.upo.es\/diario\/wp-json\/wp\/v2\/posts\/30863918\/revisions\/30863922"}],"wp:featuredmedia":[{"embeddable":true,"href":"https:\/\/www.upo.es\/diario\/wp-json\/wp\/v2\/media\/30863919"}],"wp:attachment":[{"href":"https:\/\/www.upo.es\/diario\/wp-json\/wp\/v2\/media?parent=30863918"}],"wp:term":[{"taxonomy":"category","embeddable":true,"href":"https:\/\/www.upo.es\/diario\/wp-json\/wp\/v2\/categories?post=30863918"},{"taxonomy":"post_tag","embeddable":true,"href":"https:\/\/www.upo.es\/diario\/wp-json\/wp\/v2\/tags?post=30863918"}],"curies":[{"name":"wp","href":"https:\/\/api.w.org\/{rel}","templated":true}]}}