{"id":30864041,"date":"2021-01-25T18:58:22","date_gmt":"2021-01-25T17:58:22","guid":{"rendered":"https:\/\/www.upo.es\/diario\/?p=30864041"},"modified":"2021-01-26T09:04:15","modified_gmt":"2021-01-26T08:04:15","slug":"las-elecciones-a-representantes-de-grupos-de-clase-seran-a-traves-del-aula-virtual-entre-el-4-y-el-10-de-febrero","status":"publish","type":"post","link":"https:\/\/www.upo.es\/diario\/comunidad\/2021\/01\/las-elecciones-a-representantes-de-grupos-de-clase-seran-a-traves-del-aula-virtual-entre-el-4-y-el-10-de-febrero\/","title":{"rendered":"Las elecciones a representantes de grupos de clase ser\u00e1n a trav\u00e9s del Aula Virtual entre el 4 y el 10 de febrero"},"content":{"rendered":"<figure id=\"attachment_30864042\" aria-describedby=\"caption-attachment-30864042\" style=\"width: 750px\" class=\"wp-caption aligncenter\"><a href=\"https:\/\/www.upo.es\/diario\/wp-content\/uploads\/2021\/01\/pantallazo-sondeos.png\"><img loading=\"lazy\" decoding=\"async\" class=\"size-large wp-image-30864042\" src=\"https:\/\/www.upo.es\/diario\/wp-content\/uploads\/2021\/01\/pantallazo-sondeos-750x382.png\" alt=\"\" width=\"750\" height=\"382\" srcset=\"https:\/\/www.upo.es\/diario\/wp-content\/uploads\/2021\/01\/pantallazo-sondeos-750x382.png 750w, https:\/\/www.upo.es\/diario\/wp-content\/uploads\/2021\/01\/pantallazo-sondeos-360x184.png 360w, https:\/\/www.upo.es\/diario\/wp-content\/uploads\/2021\/01\/pantallazo-sondeos-768x392.png 768w, https:\/\/www.upo.es\/diario\/wp-content\/uploads\/2021\/01\/pantallazo-sondeos-600x306.png 600w, https:\/\/www.upo.es\/diario\/wp-content\/uploads\/2021\/01\/pantallazo-sondeos-1536x783.png 1536w, https:\/\/www.upo.es\/diario\/wp-content\/uploads\/2021\/01\/pantallazo-sondeos-1320x673.png 1320w, https:\/\/www.upo.es\/diario\/wp-content\/uploads\/2021\/01\/pantallazo-sondeos.png 1689w\" sizes=\"auto, (max-width: 750px) 100vw, 750px\" \/><\/a><figcaption id=\"caption-attachment-30864042\" class=\"wp-caption-text\">Las elecciones a delegados y delegadas de clase se har\u00e1n a trav\u00e9s del Aula Virtual<\/figcaption><\/figure>\n<p><strong>El alumnado de la Universidad Pablo de Olavide elegir\u00e1 a sus delegados y delegadas de clase, as\u00ed como las subdelegadas y subdelegados de cada grupo, los d\u00edas 4, 5, 8, 9 y 10 de febrero de 2021<\/strong>. Tras la <a href=\"https:\/\/upo.gob.es\/system\/modules\/com.saga.upo.sedeelectronica.frontend\/handler\/download-alfresco-document.pdf?ref=584c7d91-838f-4128-b117-81b13b8f7f2e\">convocatoria del rector del pasado martes 19 de enero<\/a>, la Comisi\u00f3n Electoral de la UPO ha acordado hoy este per\u00edodo y la utilizaci\u00f3n de la plataforma de docencia virtual para las elecciones a representantes de estudiantes en grupos de clase del curso 2020\/2021.<\/p>\n<p>Estas elecciones tendr\u00edan que haberse celebrado durante el primer semestre, dado que los puestos de representaci\u00f3n de estudiantes deben ser renovados durante los primeros cuarenta d\u00edas h\u00e1biles del curso acad\u00e9mico. La crisis sanitaria y el contexto cambiante y complejo de las medidas preventivas han impedido su normal desarrollo hasta ahora. Francisco Oliva, rector de la Universidad Pablo de Olavide, ha se\u00f1alado durante la Comisi\u00f3n Electoral que \u201cla pandemia no debe impedir seguir con la normalidad acad\u00e9mica dentro de lo posible y ello implica garantizar la participaci\u00f3n del estudiantado en la Universidad\u201d.<\/p>\n<p>De este modo, delegados y delegadas de clase del actual curso acad\u00e9mico ser\u00e1n elegidos a trav\u00e9s del Aula Virtual, mediante la herramienta <strong><em>Sondeos<\/em><\/strong> en una sesi\u00f3n de <strong>Blackboard Collaborate Ultra<\/strong>. Alumnas y alumnos que deseen presentar sus candidaturas podr\u00e1n hacerlo directamente al inicio de la misma, as\u00ed como defender su programa de actuaci\u00f3n. La fecha y hora de cada sesi\u00f3n para cada titulaci\u00f3n, curso y grupo podr\u00e1 consultarse en la siguiente direcci\u00f3n web: <a href=\"http:\/\/www.upo.es\/elecciones\/procesos-electorales\/representantes-de-estudiantes-en-grupos-de-clase\/\">www.upo.es\/elecciones\/procesos-electorales\/representantes-de-estudiantes-en-grupos-de-clase\/<\/a>. El lunes 15 de febrero ser\u00e1n proclamadas las candidaturas electas provisionales y tras un plazo de reclamaciones de 24 horas, las candidaturas electas definitivas ser\u00e1n proclamadas el mi\u00e9rcoles 17 de febrero.<\/p>\n<p>Con estas elecciones se inicia la renovaci\u00f3n anual de la representaci\u00f3n estudiantil en los \u00f3rganos colegiados de la Universidad ya que, el alumnado que resulte elegido, formar\u00e1 parte del Consejo de Estudiantes de la UPO con voz y voto. Adem\u00e1s, delegados y delegadas, junto a subdelegados y subdelegadas de clase, elegir\u00e1n de entre ellos por cada facultad, as\u00ed como en la Escuela Polit\u00e9cnica Superior, al delegado o delegada de centro y a sus representantes en la Junta de Centro. Por otra parte, en cada departamento, designar\u00e1n de entre ellos a un representante por cada titulaci\u00f3n en la que este imparta docencia.<\/p>\n<p>M\u00e1s informaci\u00f3n en <a href=\"http:\/\/www.upo.es\/elecciones\/\">www.upo.es\/elecciones\/<\/a><\/p>\n","protected":false},"excerpt":{"rendered":"<p>El alumnado de la Universidad Pablo de Olavide elegir\u00e1 a sus delegados y delegadas de clase, as\u00ed como las subdelegadas y subdelegados de cada grupo, los d\u00edas 4, 5, 8, 9 y 10 de febrero de 2021. Tras la convocatoria del rector del pasado martes 19 de enero, la Comisi\u00f3n Electoral de la UPO ha acordado hoy este per\u00edodo y la utilizaci\u00f3n de la plataforma de docencia virtual para las elecciones a representantes de estudiantes en grupos de clase del curso 2020\/2021.<\/p>\n","protected":false},"author":6,"featured_media":30864042,"comment_status":"closed","ping_status":"open","sticky":false,"template":"","format":"standard","meta":{"_monsterinsights_skip_tracking":false,"_monsterinsights_sitenote_active":false,"_monsterinsights_sitenote_note":"","_monsterinsights_sitenote_category":0,"footnotes":""},"categories":[5842],"tags":[1930,69,21,739],"class_list":["post-30864041","post","type-post","status-publish","format-standard","has-post-thumbnail","hentry","category-comunidad","tag-delegadosas-de-clase","tag-elecciones","tag-estudiantes","tag-estudios-de-grado"],"_links":{"self":[{"href":"https:\/\/www.upo.es\/diario\/wp-json\/wp\/v2\/posts\/30864041","targetHints":{"allow":["GET"]}}],"collection":[{"href":"https:\/\/www.upo.es\/diario\/wp-json\/wp\/v2\/posts"}],"about":[{"href":"https:\/\/www.upo.es\/diario\/wp-json\/wp\/v2\/types\/post"}],"author":[{"embeddable":true,"href":"https:\/\/www.upo.es\/diario\/wp-json\/wp\/v2\/users\/6"}],"replies":[{"embeddable":true,"href":"https:\/\/www.upo.es\/diario\/wp-json\/wp\/v2\/comments?post=30864041"}],"version-history":[{"count":1,"href":"https:\/\/www.upo.es\/diario\/wp-json\/wp\/v2\/posts\/30864041\/revisions"}],"predecessor-version":[{"id":30864043,"href":"https:\/\/www.upo.es\/diario\/wp-json\/wp\/v2\/posts\/30864041\/revisions\/30864043"}],"wp:featuredmedia":[{"embeddable":true,"href":"https:\/\/www.upo.es\/diario\/wp-json\/wp\/v2\/media\/30864042"}],"wp:attachment":[{"href":"https:\/\/www.upo.es\/diario\/wp-json\/wp\/v2\/media?parent=30864041"}],"wp:term":[{"taxonomy":"category","embeddable":true,"href":"https:\/\/www.upo.es\/diario\/wp-json\/wp\/v2\/categories?post=30864041"},{"taxonomy":"post_tag","embeddable":true,"href":"https:\/\/www.upo.es\/diario\/wp-json\/wp\/v2\/tags?post=30864041"}],"curies":[{"name":"wp","href":"https:\/\/api.w.org\/{rel}","templated":true}]}}