{"id":30864057,"date":"2021-01-27T12:40:18","date_gmt":"2021-01-27T11:40:18","guid":{"rendered":"https:\/\/www.upo.es\/diario\/?p=30864057"},"modified":"2021-03-09T10:12:40","modified_gmt":"2021-03-09T09:12:40","slug":"la-profesora-de-la-upo-olga-koreneva-nueva-presidenta-de-la-asociacion-de-germanistas-de-andalucia","status":"publish","type":"post","link":"https:\/\/www.upo.es\/diario\/comunidad\/2021\/01\/la-profesora-de-la-upo-olga-koreneva-nueva-presidenta-de-la-asociacion-de-germanistas-de-andalucia\/","title":{"rendered":"La profesora de la UPO Olga Koreneva, nueva presidenta de la Asociaci\u00f3n de Germanistas de Andaluc\u00eda"},"content":{"rendered":"<figure id=\"attachment_30864058\" aria-describedby=\"caption-attachment-30864058\" style=\"width: 360px\" class=\"wp-caption alignright\"><a href=\"https:\/\/www.upo.es\/diario\/wp-content\/uploads\/2021\/01\/Olga-AGA-alegre-1024.png\"><img loading=\"lazy\" decoding=\"async\" class=\"size-medium wp-image-30864058\" src=\"https:\/\/www.upo.es\/diario\/wp-content\/uploads\/2021\/01\/Olga-AGA-alegre-1024-360x236.png\" alt=\"Olga Koreneva\" width=\"360\" height=\"236\" srcset=\"https:\/\/www.upo.es\/diario\/wp-content\/uploads\/2021\/01\/Olga-AGA-alegre-1024-360x236.png 360w, https:\/\/www.upo.es\/diario\/wp-content\/uploads\/2021\/01\/Olga-AGA-alegre-1024-750x492.png 750w, https:\/\/www.upo.es\/diario\/wp-content\/uploads\/2021\/01\/Olga-AGA-alegre-1024-768x504.png 768w, https:\/\/www.upo.es\/diario\/wp-content\/uploads\/2021\/01\/Olga-AGA-alegre-1024-600x394.png 600w, https:\/\/www.upo.es\/diario\/wp-content\/uploads\/2021\/01\/Olga-AGA-alegre-1024-380x250.png 380w, https:\/\/www.upo.es\/diario\/wp-content\/uploads\/2021\/01\/Olga-AGA-alegre-1024-760x500.png 760w, https:\/\/www.upo.es\/diario\/wp-content\/uploads\/2021\/01\/Olga-AGA-alegre-1024-165x109.png 165w, https:\/\/www.upo.es\/diario\/wp-content\/uploads\/2021\/01\/Olga-AGA-alegre-1024.png 1024w\" sizes=\"auto, (max-width: 360px) 100vw, 360px\" \/><\/a><figcaption id=\"caption-attachment-30864058\" class=\"wp-caption-text\">Olga Koreneva Antonova.<\/figcaption><\/figure>\n<p>La profesora del \u00c1rea de Traducci\u00f3n e Interpretaci\u00f3n (Filolog\u00eda alemana) de la Universidad Pablo de Olavide y coordinadora del primer programa de radio alem\u00e1n\u00a0 <a href=\"https:\/\/radiolavide.org\/categoria-audios\/radio-wunderbar\">Radio Wunderbar<\/a> de RadiOlavide, Olga Koreneva Antonova, ha sido nombrada presidenta de la <a href=\"http:\/\/www.germanistas.com\">Asociaci\u00f3n de Germanistas de Andaluc\u00eda<\/a> (AGA) en la \u00faltima Asamblea General de dicha asociaci\u00f3n celebrada el pasado 22 de enero.<\/p>\n<p>Con el nombramiento de Olga Koreneva como presidenta, la nueva Junta Directiva tiene como objetivo dar un nuevo impulso a la asociaci\u00f3n y convertirla en un lugar de encuentro atractivo, no solo para los profesionales de alem\u00e1n, sino para estudiantes de esta lengua que quieran relacionar su futura profesi\u00f3n con el alem\u00e1n. Para ello, se propone ayudar en todo la relacionado con la inserci\u00f3n laboral (redactar un CV, escribir una carta de presentaci\u00f3n o prepararse para una entrevista de trabajo en alem\u00e1n), informar de las convocatorias y bolsas de empleo en Espa\u00f1a y Alemania, pr\u00e1cticas laborales, lectores y auxiliares de conversaci\u00f3n en pa\u00edses germanoparlantes, nuevas posibilidades para participar de forma activa en las actividades culturales y did\u00e1cticas de la AGA, cursos y seminarios novedosos y ayuda a publicaciones ya sea en su revista indexada <a href=\"https:\/\/revistamagazin.wordpress.com\/\">mAGAzin<\/a> o en la propia web de la asociaci\u00f3n. De esta manera, los miembros de la asociaci\u00f3n ser\u00e1n los primeros en conocer las nuevas oportunidades para trabajar y perfeccionar la lengua alemana tanto en su pa\u00eds como fuera.<\/p>\n<p>\u201cMe consta el gran inter\u00e9s de la juventud por la experiencia y bagaje de los profesionales del \u00e1mbito ling\u00fc\u00edstico. Desde all\u00ed surge la idea de impulsar esa nueva \u2018acci\u00f3n joven\u2019 de la AGA en forma de entrevistas que realizar\u00e1n los estudiantes y egresados de alem\u00e1n a los socios expertos, que permitir\u00e1n conectar m\u00e1s las generaciones, promoviendo el di\u00e1logo y fomentando la trasferencia del conocimiento\u201d declara la profesora de la UPO. Asimismo, afirma \u201cya nos apoya como socios la mayor\u00eda de los docentes de alem\u00e1n de la UPO, al igual que los de otras universidades y otros centros educativos andaluces. Y ahora tambi\u00e9n tenemos a los primeros j\u00f3venes activistas \u2013 nuestros estudiantes y egresados de Traducci\u00f3n e Interpretaci\u00f3n de la UPO\u201d y espera que \u201clos j\u00f3venes de las dem\u00e1s instituciones educativas de Andaluc\u00eda se animen a formar parte de nuestra asociaci\u00f3n para compartir sus inquietudes y protagonizar la acci\u00f3n joven \u2013 <em>junge Germanisten <\/em>al lado de nuestros profesionales\u201d.<\/p>\n<p><strong>Olga Koreneva Antonova<\/strong>\u00a0es profesora de alem\u00e1n para traductores e int\u00e9rpretes de la Universidad Pablo de Olavide desde el a\u00f1o 2018 y coordinadora del primer programa de radio alem\u00e1n <a href=\"https:\/\/radiolavide.org\/categoria-audios\/radio-wunderbar\">Radio Wunderbar<\/a> de RadiOlavide. Traductora e int\u00e9rprete jurada de alem\u00e1n\/espa\u00f1ol\/ruso, cuenta con m\u00e1s de 15 a\u00f1os de experiencia como traductora e int\u00e9rprete cient\u00edfico-t\u00e9cnica de seis lenguas. Naci\u00f3 en Mosc\u00fa, estudi\u00f3 Ciencias Empresariales en Alemania y se licenci\u00f3 y doctor\u00f3 en Traducci\u00f3n e Interpretaci\u00f3n en Espa\u00f1a, en la Universidad de Granada. Es pionera en el campo de la Psicoterminolog\u00eda y las l\u00edneas principales de su investigaci\u00f3n son la Neuro-Psicoling\u00fc\u00edstica Experimental y la Terminolog\u00eda Cognitiva.<\/p>\n<p>La <strong>AGA<\/strong> es la asociaci\u00f3n de germanistas m\u00e1s grande de Espa\u00f1a, dada la importancia de la provincia de Andaluc\u00eda como destino tur\u00edstico y cultural y el mayor n\u00famero de instituciones de ense\u00f1anza de la lengua alemana del territorio espa\u00f1ol. En su af\u00e1n por fomentar la difusi\u00f3n de la lengua y cultura alemana, la asociaci\u00f3n une alrededor de 150 profesionales de alem\u00e1n de todos los niveles: docentes de educaci\u00f3n primaria, secundaria, Escuelas Oficiales de Idiomas, universidades, centros de idiomas, al igual que fil\u00f3logos, traductores\/int\u00e9rpretes y estudiantes o egresados de alem\u00e1n.<\/p>\n<p>&nbsp;<\/p>\n","protected":false},"excerpt":{"rendered":"<p>Con el nombramiento de Olga Koreneva como presidenta, la nueva Junta Directiva tiene como objetivo dar un nuevo impulso a la asociaci\u00f3n y convertirla en un lugar de encuentro atractivo, no solo para los profesionales de alem\u00e1n, sino para estudiantes de esta lengua que quieran relacionar su futura profesi\u00f3n con el alem\u00e1n.<\/p>\n","protected":false},"author":4,"featured_media":30864058,"comment_status":"closed","ping_status":"open","sticky":false,"template":"","format":"standard","meta":{"_monsterinsights_skip_tracking":false,"_monsterinsights_sitenote_active":false,"_monsterinsights_sitenote_note":"","_monsterinsights_sitenote_category":0,"footnotes":""},"categories":[5842],"tags":[844,7203,5986,6947],"class_list":["post-30864057","post","type-post","status-publish","format-standard","has-post-thumbnail","hentry","category-comunidad","tag-aleman","tag-asociacion-de-germanistas-en-andalucia","tag-grado-en-traduccion-e-interpretacion-en-aleman","tag-olga-koreneva"],"_links":{"self":[{"href":"https:\/\/www.upo.es\/diario\/wp-json\/wp\/v2\/posts\/30864057","targetHints":{"allow":["GET"]}}],"collection":[{"href":"https:\/\/www.upo.es\/diario\/wp-json\/wp\/v2\/posts"}],"about":[{"href":"https:\/\/www.upo.es\/diario\/wp-json\/wp\/v2\/types\/post"}],"author":[{"embeddable":true,"href":"https:\/\/www.upo.es\/diario\/wp-json\/wp\/v2\/users\/4"}],"replies":[{"embeddable":true,"href":"https:\/\/www.upo.es\/diario\/wp-json\/wp\/v2\/comments?post=30864057"}],"version-history":[{"count":3,"href":"https:\/\/www.upo.es\/diario\/wp-json\/wp\/v2\/posts\/30864057\/revisions"}],"predecessor-version":[{"id":30864596,"href":"https:\/\/www.upo.es\/diario\/wp-json\/wp\/v2\/posts\/30864057\/revisions\/30864596"}],"wp:featuredmedia":[{"embeddable":true,"href":"https:\/\/www.upo.es\/diario\/wp-json\/wp\/v2\/media\/30864058"}],"wp:attachment":[{"href":"https:\/\/www.upo.es\/diario\/wp-json\/wp\/v2\/media?parent=30864057"}],"wp:term":[{"taxonomy":"category","embeddable":true,"href":"https:\/\/www.upo.es\/diario\/wp-json\/wp\/v2\/categories?post=30864057"},{"taxonomy":"post_tag","embeddable":true,"href":"https:\/\/www.upo.es\/diario\/wp-json\/wp\/v2\/tags?post=30864057"}],"curies":[{"name":"wp","href":"https:\/\/api.w.org\/{rel}","templated":true}]}}