{"id":30864083,"date":"2021-01-29T17:07:09","date_gmt":"2021-01-29T16:07:09","guid":{"rendered":"https:\/\/www.upo.es\/diario\/?p=30864083"},"modified":"2021-01-29T19:14:31","modified_gmt":"2021-01-29T18:14:31","slug":"comienza-un-nuevo-seminario-virtual-del-aula-abierta-de-mayores-de-la-upo-sobre-arte-e-historia","status":"publish","type":"post","link":"https:\/\/www.upo.es\/diario\/cultura-social\/2021\/01\/comienza-un-nuevo-seminario-virtual-del-aula-abierta-de-mayores-de-la-upo-sobre-arte-e-historia\/","title":{"rendered":"Comienza un nuevo seminario virtual del Aula Abierta de Mayores de la UPO sobre arte e historia"},"content":{"rendered":"<figure id=\"attachment_30864084\" aria-describedby=\"caption-attachment-30864084\" style=\"width: 750px\" class=\"wp-caption aligncenter\"><a href=\"https:\/\/www.upo.es\/diario\/wp-content\/uploads\/2021\/01\/Seminario-AAM-ArteHistoria.jpg\"><img loading=\"lazy\" decoding=\"async\" class=\"size-large wp-image-30864084\" src=\"https:\/\/www.upo.es\/diario\/wp-content\/uploads\/2021\/01\/Seminario-AAM-ArteHistoria-750x367.jpg\" alt=\"seminario Arte e Historia del Aula Abierta de Mayores\" width=\"750\" height=\"367\" srcset=\"https:\/\/www.upo.es\/diario\/wp-content\/uploads\/2021\/01\/Seminario-AAM-ArteHistoria-750x367.jpg 750w, https:\/\/www.upo.es\/diario\/wp-content\/uploads\/2021\/01\/Seminario-AAM-ArteHistoria-360x176.jpg 360w, https:\/\/www.upo.es\/diario\/wp-content\/uploads\/2021\/01\/Seminario-AAM-ArteHistoria-768x376.jpg 768w, https:\/\/www.upo.es\/diario\/wp-content\/uploads\/2021\/01\/Seminario-AAM-ArteHistoria-600x294.jpg 600w, https:\/\/www.upo.es\/diario\/wp-content\/uploads\/2021\/01\/Seminario-AAM-ArteHistoria.jpg 1278w\" sizes=\"auto, (max-width: 750px) 100vw, 750px\" \/><\/a><figcaption id=\"caption-attachment-30864084\" class=\"wp-caption-text\">Las clases se celebran a trav\u00e9s de la plataforma de docencia virtual de la UPO<\/figcaption><\/figure>\n<p>El <a href=\"https:\/\/www.upo.es\/cms1\/export\/sites\/upo\/aula-mayores\/documentos\/2020-21\/TRIPTICO-SEMINARIO-MONOGRFICO-_ARTE-E-HISTORIA.pdf\"><strong>Seminario monogr\u00e1fico \u2018Arte e Historia\u2019<\/strong><\/a>, dirigido al alumnado del <a href=\"https:\/\/www.upo.es\/aula-mayores\/\">Aula Abierta de Mayores de la Universidad Pablo de Olavide<\/a> comenz\u00f3 ayer jueves 28 de enero con el m\u00f3dulo titulado \u2018Historia del Arte en Andaluc\u00eda\u2019. De este modo, <strong>hasta el 15 de abril, en clases virtuales que se desarrollar\u00e1n martes y jueves de 18 a 19:30 horas<\/strong>, contin\u00faa la actividad docente complementaria de la UPO dirigida a los mayores de 50 a\u00f1os.<\/p>\n<p>El seminario est\u00e1 impartido por profesorado de la Universidad y continuar\u00e1 con m\u00f3dulos como<strong> \u2018Hispania romana\u2019<\/strong>, impartido por Roc\u00edo Gordillo Herv\u00e1s; <strong>\u2018M\u00e1s all\u00e1 de La Peste: la ciudad de Sevilla en la Edad Moderna\u2019<\/strong>, impartido por Roc\u00edo Moreno Cabanillas y Mar\u00eda Isabel Cabanillas; y <strong>\u2018\u00a1Nos roban el arte espa\u00f1ol! Expolio y saqueo de bienes culturales a lo largo de la historia\u2019<\/strong>, que cuenta, al igual que el de historia del arte andaluz, con la profesora Zara Ruiz Romero.<\/p>\n<p>El Aula Abierta de Mayores de la Universidad Pablo de Olavide organiza seminarios virtuales de car\u00e1cter participativo, con docencia <em>online<\/em> sincr\u00f3nica y dirigidos a toda persona interesada en la materia mayor de 50 a\u00f1os, ante la imposibilidad de asistir presencialmente a las actividades de formaci\u00f3n extra-acad\u00e9mica. Se trata de un programa universitario de formaci\u00f3n cient\u00edfica, cultural y social que persigue mejorar la calidad de vida de las personas mayores, fomentando su participaci\u00f3n en la sociedad y favoreciendo espacios de colaboraci\u00f3n intergeneracional. Durante el curso 2020\/2021 cuenta con sede en trece municipios de la provincia: Alcal\u00e1 de Guada\u00edra, Aznalc\u00f3llar, Bollullos de la Mitaci\u00f3n, Castilleja de la Cuesta, Dos Hermanas, Gerena, Gines, Herrera, La Puebla del R\u00edo, Las Cabezas de San Juan, Lebrija, Pilas y Tomares.<\/p>\n","protected":false},"excerpt":{"rendered":"<p>El Seminario monogr\u00e1fico \u2018Arte e Historia\u2019, dirigido al alumnado del Aula Abierta de Mayores de la Universidad Pablo de Olavide comenz\u00f3 ayer jueves 28 de enero con el m\u00f3dulo titulado \u2018Historia del Arte en Andaluc\u00eda\u2019. De este modo, hasta el 15 de abril, en clases virtuales que se desarrollar\u00e1n martes y jueves de 18 a 19:30 horas, contin\u00faa la actividad docente complementaria de la UPO dirigida a los mayores de 50 a\u00f1os.<\/p>\n","protected":false},"author":6,"featured_media":30864084,"comment_status":"closed","ping_status":"open","sticky":false,"template":"","format":"standard","meta":{"_monsterinsights_skip_tracking":false,"_monsterinsights_sitenote_active":false,"_monsterinsights_sitenote_note":"","_monsterinsights_sitenote_category":0,"footnotes":""},"categories":[5843],"tags":[265,52,150,78],"class_list":["post-30864083","post","type-post","status-publish","format-standard","has-post-thumbnail","hentry","category-cultura-social","tag-arte","tag-aula-abierta-de-mayores","tag-historia","tag-seminario"],"_links":{"self":[{"href":"https:\/\/www.upo.es\/diario\/wp-json\/wp\/v2\/posts\/30864083","targetHints":{"allow":["GET"]}}],"collection":[{"href":"https:\/\/www.upo.es\/diario\/wp-json\/wp\/v2\/posts"}],"about":[{"href":"https:\/\/www.upo.es\/diario\/wp-json\/wp\/v2\/types\/post"}],"author":[{"embeddable":true,"href":"https:\/\/www.upo.es\/diario\/wp-json\/wp\/v2\/users\/6"}],"replies":[{"embeddable":true,"href":"https:\/\/www.upo.es\/diario\/wp-json\/wp\/v2\/comments?post=30864083"}],"version-history":[{"count":2,"href":"https:\/\/www.upo.es\/diario\/wp-json\/wp\/v2\/posts\/30864083\/revisions"}],"predecessor-version":[{"id":30864086,"href":"https:\/\/www.upo.es\/diario\/wp-json\/wp\/v2\/posts\/30864083\/revisions\/30864086"}],"wp:featuredmedia":[{"embeddable":true,"href":"https:\/\/www.upo.es\/diario\/wp-json\/wp\/v2\/media\/30864084"}],"wp:attachment":[{"href":"https:\/\/www.upo.es\/diario\/wp-json\/wp\/v2\/media?parent=30864083"}],"wp:term":[{"taxonomy":"category","embeddable":true,"href":"https:\/\/www.upo.es\/diario\/wp-json\/wp\/v2\/categories?post=30864083"},{"taxonomy":"post_tag","embeddable":true,"href":"https:\/\/www.upo.es\/diario\/wp-json\/wp\/v2\/tags?post=30864083"}],"curies":[{"name":"wp","href":"https:\/\/api.w.org\/{rel}","templated":true}]}}