{"id":30864104,"date":"2021-02-03T10:42:48","date_gmt":"2021-02-03T09:42:48","guid":{"rendered":"https:\/\/www.upo.es\/diario\/?p=30864104"},"modified":"2021-02-11T11:12:18","modified_gmt":"2021-02-11T10:12:18","slug":"la-universidad-pablo-de-olavide-convoca-el-ii-premio-arte-y-compromiso-para-iniciativas-artisticas-de-caracter-social","status":"publish","type":"post","link":"https:\/\/www.upo.es\/diario\/cultura\/2021\/02\/la-universidad-pablo-de-olavide-convoca-el-ii-premio-arte-y-compromiso-para-iniciativas-artisticas-de-caracter-social\/","title":{"rendered":"La Universidad Pablo de Olavide convoca el II Premio Arte y Compromiso para iniciativas art\u00edsticas de car\u00e1cter social"},"content":{"rendered":"<p><a href=\"https:\/\/www.upo.es\/diario\/wp-content\/uploads\/2021\/02\/cartel_II-PREMIO_ArteyCompromiso.jpeg\"><img loading=\"lazy\" decoding=\"async\" class=\"alignright size-medium wp-image-30864105\" src=\"https:\/\/www.upo.es\/diario\/wp-content\/uploads\/2021\/02\/cartel_II-PREMIO_ArteyCompromiso-360x360.jpeg\" alt=\"II Premio Arte y Compromiso\" width=\"360\" height=\"360\" srcset=\"https:\/\/www.upo.es\/diario\/wp-content\/uploads\/2021\/02\/cartel_II-PREMIO_ArteyCompromiso-360x360.jpeg 360w, https:\/\/www.upo.es\/diario\/wp-content\/uploads\/2021\/02\/cartel_II-PREMIO_ArteyCompromiso-750x750.jpeg 750w, https:\/\/www.upo.es\/diario\/wp-content\/uploads\/2021\/02\/cartel_II-PREMIO_ArteyCompromiso-150x150.jpeg 150w, https:\/\/www.upo.es\/diario\/wp-content\/uploads\/2021\/02\/cartel_II-PREMIO_ArteyCompromiso-768x768.jpeg 768w, https:\/\/www.upo.es\/diario\/wp-content\/uploads\/2021\/02\/cartel_II-PREMIO_ArteyCompromiso-600x600.jpeg 600w, https:\/\/www.upo.es\/diario\/wp-content\/uploads\/2021\/02\/cartel_II-PREMIO_ArteyCompromiso.jpeg 1080w\" sizes=\"auto, (max-width: 360px) 100vw, 360px\" \/><\/a>El Vicerrectorado de Cultura y Pol\u00edticas Sociales de la Universidad Pablo de Olavide convoca el <strong>II Premio Arte y Compromiso para Proyectos de Intervenci\u00f3n Social a trav\u00e9s de las Artes<\/strong>. Dirigido a estudiantes y profesorado de universidades p\u00fablicas; estudiantes y docentes de conservatorios de m\u00fasica y danza y de escuelas superiores de arte dram\u00e1tico de car\u00e1cter p\u00fablico; as\u00ed como a creadores y artistas, el plazo de participaci\u00f3n finaliza el 10 de marzo de 2021.<\/p>\n<p><strong>Los proyectos deber\u00e1n estar alineados con los Objetivos de Desarrollo Sostenible (ODS) y contemplar especialmente el avance en la digitalizaci\u00f3n, la sostenibilidad y la problem\u00e1tica de las desigualdades sociales<\/strong>. Las iniciativas, que pueden presentarse individualmente o por un equipo siempre que alguno de sus integrantes pertenezca a los colectivos mencionados, deber\u00e1n articular una propuesta de intervenci\u00f3n a trav\u00e9s de la m\u00fasica, las artes esc\u00e9nicas o las artes visuales sobre fen\u00f3menos de exclusi\u00f3n social en contextos locales. Ante la situaci\u00f3n actual de pandemia, las bases establecen que deber\u00e1n ser realizables teniendo en cuenta las restricciones sanitarias a causa de la Covid-19.<\/p>\n<p>El II Premio Arte y Compromiso para Proyectos de Intervenci\u00f3n Social a trav\u00e9s de las Artes contempla tres premios. <strong>El proyecto ganador recibir\u00e1 4600 euros, el segundo premio est\u00e1 dotado con 3450 euros y el tercer premio con 2300<\/strong>. En la primera edici\u00f3n result\u00f3 ganadora Carmen Tamayo Leo, trabajadora social, actriz y creadora del grupo teatral \u2018Mujereando\u2019. El jurado estar\u00e1 compuesto por artistas e investigadores de reconocido prestigio en el \u00e1mbito de las Artes y las Ciencias Sociales.<\/p>\n<p>La Universidad Pablo de Olavide convoca este Premio, coordinado por el Servicio de Extensi\u00f3n Cultural, en el marco del <a href=\"https:\/\/www.arteycompromiso.com\/\">Proyecto Atalaya \u2018Arte y Compromiso. Experiencias para el Cambio Social\u2019<\/a>, financiado por la Direcci\u00f3n General de Universidades de la Consejer\u00eda de Transformaci\u00f3n Econ\u00f3mica, Industria, Conocimiento y Universidades de la Junta de Andaluc\u00eda. La UPO coordina este proyecto, que va por su octava edici\u00f3n, con el objetivo fortalecer la interacci\u00f3n entre creatividad, innovaci\u00f3n, arte, investigaci\u00f3n sociol\u00f3gica y cultura.<\/p>\n<p><strong>M\u00e1s informaci\u00f3n y bases en:<br \/>\n<\/strong><a href=\"https:\/\/upo.gob.es\/system\/modules\/com.saga.upo.sedeelectronica.frontend\/handler\/download-alfresco-document.pdf?ref=c56a6baf-5cb7-4f50-a399-e15dfb18737c\">https:\/\/upo.gob.es\/system\/modules\/com.saga.upo.sedeelectronica.frontend\/handler\/download-alfresco-document.pdf?ref=c56a6baf-5cb7-4f50-a399-e15dfb18737c<\/a><\/p>\n","protected":false},"excerpt":{"rendered":"<p>El Vicerrectorado de Cultura y Pol\u00edticas Sociales de la Universidad Pablo de Olavide convoca el II Premio Arte y Compromiso para Proyectos de Intervenci\u00f3n Social a trav\u00e9s de las Artes. Dirigido a estudiantes y profesorado de universidades p\u00fablicas; estudiantes y docentes de conservatorios de m\u00fasica y danza y de escuelas superiores de arte dram\u00e1tico de car\u00e1cter p\u00fablico; as\u00ed como a creadores y artistas, el plazo de participaci\u00f3n finaliza el 10 de marzo de 2021.<\/p>\n","protected":false},"author":6,"featured_media":30864105,"comment_status":"closed","ping_status":"open","sticky":false,"template":"","format":"standard","meta":{"_monsterinsights_skip_tracking":false,"_monsterinsights_sitenote_active":false,"_monsterinsights_sitenote_note":"","_monsterinsights_sitenote_category":0,"footnotes":""},"categories":[5843,7],"tags":[265,4033,2523,2759,2679,402,4141,58,94,3746],"class_list":["post-30864104","post","type-post","status-publish","format-standard","has-post-thumbnail","hentry","category-cultura-social","category-cultura","tag-arte","tag-arte-y-compromiso","tag-artes-escenicas","tag-compromiso-social","tag-desigualdad","tag-musica","tag-objetivos-de-desarrollo-sostenible","tag-premio","tag-proyecto-atalaya","tag-servicio-de-extension-cultural"],"_links":{"self":[{"href":"https:\/\/www.upo.es\/diario\/wp-json\/wp\/v2\/posts\/30864104","targetHints":{"allow":["GET"]}}],"collection":[{"href":"https:\/\/www.upo.es\/diario\/wp-json\/wp\/v2\/posts"}],"about":[{"href":"https:\/\/www.upo.es\/diario\/wp-json\/wp\/v2\/types\/post"}],"author":[{"embeddable":true,"href":"https:\/\/www.upo.es\/diario\/wp-json\/wp\/v2\/users\/6"}],"replies":[{"embeddable":true,"href":"https:\/\/www.upo.es\/diario\/wp-json\/wp\/v2\/comments?post=30864104"}],"version-history":[{"count":1,"href":"https:\/\/www.upo.es\/diario\/wp-json\/wp\/v2\/posts\/30864104\/revisions"}],"predecessor-version":[{"id":30864106,"href":"https:\/\/www.upo.es\/diario\/wp-json\/wp\/v2\/posts\/30864104\/revisions\/30864106"}],"wp:featuredmedia":[{"embeddable":true,"href":"https:\/\/www.upo.es\/diario\/wp-json\/wp\/v2\/media\/30864105"}],"wp:attachment":[{"href":"https:\/\/www.upo.es\/diario\/wp-json\/wp\/v2\/media?parent=30864104"}],"wp:term":[{"taxonomy":"category","embeddable":true,"href":"https:\/\/www.upo.es\/diario\/wp-json\/wp\/v2\/categories?post=30864104"},{"taxonomy":"post_tag","embeddable":true,"href":"https:\/\/www.upo.es\/diario\/wp-json\/wp\/v2\/tags?post=30864104"}],"curies":[{"name":"wp","href":"https:\/\/api.w.org\/{rel}","templated":true}]}}