{"id":30864128,"date":"2021-02-08T11:15:14","date_gmt":"2021-02-08T10:15:14","guid":{"rendered":"https:\/\/www.upo.es\/diario\/?p=30864128"},"modified":"2021-02-11T11:12:06","modified_gmt":"2021-02-11T10:12:06","slug":"la-upo-y-el-ayuntamiento-de-san-juan-de-aznalfarache-disenaran-politicas-adaptadas-a-la-demanda-de-los-jovenes","status":"publish","type":"post","link":"https:\/\/www.upo.es\/diario\/cultura-social\/2021\/02\/la-upo-y-el-ayuntamiento-de-san-juan-de-aznalfarache-disenaran-politicas-adaptadas-a-la-demanda-de-los-jovenes\/","title":{"rendered":"La UPO y el Ayuntamiento de San Juan de Aznalfarache dise\u00f1ar\u00e1n pol\u00edticas adaptadas a la demanda de los j\u00f3venes"},"content":{"rendered":"<figure id=\"attachment_30864129\" aria-describedby=\"caption-attachment-30864129\" style=\"width: 750px\" class=\"wp-caption aligncenter\"><img loading=\"lazy\" decoding=\"async\" class=\"size-large wp-image-30864129\" src=\"https:\/\/www.upo.es\/diario\/wp-content\/uploads\/2021\/02\/jovenes-750x501.jpg\" alt=\"\" width=\"750\" height=\"501\" srcset=\"https:\/\/www.upo.es\/diario\/wp-content\/uploads\/2021\/02\/jovenes-750x501.jpg 750w, https:\/\/www.upo.es\/diario\/wp-content\/uploads\/2021\/02\/jovenes-360x240.jpg 360w, https:\/\/www.upo.es\/diario\/wp-content\/uploads\/2021\/02\/jovenes-768x513.jpg 768w, https:\/\/www.upo.es\/diario\/wp-content\/uploads\/2021\/02\/jovenes-600x400.jpg 600w, https:\/\/www.upo.es\/diario\/wp-content\/uploads\/2021\/02\/jovenes-1536x1025.jpg 1536w, https:\/\/www.upo.es\/diario\/wp-content\/uploads\/2021\/02\/jovenes-2048x1367.jpg 2048w, https:\/\/www.upo.es\/diario\/wp-content\/uploads\/2021\/02\/jovenes-165x109.jpg 165w, https:\/\/www.upo.es\/diario\/wp-content\/uploads\/2021\/02\/jovenes-1320x881.jpg 1320w\" sizes=\"auto, (max-width: 750px) 100vw, 750px\" \/><figcaption id=\"caption-attachment-30864129\" class=\"wp-caption-text\">Autor : <a href=\"https:\/\/www.freepik.es\/standret\">Standret, Freepik<\/a><\/figcaption><\/figure>\n<p>El Grupo de Investigaci\u00f3n en Acci\u00f3n Socioeducativa de la Universidad Pablo de Olavide (GIAS) ser\u00e1 el encargado de elaborar el estudio previo y el I Plan de Juventud de San Juan de Aznalfarache, un trabajo que pretende desarrollar pol\u00edticas adaptadas a la demanda real de los j\u00f3venes de la localidad y convertirse en una herramienta a su servicio que les ofrezca instrumentos para afrontar las consecuencias de los dos periodos de crisis que est\u00e1 sufriendo la generaci\u00f3n joven actual.<\/p>\n<p>Como declara Teresa Rebolledo, investigadora de la UPO y responsable del proyecto \u201ceste trabajo inicia una l\u00ednea de colaboraci\u00f3n con los ayuntamientos de la provincia de Sevilla y consolida el compromiso social de la Universidad Pablo de Olavide para dar respuesta a la problem\u00e1tica actual\u201d.<\/p>\n<p>Seg\u00fan indica el Ayuntamiento de San Juan de Aznalfarache, la crisis econ\u00f3mica de 2010 y la sobrevenida a partir de los efectos causados por la pandemia del Covid-19 han afectado de manera especialmente dura a la juventud, por lo que es urgente replantearse las pol\u00edticas p\u00fablicas para redefinir los servicios, las actividades y los recursos a disposici\u00f3n de la juventud. Los j\u00f3venes de entre 15 y 29 a\u00f1os suponen el 14,9% de la poblaci\u00f3n de San Juan y son un sector diverso en todos los aspectos.<\/p>\n<blockquote><p>EI I Plan de Juventud se convertir\u00e1 en una herramienta transversal en el trabajo de la administraci\u00f3n local<\/p><\/blockquote>\n<p>El primer paso para dise\u00f1ar las pol\u00edticas municipales con una perspectiva juvenil es conocer la realidad de los j\u00f3venes, establecer un perfil de este sector de la poblaci\u00f3n (social, demogr\u00e1fico, educativo), conocer de primera mano cu\u00e1l es su discurso ante los problemas que les afectan y, con esos datos procesados, trabajar en la adaptaci\u00f3n de los recursos municipales.<\/p>\n<p>Desde la delegaci\u00f3n de Juventud se han realizado recientemente peque\u00f1os estudios sobre la incidencia de la pandemia en la juventud, pero los recursos de los que dispone son limitados y se ha considerado necesaria la participaci\u00f3n externa para abordar un trabajo de gran calado. Tanto la realizaci\u00f3n del estudio como la elaboraci\u00f3n del Plan pretenden contar con la participaci\u00f3n m\u00e1s amplia posible de la juventud y mantener una interlocuci\u00f3n constante para que los resultados reflejen con la mayor exactitud posible sus necesidades.<\/p>\n<p>Tambi\u00e9n se busca conocer la realidad de la juventud y con ello desmitificar al colectivo. Casi 3500 personas en esta franja de edad presentan perfiles muy diversos y no todos tienen las mismas necesidades. Por otra parte, el I Plan de Juventud quiere convertirse en una herramienta transversal en el trabajo de la administraci\u00f3n local, en el que todas las pol\u00edticas municipales apliquen esa perspectiva juvenil.<\/p>\n<p>La elaboraci\u00f3n del I Plan de Juventud, incluyendo el estudio previo, se adjudic\u00f3 a la Universidad Pablo de Olavide a finales del mes de enero por un importe de 7000 euros y el plazo de ejecuci\u00f3n del mismo es de 10 meses. El objetivo es que los resultados marquen el camino a seguir en los pr\u00f3ximos 4 a\u00f1os optimizando y adaptando los recursos municipales a las necesidades de la juventud.<\/p>\n<p><strong>Grupo de Investigaci\u00f3n en Acci\u00f3n Socioeducativa<\/strong><\/p>\n<p>GIAS est\u00e1 formado por un equipo multidisciplinar cuyos investigadores proceden de diversas universidades y \u00e1reas de conocimiento, interesados por la investigaci\u00f3n y los procesos de acci\u00f3n e intervenci\u00f3n en torno a la Pedagog\u00eda y la Educaci\u00f3n Social. Cuenta con gran experiencia en actividades de investigaci\u00f3n y en el desarrollo de acciones socioeducativas. Cabe destacar la participaci\u00f3n en proyectos de \u00edndole internacional, europeo, nacional y local.<\/p>\n<p>El grupo ha contribuido al avance del conocimiento, desde la investigaci\u00f3n b\u00e1sica y la aplicada, lo que ha generado la aplicaci\u00f3n del conocimiento a la pr\u00e1ctica y viceversa; as\u00ed como la transferencia de conocimiento y la innovaci\u00f3n educativa hacia las organizaciones dedicadas a la acci\u00f3n e intervenci\u00f3n socioeducativa.<\/p>\n<p>GIAS pertenece a diferentes sociedades de car\u00e1cter cient\u00edfico y redes de investigaci\u00f3n nacionales e internacionales, permiti\u00e9ndole gestionar, sistematizar y difundir conocimiento y contribuir al desarrollo de pol\u00edticas sociales y educativas. Se han gestionado acciones orientadas a mejorar la calidad de la educaci\u00f3n y el fortalecimiento de actividades de investigaci\u00f3n y de servicio a la comunidad.<\/p>\n<p>Fuente: <a href=\"http:\/\/www.ayto-sanjuan.es\/es\/\">Ayuntamiento de San Juan de Aznalfarache.<\/a><\/p>\n","protected":false},"excerpt":{"rendered":"<p>El Grupo de Investigaci\u00f3n en Acci\u00f3n Socioeducativa de la Universidad Pablo de Olavide (GIAS) ser\u00e1 el encargado de elaborar el estudio previo y el I Plan de Juventud de San Juan de Aznalfarache, un trabajo que pretende desarrollar pol\u00edticas adaptadas a la demanda real de los j\u00f3venes de la localidad y convertirse en una herramienta a su servicio que les ofrezca instrumentos para afrontar las consecuencias de los dos periodos de crisis que est\u00e1 sufriendo la generaci\u00f3n joven actual.<\/p>\n","protected":false},"author":2,"featured_media":30864129,"comment_status":"closed","ping_status":"open","sticky":false,"template":"","format":"standard","meta":{"_monsterinsights_skip_tracking":false,"_monsterinsights_sitenote_active":false,"_monsterinsights_sitenote_note":"","_monsterinsights_sitenote_category":0,"footnotes":""},"categories":[5843],"tags":[2759,6601,5544,930,457,7041,7227,7226],"class_list":["post-30864128","post","type-post","status-publish","format-standard","has-post-thumbnail","hentry","category-cultura-social","tag-compromiso-social","tag-covid-19","tag-gias","tag-jovenes","tag-juventud","tag-pandemia","tag-politica-municipal","tag-san-juan-de-aznalfarache"],"_links":{"self":[{"href":"https:\/\/www.upo.es\/diario\/wp-json\/wp\/v2\/posts\/30864128","targetHints":{"allow":["GET"]}}],"collection":[{"href":"https:\/\/www.upo.es\/diario\/wp-json\/wp\/v2\/posts"}],"about":[{"href":"https:\/\/www.upo.es\/diario\/wp-json\/wp\/v2\/types\/post"}],"author":[{"embeddable":true,"href":"https:\/\/www.upo.es\/diario\/wp-json\/wp\/v2\/users\/2"}],"replies":[{"embeddable":true,"href":"https:\/\/www.upo.es\/diario\/wp-json\/wp\/v2\/comments?post=30864128"}],"version-history":[{"count":2,"href":"https:\/\/www.upo.es\/diario\/wp-json\/wp\/v2\/posts\/30864128\/revisions"}],"predecessor-version":[{"id":30864131,"href":"https:\/\/www.upo.es\/diario\/wp-json\/wp\/v2\/posts\/30864128\/revisions\/30864131"}],"wp:featuredmedia":[{"embeddable":true,"href":"https:\/\/www.upo.es\/diario\/wp-json\/wp\/v2\/media\/30864129"}],"wp:attachment":[{"href":"https:\/\/www.upo.es\/diario\/wp-json\/wp\/v2\/media?parent=30864128"}],"wp:term":[{"taxonomy":"category","embeddable":true,"href":"https:\/\/www.upo.es\/diario\/wp-json\/wp\/v2\/categories?post=30864128"},{"taxonomy":"post_tag","embeddable":true,"href":"https:\/\/www.upo.es\/diario\/wp-json\/wp\/v2\/tags?post=30864128"}],"curies":[{"name":"wp","href":"https:\/\/api.w.org\/{rel}","templated":true}]}}