{"id":30864133,"date":"2021-02-08T12:47:55","date_gmt":"2021-02-08T11:47:55","guid":{"rendered":"https:\/\/www.upo.es\/diario\/?p=30864133"},"modified":"2021-02-11T11:12:04","modified_gmt":"2021-02-11T10:12:04","slug":"la-doctoranda-de-la-upo-giselle-menezes-mendes-directora-de-la-sede-en-sevilla-de-aplepes","status":"publish","type":"post","link":"https:\/\/www.upo.es\/diario\/comunidad\/2021\/02\/la-doctoranda-de-la-upo-giselle-menezes-mendes-directora-de-la-sede-en-sevilla-de-aplepes\/","title":{"rendered":"La doctoranda de la UPO Giselle Menezes Mendes, directora de APLEPES Sevilla"},"content":{"rendered":"<figure id=\"attachment_30864134\" aria-describedby=\"caption-attachment-30864134\" style=\"width: 360px\" class=\"wp-caption alignright\"><a href=\"https:\/\/www.upo.es\/diario\/wp-content\/uploads\/2021\/02\/Giselle-Estudio-RadiOlavide-Programa-O-Mundo-da-Lingua-Portuguesa-scaled.jpg\"><img loading=\"lazy\" decoding=\"async\" class=\"wp-image-30864134 size-medium\" src=\"https:\/\/www.upo.es\/diario\/wp-content\/uploads\/2021\/02\/Giselle-Estudio-RadiOlavide-Programa-O-Mundo-da-Lingua-Portuguesa-360x270.jpg\" alt=\"\" width=\"360\" height=\"270\" srcset=\"https:\/\/www.upo.es\/diario\/wp-content\/uploads\/2021\/02\/Giselle-Estudio-RadiOlavide-Programa-O-Mundo-da-Lingua-Portuguesa-360x270.jpg 360w, https:\/\/www.upo.es\/diario\/wp-content\/uploads\/2021\/02\/Giselle-Estudio-RadiOlavide-Programa-O-Mundo-da-Lingua-Portuguesa-750x563.jpg 750w, https:\/\/www.upo.es\/diario\/wp-content\/uploads\/2021\/02\/Giselle-Estudio-RadiOlavide-Programa-O-Mundo-da-Lingua-Portuguesa-768x576.jpg 768w, https:\/\/www.upo.es\/diario\/wp-content\/uploads\/2021\/02\/Giselle-Estudio-RadiOlavide-Programa-O-Mundo-da-Lingua-Portuguesa-600x450.jpg 600w, https:\/\/www.upo.es\/diario\/wp-content\/uploads\/2021\/02\/Giselle-Estudio-RadiOlavide-Programa-O-Mundo-da-Lingua-Portuguesa-1536x1153.jpg 1536w, https:\/\/www.upo.es\/diario\/wp-content\/uploads\/2021\/02\/Giselle-Estudio-RadiOlavide-Programa-O-Mundo-da-Lingua-Portuguesa-2048x1537.jpg 2048w, https:\/\/www.upo.es\/diario\/wp-content\/uploads\/2021\/02\/Giselle-Estudio-RadiOlavide-Programa-O-Mundo-da-Lingua-Portuguesa-1320x990.jpg 1320w\" sizes=\"auto, (max-width: 360px) 100vw, 360px\" \/><\/a><figcaption id=\"caption-attachment-30864134\" class=\"wp-caption-text\">Giselle Menezes Mendes<\/figcaption><\/figure>\n<p>La doctoranda de la UPO en Historia y Estudios Human\u00edsticos: Europa, Am\u00e9rica, Artes y Lenguas, profesora de portugu\u00e9s en el Servicio de Idiomas y coordinadora e idealizadora del programa \u00abO Mundo da L\u00edngua Portuguesa\u00bb de RadiOlavide, <strong>Giselle Menezes Mendes,<\/strong> ha sido nombrada directora de <strong>APLEPES Sevilla<\/strong> (<a href=\"https:\/\/www.aplepes.org\/\">Asociaci\u00f3n de Profesores de Portugu\u00e9s en Espa\u00f1a<\/a>), primera filial ubicada fuera de Madrid.<\/p>\n<p><strong>APLEPES<\/strong> es una asociaci\u00f3n independiente y sin \u00e1nimo de lucro. Su objetivo es fomentar los intercambios entre los profesionales que contribuyen a la difusi\u00f3n de la lengua portuguesa y de las culturas de los pa\u00edses de habla portuguesa, adem\u00e1s de trabajar para mejorar la calidad del sector profesional de la docencia proporcionando mecanismos de apoyo pedag\u00f3gico y de formaci\u00f3n para los profesores de portugu\u00e9s.<\/p>\n<p>Desde octubre de 2020 hasta el momento, y de manera online debido a la pandemia, <a href=\"https:\/\/aplepessevilla.wixsite.com\/site\">APLEPES Sevilla<\/a> ha impartido un curso de Capacitaci\u00f3n para Profesores de PLE (Portugu\u00e9s como lengua extranjera) y ocho conferencias virtuales con renombrados docentes del \u00e1rea del PLNM &#8211; Portugu\u00e9s lengua no materna- y tambi\u00e9n POLH &#8211; Portugu\u00e9s como lengua de herencia -.\u00a0 Junto con Giselle Menezes Mendes, forman parte de la filial APLEPES andaluza Gabriela Morandini, profesora de PLE en Ja\u00e9n, como secretaria y Candice Sim\u00f5es Beckel, profesora y propietaria del CELP Sevilla, como tesorera.<\/p>\n<p><strong>Giselle Menezes Mendes Cintado<\/strong> es licenciada en Filolog\u00eda (portugu\u00e9s-ingl\u00e9s) por la UNIFEOB de S\u00e3o Jo\u00e3o da Boa Vista &#8211; S\u00e3o Paulo (Brasil) en 2006; profesora de PLE (Portugu\u00e9s como lengua extranjera) en Sevilla desde 2007 y profesora de PLE a trav\u00e9s del <a href=\"https:\/\/www.upo.es\/idiomas\/\">Servicio de Idiomas<\/a> de la Universidad Pablo de Olavide desde 2018. Ha sido profesora en el CELP Sevilla &#8211; Centro Oficial de Estudios de Lengua Portuguesa (LAPE), desde 2008 hasta 2017; profesora de portugu\u00e9s (PLE) en la Universidad de Huelva entre 2010 y 2012. Tiene un M\u00e1ster en Ense\u00f1anza Biling\u00fce por la UPO y actualmente cursa un doctorado en Historia y Estudios Human\u00edsticos: Europa, Am\u00e9rica, Arte y Lenguas en la UPO. Es integrante del Grupo de Investigaci\u00f3n CNPq Cultura e Identidade Lingu\u00edstica na Lusofonia &#8211; CILL (Mackenzie). Es coordinadora e idealizadora del programa \u00abO Mundo da L\u00edngua Portuguesa\u00bb, de <a href=\"https:\/\/radiolavide.org\/\">RadiOlavide<\/a> en la UPO (el primer programa en portugu\u00e9s de RadiOlavide y de Sevilla) e imparte clases de portugu\u00e9s en el Aula Abierta de Mayores de la Universidad Pablo de Olavide.<\/p>\n","protected":false},"excerpt":{"rendered":"<p>La doctoranda de la UPO en Historia y Estudios Human\u00edsticos: Europa, Am\u00e9rica, Artes y Lenguas, profesora de portugu\u00e9s en el Servicio de Idiomas y coordinadora e idealizadora del programa \u00abO Mundo da L\u00edngua Portuguesa\u00bb de RadiOlavide, Giselle Menezes Mendes, ha sido nombrada directora de APLEPES Sevilla (Asociaci\u00f3n de Profesores de Portugu\u00e9s en Espa\u00f1a), primera filial ubicada fuera de Madrid. APLEPES<a class=\"read-more\" href=\"https:\/\/www.upo.es\/diario\/comunidad\/2021\/02\/la-doctoranda-de-la-upo-giselle-menezes-mendes-directora-de-la-sede-en-sevilla-de-aplepes\/\">[Read More&#8230;]<\/a><\/p>\n","protected":false},"author":4,"featured_media":30864134,"comment_status":"closed","ping_status":"open","sticky":false,"template":"","format":"standard","meta":{"_monsterinsights_skip_tracking":false,"_monsterinsights_sitenote_active":false,"_monsterinsights_sitenote_note":"","_monsterinsights_sitenote_category":0,"footnotes":""},"categories":[5842],"tags":[7228,7229,5962,3443],"class_list":["post-30864133","post","type-post","status-publish","format-standard","has-post-thumbnail","hentry","category-comunidad","tag-aplepes","tag-asociacion-de-profesores-de-portugues-en-espana","tag-giselle-mendes-cintado","tag-portugues"],"_links":{"self":[{"href":"https:\/\/www.upo.es\/diario\/wp-json\/wp\/v2\/posts\/30864133","targetHints":{"allow":["GET"]}}],"collection":[{"href":"https:\/\/www.upo.es\/diario\/wp-json\/wp\/v2\/posts"}],"about":[{"href":"https:\/\/www.upo.es\/diario\/wp-json\/wp\/v2\/types\/post"}],"author":[{"embeddable":true,"href":"https:\/\/www.upo.es\/diario\/wp-json\/wp\/v2\/users\/4"}],"replies":[{"embeddable":true,"href":"https:\/\/www.upo.es\/diario\/wp-json\/wp\/v2\/comments?post=30864133"}],"version-history":[{"count":3,"href":"https:\/\/www.upo.es\/diario\/wp-json\/wp\/v2\/posts\/30864133\/revisions"}],"predecessor-version":[{"id":30864137,"href":"https:\/\/www.upo.es\/diario\/wp-json\/wp\/v2\/posts\/30864133\/revisions\/30864137"}],"wp:featuredmedia":[{"embeddable":true,"href":"https:\/\/www.upo.es\/diario\/wp-json\/wp\/v2\/media\/30864134"}],"wp:attachment":[{"href":"https:\/\/www.upo.es\/diario\/wp-json\/wp\/v2\/media?parent=30864133"}],"wp:term":[{"taxonomy":"category","embeddable":true,"href":"https:\/\/www.upo.es\/diario\/wp-json\/wp\/v2\/categories?post=30864133"},{"taxonomy":"post_tag","embeddable":true,"href":"https:\/\/www.upo.es\/diario\/wp-json\/wp\/v2\/tags?post=30864133"}],"curies":[{"name":"wp","href":"https:\/\/api.w.org\/{rel}","templated":true}]}}