{"id":30864144,"date":"2021-02-11T06:31:10","date_gmt":"2021-02-11T05:31:10","guid":{"rendered":"https:\/\/www.upo.es\/diario\/?p=30864144"},"modified":"2021-02-12T15:55:06","modified_gmt":"2021-02-12T14:55:06","slug":"la-upo-se-suma-a-la-celebracion-del-dia-internacional-de-la-mujer-y-la-nina-en-la-ciencia-2","status":"publish","type":"post","link":"https:\/\/www.upo.es\/diario\/docencia-formacion\/2021\/02\/la-upo-se-suma-a-la-celebracion-del-dia-internacional-de-la-mujer-y-la-nina-en-la-ciencia-2\/","title":{"rendered":"La UPO se suma a la celebraci\u00f3n del D\u00eda Internacional de la Mujer y la Ni\u00f1a en la Ciencia"},"content":{"rendered":"<p><img loading=\"lazy\" decoding=\"async\" class=\"alignright size-medium wp-image-30864147\" src=\"https:\/\/www.upo.es\/diario\/wp-content\/uploads\/2021\/02\/DIA-INTERNACIONAL-DE-LA-NINA-Y-LA-MUJER-EN-LA-CIENCIA-3-2-255x360.png\" alt=\"D\u00eda Internacional de la Mujer y la Ni\u00f1a en la Ciencia -11 de febrero\" width=\"255\" height=\"360\" srcset=\"https:\/\/www.upo.es\/diario\/wp-content\/uploads\/2021\/02\/DIA-INTERNACIONAL-DE-LA-NINA-Y-LA-MUJER-EN-LA-CIENCIA-3-2-255x360.png 255w, https:\/\/www.upo.es\/diario\/wp-content\/uploads\/2021\/02\/DIA-INTERNACIONAL-DE-LA-NINA-Y-LA-MUJER-EN-LA-CIENCIA-3-2.png 300w\" sizes=\"auto, (max-width: 255px) 100vw, 255px\" \/>La Universidad Pablo de Olavide se suma un a\u00f1o m\u00e1s a la celebraci\u00f3n del <strong>D\u00eda Internacional de la Mujer y la Ni\u00f1a en la Ciencia<\/strong>, que se conmemora el 11 de febrero, y lo hace con distintas acciones para dar visibilidad a las mujeres cient\u00edficas y fomentar el inter\u00e9s de las ni\u00f1as por la ciencia y la tecnolog\u00eda.<\/p>\n<p>As\u00ed, a partir de hoy jueves 11 de febrero estar\u00e1 disponible un podcast sobre un \u00a0<strong>programa especial en RadiOlavide<\/strong> con el doble objetivo de visibilizar el trabajo y experiencias de las cient\u00edficas, investigadoras, profesoras y estudiantes en los \u00e1mbitos de las ciencias y la tecnolog\u00eda de la Universidad Pablo de Olavide, y reflexionar acerca de las barreras existentes ante la decisi\u00f3n de estudiar una carrera cient\u00edfica con la finalidad de crear en las ni\u00f1as vocaci\u00f3n cient\u00edfica.<\/p>\n<p>Este programa especial de radio est\u00e1 organizado por la Oficina para la Igualdad de la Delegaci\u00f3n por el Rector para la Igualdad de G\u00e9nero en colaboraci\u00f3n con la Facultad de Ciencias Experimentales, la Comisi\u00f3n de Igualdad del Centro Andaluz de Biolog\u00eda del Desarrollo (CABD), la Escuela Polit\u00e9cnica Superior y RadiOlavide del Vicerrectorado de Cultura y Pol\u00edticas Sociales.<\/p>\n<p>El programa, presentado por Candelaria Terce\u00f1o de la Oficina para la Igualdad de la UPO, cuenta con la participaci\u00f3n de profesoras, investigadoras, cient\u00edficas y estudiantes de la Facultad de Ciencias Experimentales, de la Comisi\u00f3n de Igualdad del Centro Andaluz de Biolog\u00eda del Desarrollo y de la Escuela Polit\u00e9cnica Superior de la UPO: Mar\u00eda Jim\u00e9nez Hern\u00e1ndez, Andrea Fern\u00e1ndez Hita, Nerea M\u00e1rquez Egea, Menta Ballesteros Mart\u00edn, Maria Almuedo Castillo, Mar\u00eda del Pilar Moreno Navarro, Raquel Ben\u00edtez Mer\u00f3n, Mari Carmen Lozano Espejo, Ana Mar\u00eda Mart\u00edn Caraballo, Ana Bautista S\u00e1nchez,\u00a0 Mar\u00eda P\u00e9rula Guti\u00e9rrez, Marieta G\u00f3mez, Aroa L\u00f3pez-Sanchez y Patricia V\u00e1zquez Del Cerro, que reflexionar\u00e1n tanto a nivel personal como profesional, sobre las iniciativas para mejorar la situaci\u00f3n de las mujeres en el \u00e1mbito cient\u00edfico tecnol\u00f3gico desde la universidad.<\/p>\n<p>Por otro lado, a partir de hoy jueves estar\u00e1 disponible la <strong>Revista Electr\u00f3nica Mujeres y Ciencia \u2018Cienciabilizate\u2019 II Edici\u00f3n,<\/strong> que cuenta con contenido did\u00e1ctico y que tiene como objetivo dar visibilidad a algunas de las mujeres cient\u00edficas m\u00e1s relevantes a nivel internacional, as\u00ed como concienciar a la sociedad del papel de las mujeres en las ciencias y crear referentes en las ni\u00f1as para favorecer su vocaci\u00f3n cient\u00edfica. Esta acci\u00f3n est\u00e1 organizada por la Comisi\u00f3n de Igualdad del Centro Andaluz de Biolog\u00eda para el Desarrollo (CABD) y la Oficina para la igualdad de la Delegaci\u00f3n por el Rector para la Igualdad de G\u00e9nero de la UPO.<\/p>\n<p>El Consejo de Estudiantes de la Universidad Pablo de Olavide (CEUPO), a trav\u00e9s de sus redes sociales, ha organizado dos acciones. Por un lado, <strong>\u2018Mujeres olvidadas de la ciencia\u2019<\/strong>, que pretende dar un espacio y protagonismo a diversas mujeres que, aunque aportaron mucho en este \u00e1mbito, se han visto hist\u00f3ricamente relegadas a un segundo plano. Y por otro, y con la colaboraci\u00f3n de profesoras de la Facultad de Ciencias Experimentales de la UPO, <strong>\u2018La voz de nuestra ciencia\u2019<\/strong>, con el objetivo de conocer de la mano de estas profesoras c\u00f3mo han sentido ellas ser mujer en un \u00e1mbito tan masculinizado.<\/p>\n<p>Por su parte, la Comisi\u00f3n de Igualdad del CABD ha organizado otras actividades que se celebrar\u00e1n ma\u00f1ana jueves, como la <strong>inauguraci\u00f3n de los nuevos carteles de las salas con nombre de cient\u00edficas relevantes<\/strong> en las instalaciones de este centro de investigaci\u00f3n, acci\u00f3n que cuenta con la colaboraci\u00f3n del CSIC y de la Unidad Mar\u00eda de Maetzu del CABD. Destinado al personal de este centro, tambi\u00e9n ha organizado el <strong>\u2018Quizz. \u00bfCu\u00e1nto sabes de mujer y ciencia?\u2019<\/strong> y, finalmente, pondr\u00e1 en marcha la <strong>\u2018Campa\u00f1a Sin Acci\u00f3n no hay igualdad: 10 a\u00f1os sin cambios\u2019<\/strong>, consistente en mostrar la nula evoluci\u00f3n de la proporci\u00f3n de mujeres en rangos acad\u00e9micos elevados, a trav\u00e9s de carteler\u00eda interna en el CABD.<\/p>\n<p>La Facultad de Ciencias Experimentales dar\u00e1 a conocer hoy jueves el p\u00f3ster ganador del <strong>I Concurso \u2018Cient\u00edficas pioneras de ayer y hoy\u2019<\/strong>, iniciativa puesta en marcha el pasado mes de enero con el objetivo de visibilizar el papel de investigadoras que hayan contribuido, a lo largo de la historia o en los \u00faltimos a\u00f1os, al conocimiento en biotecnolog\u00eda, medio ambiente o nutrici\u00f3n, por ser los \u00e1mbitos acad\u00e9micos de los grados impartidos en esta Facultad.<\/p>\n<p>La Escuela Polit\u00e9cnica Superior, a trav\u00e9s de sus redes sociales, tambi\u00e9n ha organizado otro concurso, en este caso <strong>\u2018I Concurso 11F Las mujeres tambi\u00e9n lo podemos lograr\u2019,<\/strong> con el objetivo visibilizar y reconocer la contribuci\u00f3n de la mujer en la ciencia en el \u00e1mbito de la ingenier\u00eda, tecnolog\u00eda o matem\u00e1ticas.<\/p>\n<p>Finalmente, la Unidad T\u00e9cnica de Comunicaci\u00f3n de esta universidad presentar\u00e1 a trav\u00e9s de redes sociales institucionales el<strong> v\u00eddeo \u2018Gracias por seguir vuestra vocaci\u00f3n. Cient\u00edficas UPO. 11-F\u2019<\/strong>, acci\u00f3n comunicativa que tiene como objetivo fundamental visibilizar a investigadoras y estudiantes STEM de la UPO a trav\u00e9s de fotograf\u00edas de su infancia.<\/p>\n<p>La Universidad Pablo de Olavide se suma as\u00ed a la Iniciativa 11 de Febrero, que promueve la realizaci\u00f3n de actividades en todas las ciudades espa\u00f1olas que, visibilizando la labor de las cient\u00edficas, conmemoren el D\u00eda Internacional de la Mujer y la Ni\u00f1a en la Ciencia, fomenten vocaciones cient\u00edficas en las ni\u00f1as y ayuden a cerrar la brecha de g\u00e9nero en ciencia.<\/p>\n<p>En diciembre de 2015 la ONU proclam\u00f3 el 11 de febrero D\u00eda Internacional de la Mujer y la Ni\u00f1a en la Ciencia con el objetivo de romper las barreras que encuentran las mujeres y las ni\u00f1as en el \u00e1mbito cient\u00edfico.<\/p>\n<p><strong>\u00a0<\/strong><\/p>\n<p><strong>M\u00e1s informaci\u00f3n:<\/strong><\/p>\n<p><a href=\"https:\/\/www.upo.es\/upsc\/igualdad\/dia-internacional-de-la-mujer-y-la-nina-en-la-ciencia\/\">Actividades con motivo del D\u00eda Internacional de la Mujer y la Ni\u00f1a en la Ciencia<\/a><\/p>\n<p><a href=\"https:\/\/www.un.org\/es\/observances\/women-and-girls-in-science-day\/\">ONU. D\u00eda Internacional de la Mujer y la Ni\u00f1a en la Ciencia<\/a><\/p>\n<p><a href=\"https:\/\/11defebrero.org\/\">Iniciativa 11 de febrero D\u00eda Internacional de la Mujer y la Ni\u00f1a en la Ciencia<\/a><\/p>\n<p><a href=\"https:\/\/www.nomorematildas.com\/\">Campa\u00f1a #NoMoreMatildas organizada por la asociaci\u00f3n de Mujeres Investigadoras y Tecn\u00f3logas (AMIT).<\/a><\/p>\n<p>&nbsp;<\/p>\n","protected":false},"excerpt":{"rendered":"<p>La Universidad Pablo de Olavide se suma un a\u00f1o m\u00e1s a la celebraci\u00f3n del D\u00eda Internacional de la Mujer y la Ni\u00f1a en la Ciencia, que se conmemora el 11 de febrero, y lo hace con distintas acciones para dar visibilidad a las mujeres cient\u00edficas y fomentar el inter\u00e9s de las ni\u00f1as por la ciencia y la tecnolog\u00eda.<\/p>\n","protected":false},"author":2,"featured_media":30864147,"comment_status":"closed","ping_status":"open","sticky":false,"template":"","format":"standard","meta":{"_monsterinsights_skip_tracking":false,"_monsterinsights_sitenote_active":false,"_monsterinsights_sitenote_note":"","_monsterinsights_sitenote_category":0,"footnotes":""},"categories":[2779],"tags":[43,419,5833,6530,5883,5776,233,3784],"class_list":["post-30864144","post","type-post","status-publish","format-standard","has-post-thumbnail","hentry","category-docencia-formacion","tag-cabd","tag-campana","tag-ciencia","tag-dia-internacional-de-la-mujer-y-la-nina-en-la-ciencia","tag-igualdad-de-genero","tag-iniciativa-11-de-febrero","tag-mujer","tag-radiolavide"],"_links":{"self":[{"href":"https:\/\/www.upo.es\/diario\/wp-json\/wp\/v2\/posts\/30864144","targetHints":{"allow":["GET"]}}],"collection":[{"href":"https:\/\/www.upo.es\/diario\/wp-json\/wp\/v2\/posts"}],"about":[{"href":"https:\/\/www.upo.es\/diario\/wp-json\/wp\/v2\/types\/post"}],"author":[{"embeddable":true,"href":"https:\/\/www.upo.es\/diario\/wp-json\/wp\/v2\/users\/2"}],"replies":[{"embeddable":true,"href":"https:\/\/www.upo.es\/diario\/wp-json\/wp\/v2\/comments?post=30864144"}],"version-history":[{"count":4,"href":"https:\/\/www.upo.es\/diario\/wp-json\/wp\/v2\/posts\/30864144\/revisions"}],"predecessor-version":[{"id":30864157,"href":"https:\/\/www.upo.es\/diario\/wp-json\/wp\/v2\/posts\/30864144\/revisions\/30864157"}],"wp:featuredmedia":[{"embeddable":true,"href":"https:\/\/www.upo.es\/diario\/wp-json\/wp\/v2\/media\/30864147"}],"wp:attachment":[{"href":"https:\/\/www.upo.es\/diario\/wp-json\/wp\/v2\/media?parent=30864144"}],"wp:term":[{"taxonomy":"category","embeddable":true,"href":"https:\/\/www.upo.es\/diario\/wp-json\/wp\/v2\/categories?post=30864144"},{"taxonomy":"post_tag","embeddable":true,"href":"https:\/\/www.upo.es\/diario\/wp-json\/wp\/v2\/tags?post=30864144"}],"curies":[{"name":"wp","href":"https:\/\/api.w.org\/{rel}","templated":true}]}}