{"id":30864160,"date":"2021-02-11T11:11:20","date_gmt":"2021-02-11T10:11:20","guid":{"rendered":"https:\/\/www.upo.es\/diario\/?p=30864160"},"modified":"2021-07-06T17:44:07","modified_gmt":"2021-07-06T15:44:07","slug":"cinef-centro-interdisciplinar-estudios-feministas-genero","status":"publish","type":"post","link":"https:\/\/www.upo.es\/diario\/institucional\/2021\/02\/cinef-centro-interdisciplinar-estudios-feministas-genero\/","title":{"rendered":"La UPO pone en marcha CINEF, Centro Interdisciplinar de Estudios Feministas, de las Mujeres y de G\u00e9nero"},"content":{"rendered":"<figure id=\"attachment_30864162\" aria-describedby=\"caption-attachment-30864162\" style=\"width: 750px\" class=\"wp-caption aligncenter\"><img loading=\"lazy\" decoding=\"async\" class=\"size-large wp-image-30864162\" src=\"https:\/\/www.upo.es\/diario\/wp-content\/uploads\/2021\/02\/investigadoras-CINEF-750x365.jpg\" alt=\"\" width=\"750\" height=\"365\" srcset=\"https:\/\/www.upo.es\/diario\/wp-content\/uploads\/2021\/02\/investigadoras-CINEF-750x365.jpg 750w, https:\/\/www.upo.es\/diario\/wp-content\/uploads\/2021\/02\/investigadoras-CINEF-360x175.jpg 360w, https:\/\/www.upo.es\/diario\/wp-content\/uploads\/2021\/02\/investigadoras-CINEF-768x374.jpg 768w, https:\/\/www.upo.es\/diario\/wp-content\/uploads\/2021\/02\/investigadoras-CINEF-600x292.jpg 600w, https:\/\/www.upo.es\/diario\/wp-content\/uploads\/2021\/02\/investigadoras-CINEF-1536x748.jpg 1536w, https:\/\/www.upo.es\/diario\/wp-content\/uploads\/2021\/02\/investigadoras-CINEF-1320x643.jpg 1320w, https:\/\/www.upo.es\/diario\/wp-content\/uploads\/2021\/02\/investigadoras-CINEF.jpg 1596w\" sizes=\"auto, (max-width: 750px) 100vw, 750px\" \/><figcaption id=\"caption-attachment-30864162\" class=\"wp-caption-text\">Investigadoras promotoras de CINEF<\/figcaption><\/figure>\n<p>La Universidad Pablo de Olavide ha puesto en marcha, tras un largo proceso administrativo y de evaluaci\u00f3n externa, el <strong><a href=\"https:\/\/www.upo.es\/cinef\/\">Centro Interdisciplinar de Estudios Feministas, de las Mujeres y de G\u00e9nero (CINEF)<\/a>, un centro propio y especializado que a\u00fana y coordina investigaci\u00f3n, docencia y transferencia de conocimiento en igualdad de g\u00e9nero<\/strong>, campo en el que la instituci\u00f3n cuenta con una larga y comprometida trayectoria.<\/p>\n<p>La vocaci\u00f3n de CINEF es promover, potenciar y coordinar actividades sobre investigaci\u00f3n interdisciplinar y transferencia de conocimiento en materia de g\u00e9nero e igualdad, as\u00ed como asesorar y promover actividades docentes, incorporando la perspectiva de g\u00e9nero en todas las \u00e1reas de conocimiento. <strong>El objetivo es que tanto la comunidad universitaria como la sociedad en general puedan tener conocimiento de los trabajos que se est\u00e1n llevando a cabo en la Universidad Pablo de Olavide a fin de ampliar las posibilidades de colaboraciones y sinergias entre diferentes grupos e instituciones<\/strong>. La creaci\u00f3n de este centro propio de investigaci\u00f3n suma a la UPO a las universidades espa\u00f1olas con un centro o instituto especializado en los estudios feministas y de g\u00e9nero, facilitando la colaboraci\u00f3n con otros centros de investigaci\u00f3n.<\/p>\n<p>CINEF, cuyo germen e gesta en la comisi\u00f3n acad\u00e9mica del M\u00e1ster de G\u00e9nero e Igualdad de la UPO, est\u00e1 promovido por personal de los siguientes grupos de investigaci\u00f3n: Econom\u00eda Ecol\u00f3gica, Feminista y Desarrollo (ECOECOFEM, SEJ507), Valores, Familia, Igualdad y Relaciones Intergeneracionales (SEJ468), Investigaci\u00f3n de Acci\u00f3n Socioeducativa (GIAS, HUM929) y Grupo M\u00e9todos Cuantitativos en Empresa y Econom\u00eda (SEJ374).<\/p>\n<p>\u201cA pesar de que la UPO tiene una larga trayectoria en materia de g\u00e9nero, sobre todo en investigaci\u00f3n, no exist\u00eda un centro espec\u00edfico que permitiese una interconexi\u00f3n entre todo el PDI que desarrolla actividades en este \u00e1rea de trabajo, lo cual es vital, dado que la interdisciplinariedad es un factor clave, pues el aprovechamiento de sinergias se configura como un elemento esencial para concurrir a convocatorias de ayudas como Horizonte Europa, por ejemplo\u201d, explica <strong>M\u00f3nica Dom\u00ednguez Serrano<\/strong>, delegada del rector para la Igualdad de G\u00e9nero de la Universidad Pablo de Olavide y codirectora de este centro junto a<strong> Paula Rodr\u00edguez Modro\u00f1o<\/strong>, responsable del \u00c1rea de Historia Econ\u00f3mica de la instituci\u00f3n.<\/p>\n<p>Adem\u00e1s de M\u00f3nica Dom\u00ednguez y Paula Rodr\u00edguez, las investigadoras que han promovido este proyecto han sido M\u00aa Carmen Monreal Gimeno, Lina G\u00e1lvez Mu\u00f1oz y Mar\u00eda Teresa Terr\u00f3n Caro.<\/p>\n<p>Esta semana ha tenido lugar la primera reuni\u00f3n de CINEF (en formato virtual) y en la misma ha participado tanto el equipo promotor de la iniciativa como el grupo de personas que asumir\u00e1 diferentes responsabilidades en la gesti\u00f3n del centro en esta primera fase de puesta en funcionamiento.<\/p>\n","protected":false},"excerpt":{"rendered":"<p>La Universidad Pablo de Olavide ha puesto en marcha, tras un largo proceso administrativo y de evaluaci\u00f3n externa, el Centro Interdisciplinar de Estudios Feministas, de las Mujeres y de G\u00e9nero (CINEF), un centro propio y especializado que a\u00fana y coordina investigaci\u00f3n, docencia y transferencia de conocimiento en igualdad de g\u00e9nero, campo en el que la instituci\u00f3n cuenta con una larga y comprometida trayectoria. <\/p>\n","protected":false},"author":6,"featured_media":30864162,"comment_status":"closed","ping_status":"open","sticky":false,"template":"","format":"standard","meta":{"_monsterinsights_skip_tracking":false,"_monsterinsights_sitenote_active":false,"_monsterinsights_sitenote_note":"","_monsterinsights_sitenote_category":0,"footnotes":""},"categories":[6],"tags":[5956,2706,890,5883],"class_list":["post-30864160","post","type-post","status-publish","format-standard","has-post-thumbnail","hentry","category-institucional","tag-centro-de-investigacion","tag-estudios-de-genero","tag-feminismo","tag-igualdad-de-genero"],"_links":{"self":[{"href":"https:\/\/www.upo.es\/diario\/wp-json\/wp\/v2\/posts\/30864160","targetHints":{"allow":["GET"]}}],"collection":[{"href":"https:\/\/www.upo.es\/diario\/wp-json\/wp\/v2\/posts"}],"about":[{"href":"https:\/\/www.upo.es\/diario\/wp-json\/wp\/v2\/types\/post"}],"author":[{"embeddable":true,"href":"https:\/\/www.upo.es\/diario\/wp-json\/wp\/v2\/users\/6"}],"replies":[{"embeddable":true,"href":"https:\/\/www.upo.es\/diario\/wp-json\/wp\/v2\/comments?post=30864160"}],"version-history":[{"count":2,"href":"https:\/\/www.upo.es\/diario\/wp-json\/wp\/v2\/posts\/30864160\/revisions"}],"predecessor-version":[{"id":30867396,"href":"https:\/\/www.upo.es\/diario\/wp-json\/wp\/v2\/posts\/30864160\/revisions\/30867396"}],"wp:featuredmedia":[{"embeddable":true,"href":"https:\/\/www.upo.es\/diario\/wp-json\/wp\/v2\/media\/30864162"}],"wp:attachment":[{"href":"https:\/\/www.upo.es\/diario\/wp-json\/wp\/v2\/media?parent=30864160"}],"wp:term":[{"taxonomy":"category","embeddable":true,"href":"https:\/\/www.upo.es\/diario\/wp-json\/wp\/v2\/categories?post=30864160"},{"taxonomy":"post_tag","embeddable":true,"href":"https:\/\/www.upo.es\/diario\/wp-json\/wp\/v2\/tags?post=30864160"}],"curies":[{"name":"wp","href":"https:\/\/api.w.org\/{rel}","templated":true}]}}