{"id":30864194,"date":"2021-02-12T13:58:44","date_gmt":"2021-02-12T12:58:44","guid":{"rendered":"https:\/\/www.upo.es\/diario\/?p=30864194"},"modified":"2021-02-15T10:05:22","modified_gmt":"2021-02-15T09:05:22","slug":"radiolavide-participa-dia-mundial-radio-aru","status":"publish","type":"post","link":"https:\/\/www.upo.es\/diario\/docencia-formacion\/2021\/02\/radiolavide-participa-dia-mundial-radio-aru\/","title":{"rendered":"RadiOlavide celebra el D\u00eda Mundial de la Radio junto a la Asociaci\u00f3n de Radios Universitarias"},"content":{"rendered":"<p><img loading=\"lazy\" decoding=\"async\" class=\"aligncenter size-large wp-image-30864195\" src=\"https:\/\/www.upo.es\/diario\/wp-content\/uploads\/2021\/02\/WRD-2021-Tools_SPA_WRD-2021-Banner_SPA-750x300.png\" alt=\"D\u00eda Mundial de la Radio 2021\" width=\"750\" height=\"300\" srcset=\"https:\/\/www.upo.es\/diario\/wp-content\/uploads\/2021\/02\/WRD-2021-Tools_SPA_WRD-2021-Banner_SPA-750x300.png 750w, https:\/\/www.upo.es\/diario\/wp-content\/uploads\/2021\/02\/WRD-2021-Tools_SPA_WRD-2021-Banner_SPA-360x144.png 360w, https:\/\/www.upo.es\/diario\/wp-content\/uploads\/2021\/02\/WRD-2021-Tools_SPA_WRD-2021-Banner_SPA-768x307.png 768w, https:\/\/www.upo.es\/diario\/wp-content\/uploads\/2021\/02\/WRD-2021-Tools_SPA_WRD-2021-Banner_SPA-600x240.png 600w, https:\/\/www.upo.es\/diario\/wp-content\/uploads\/2021\/02\/WRD-2021-Tools_SPA_WRD-2021-Banner_SPA-1536x614.png 1536w, https:\/\/www.upo.es\/diario\/wp-content\/uploads\/2021\/02\/WRD-2021-Tools_SPA_WRD-2021-Banner_SPA-1320x528.png 1320w, https:\/\/www.upo.es\/diario\/wp-content\/uploads\/2021\/02\/WRD-2021-Tools_SPA_WRD-2021-Banner_SPA.png 1876w\" sizes=\"auto, (max-width: 750px) 100vw, 750px\" \/>Ma\u00f1ana s\u00e1bado, <strong>13 de febrero<\/strong>, se celebra el <strong>D\u00eda Mundial de la Radio<\/strong>. Con este motivo la Asociaci\u00f3n de Radios Universitarias (ARU) organiza un programa especial, coordinado por la radio de la Universidad Miguel Hern\u00e1ndez (UMH), con piezas radiof\u00f3nicas relacionadas con el lema de la UNESCO de este a\u00f1o \u2018Nuevo Mundo, Nueva Radio\u2019. RadiOlavide participa a trav\u00e9s del programa \u2018Con Mucho Cuento\u2019, con un podcast realizado \u00edntegramente por Filiberto Chamorro, coordinador del programa y narrador profesional. El mismo ser\u00e1 emitido a trav\u00e9s de radiolavide.org el <strong>viernes 12 de febrero a las 14:00 horas<\/strong>, y se realizar\u00e1 una redifusi\u00f3n el <strong>s\u00e1bado 13 de febrero a las 11:00 horas<\/strong>.<\/p>\n<p>Proclamado en 2011 por la UNESCO, este a\u00f1o las actividades organizadas para conmemorar este d\u00eda llevan por lema <strong>\u2018Nuevo mundo, nueva radio. Evoluci\u00f3n, innovaci\u00f3n, conexi\u00f3n\u2019<\/strong>, para poner de relieve la capacidad de adaptaci\u00f3n de este medio de comunicaci\u00f3n durante la emergencia sanitaria, en el que ha demostrado su evoluci\u00f3n, innovaci\u00f3n y conexi\u00f3n con sus oyentes.<\/p>\n<p>De forma paralela, dentro de los actos conmemorativos del D\u00eda Mundial de la Radio, hoy viernes, de 19 a 21 horas, se emitir\u00e1 el programa especial \u2018Mundo RIU\u2019 en el que participar\u00e1n las emisoras de trece pa\u00edses a iniciativa de la red de radios internacional RIU, de la que ARU forma parte. En representaci\u00f3n de todas las emisoras de ARU participar\u00e1 Sonia Mart\u00ednez de Radio UMH. Durante su intervenci\u00f3n, explicar\u00e1 las actividades que se desarrollan desde las emisoras universitarias espa\u00f1olas con motivo de esta efem\u00e9ride, as\u00ed como la adaptaci\u00f3n de las diferentes radios y sus programaciones durante la pandemia. Este programa especial se podr\u00e1 seguir en: <a href=\"https:\/\/www.facebook.com\/radiointernacionaluniversitariaRIU\">https:\/\/www.facebook.com\/radiointernacionaluniversitariaRIU<\/a><\/p>\n<p><img loading=\"lazy\" decoding=\"async\" class=\"alignright size-full wp-image-17923092\" src=\"https:\/\/www.upo.es\/diario\/wp-content\/uploads\/2017\/01\/radiolavide-300.png\" alt=\"RadiOlavide\" width=\"300\" height=\"193\" \/>RadiOlavide se suma de esta manera, a trav\u00e9s de ARU, a la celebraci\u00f3n de<strong> un medio de comunicaci\u00f3n que la UNESCO considera el m\u00e1s poderoso para celebrar la humanidad en toda su diversidad as\u00ed como una plataforma esencial para el discurso democr\u00e1tico<\/strong>. A d\u00eda de hoy, sigue siendo a nivel mundial el medio de mayor consumo y el que llega a una audiencia m\u00e1s amplia.<\/p>\n<p>La radio universitaria de la Universidad Pablo de Olavide es un proyecto educativo y comunitario que se encuentra al servicio de toda la sociedad. Coordinada por el Vicerrectorado de Cultura y Pol\u00edticas Sociales, RadiOlavide emite por internet y se concibe como medio de comunicaci\u00f3n, difusi\u00f3n, recurso pedag\u00f3gico y de participaci\u00f3n de la comunidad universitaria. Supone una apuesta de la UPO para contribuir a la democratizaci\u00f3n de los saberes y conocimientos, as\u00ed como a la construcci\u00f3n de una identidad cultural diversa. RadiOlavide es la primera radio universitaria que se cre\u00f3 en Sevilla y en 2019 recibi\u00f3 el <a href=\"https:\/\/www.upo.es\/diario\/comunidad\/2019\/12\/el-equipo-de-mundo-sostenible-de-radiolavide-recoge-el-premio-andalucia-de-comunicacion-audiovisual-local\/\">Premio Andaluc\u00eda de Comunicaci\u00f3n Audiovisual Local por su programa \u2018Mundo Sostenible\u2019<\/a>.<\/p>\n<p><strong>M\u00e1s informaci\u00f3n:<\/strong><\/p>\n<ul>\n<li><a href=\"https:\/\/es.unesco.org\/commemorations\/worldradioday\">D\u00eda Mundial de la Radio (unesco.org)<\/a><\/li>\n<li><a href=\"http:\/\/www.asociacionderadiosuniversitarias.es\/\">www.asociacionderadiosuniversitarias.es<\/a><\/li>\n<li><a href=\"https:\/\/radiolavide.org\/\">RadiOlavide.org<\/a><\/li>\n<li><a href=\"https:\/\/radiolavide.org\/programa\/mucho-cuento\">RadiOlavide: \u2018Con Mucho Cuento\u2019<\/a><\/li>\n<\/ul>\n<p>&nbsp;<\/p>\n","protected":false},"excerpt":{"rendered":"<p>Ma\u00f1ana s\u00e1bado, 13 de febrero, se celebra el D\u00eda Mundial de la Radio. Con este motivo la Asociaci\u00f3n de Radios Universitarias (ARU) organiza un programa especial, coordinado por la radio de la Universidad Miguel Hern\u00e1ndez (UMH), con piezas radiof\u00f3nicas relacionadas con el lema de la UNESCO de este a\u00f1o \u2018Nuevo Mundo, Nueva Radio\u2019. RadiOlavide participa a trav\u00e9s del programa \u2018Con<a class=\"read-more\" href=\"https:\/\/www.upo.es\/diario\/docencia-formacion\/2021\/02\/radiolavide-participa-dia-mundial-radio-aru\/\">[Read More&#8230;]<\/a><\/p>\n","protected":false},"author":6,"featured_media":30864195,"comment_status":"closed","ping_status":"open","sticky":false,"template":"","format":"standard","meta":{"_monsterinsights_skip_tracking":false,"_monsterinsights_sitenote_active":false,"_monsterinsights_sitenote_note":"","_monsterinsights_sitenote_category":0,"footnotes":""},"categories":[2779],"tags":[984,6446,3784,7238],"class_list":["post-30864194","post","type-post","status-publish","format-standard","has-post-thumbnail","hentry","category-docencia-formacion","tag-medios-de-comunicacion","tag-radio-universitaria","tag-radiolavide","tag-unesco"],"_links":{"self":[{"href":"https:\/\/www.upo.es\/diario\/wp-json\/wp\/v2\/posts\/30864194","targetHints":{"allow":["GET"]}}],"collection":[{"href":"https:\/\/www.upo.es\/diario\/wp-json\/wp\/v2\/posts"}],"about":[{"href":"https:\/\/www.upo.es\/diario\/wp-json\/wp\/v2\/types\/post"}],"author":[{"embeddable":true,"href":"https:\/\/www.upo.es\/diario\/wp-json\/wp\/v2\/users\/6"}],"replies":[{"embeddable":true,"href":"https:\/\/www.upo.es\/diario\/wp-json\/wp\/v2\/comments?post=30864194"}],"version-history":[{"count":6,"href":"https:\/\/www.upo.es\/diario\/wp-json\/wp\/v2\/posts\/30864194\/revisions"}],"predecessor-version":[{"id":30864206,"href":"https:\/\/www.upo.es\/diario\/wp-json\/wp\/v2\/posts\/30864194\/revisions\/30864206"}],"wp:featuredmedia":[{"embeddable":true,"href":"https:\/\/www.upo.es\/diario\/wp-json\/wp\/v2\/media\/30864195"}],"wp:attachment":[{"href":"https:\/\/www.upo.es\/diario\/wp-json\/wp\/v2\/media?parent=30864194"}],"wp:term":[{"taxonomy":"category","embeddable":true,"href":"https:\/\/www.upo.es\/diario\/wp-json\/wp\/v2\/categories?post=30864194"},{"taxonomy":"post_tag","embeddable":true,"href":"https:\/\/www.upo.es\/diario\/wp-json\/wp\/v2\/tags?post=30864194"}],"curies":[{"name":"wp","href":"https:\/\/api.w.org\/{rel}","templated":true}]}}