{"id":30864213,"date":"2021-02-15T12:54:20","date_gmt":"2021-02-15T11:54:20","guid":{"rendered":"https:\/\/www.upo.es\/diario\/?p=30864213"},"modified":"2021-02-18T14:36:21","modified_gmt":"2021-02-18T13:36:21","slug":"el-catedratico-de-la-upo-jesus-ramos-miembro-del-grupo-de-expertos-en-haciendas-locales-y-catastro-de-la-aedaf","status":"publish","type":"post","link":"https:\/\/www.upo.es\/diario\/comunidad\/2021\/02\/el-catedratico-de-la-upo-jesus-ramos-miembro-del-grupo-de-expertos-en-haciendas-locales-y-catastro-de-la-aedaf\/","title":{"rendered":"El catedr\u00e1tico de la UPO Jes\u00fas Ramos, miembro del grupo de expertos en Haciendas Locales y Catastro de la AEDAF"},"content":{"rendered":"<figure id=\"attachment_30864215\" aria-describedby=\"caption-attachment-30864215\" style=\"width: 750px\" class=\"wp-caption aligncenter\"><a href=\"https:\/\/www.upo.es\/diario\/wp-content\/uploads\/2021\/02\/JesusRamos.jpg\"><img loading=\"lazy\" decoding=\"async\" class=\"size-large wp-image-30864215\" src=\"https:\/\/www.upo.es\/diario\/wp-content\/uploads\/2021\/02\/JesusRamos-750x566.jpg\" alt=\"\" width=\"750\" height=\"566\" srcset=\"https:\/\/www.upo.es\/diario\/wp-content\/uploads\/2021\/02\/JesusRamos-750x566.jpg 750w, https:\/\/www.upo.es\/diario\/wp-content\/uploads\/2021\/02\/JesusRamos-360x271.jpg 360w, https:\/\/www.upo.es\/diario\/wp-content\/uploads\/2021\/02\/JesusRamos-768x579.jpg 768w, https:\/\/www.upo.es\/diario\/wp-content\/uploads\/2021\/02\/JesusRamos-600x452.jpg 600w, https:\/\/www.upo.es\/diario\/wp-content\/uploads\/2021\/02\/JesusRamos.jpg 1106w\" sizes=\"auto, (max-width: 750px) 100vw, 750px\" \/><\/a><figcaption id=\"caption-attachment-30864215\" class=\"wp-caption-text\">Jes\u00fas Ramos Prieto<\/figcaption><\/figure>\n<p>El catedr\u00e1tico de Derecho Financiero y Tributario del Departamento de Derecho P\u00fablico de la Universidad Pablo de Olavide <strong>Jes\u00fas Ramos Prieto<\/strong> ha sido nombrado miembro del nuevo <strong>grupo de expertos sobre Haciendas Locales y Catastro de la <\/strong><a href=\"https:\/\/www.aedaf.es\/es\"><strong>Asociaci\u00f3n Espa\u00f1ola de Asesores Fiscales<\/strong><\/a><strong> (AEDAF).<\/strong><\/p>\n<p>Jes\u00fas Ramos es uno de los diez miembros que forman el grupo de expertos sobre <strong>Haciendas Locales y Catastro<\/strong> que tiene como objetivo trasladar al conjunto de los asociados y a la sociedad cuestiones de inter\u00e9s y conclusiones derivadas de sus sesiones de trabajos mediante publicaciones, notas, gu\u00edas, conferencias, cursos o cualquier otro medio de difusi\u00f3n.<\/p>\n<p>Con reuniones al menos una vez al trimestre, el grupo de expertos desarrolla su tarea en estrecha colaboraci\u00f3n con la Comisi\u00f3n Directiva, el Plenario y el Gabinete de Estudios de la Asociaci\u00f3n y sirve de observatorio para detectar aquellas tendencias y problemas concretos de la materia que trate que resulten de especial relevancia para la pr\u00e1ctica profesional.<\/p>\n<p>Creada en 1967, la <strong>Asociaci\u00f3n Espa\u00f1ola de Asesores Fiscales<\/strong> (AEDAF), con la que la Universidad Pablo de Olavide tiene suscrito un protocolo de colaboraci\u00f3n desde 2015, re\u00fane actualmente a m\u00e1s de 3000 profesionales, titulados universitarios especializados en materia fiscal, que se dedican de forma principal y preferente al asesoramiento tributario, bien sea por cuenta propia o ajena.<\/p>\n<p>La misi\u00f3n de la Asociaci\u00f3n es ofrecer a sus miembros las mejores herramientas y garantizar una informaci\u00f3n y una formaci\u00f3n permanente de alta calidad y r\u00e1pida aplicaci\u00f3n en su d\u00eda a d\u00eda a trav\u00e9s de publicaciones de inter\u00e9s, actividades formativas y encuentros profesionales, as\u00ed como del continuo intercambio de experiencias e informaci\u00f3n entre sus integrantes. Participa de forma activa en la mejora del sistema tributario, colaborando en la preparaci\u00f3n y modificaci\u00f3n de los textos legales en materia tributaria a trav\u00e9s de observaciones e informes que son un referente para la Administraci\u00f3n.<\/p>\n<p>AEDAF tiene tambi\u00e9n como finalidad fortalecer y defender la imagen del asesor fiscal y la difusi\u00f3n de su importancia en la econom\u00eda y la sociedad espa\u00f1olas, y participa en la mayor\u00eda de los organismos y entidades nacionales e internacionales que representan y defienden los intereses de la profesi\u00f3n.<\/p>\n<p><strong>Jes\u00fas Ramos Prieto<\/strong> es doctor en Derecho con premio extraordinario y catedr\u00e1tico en Derecho Financiero y Tributario de la Universidad Pablo de Olavide de Sevilla, de cuyo Departamento de Derecho P\u00fablico ha sido director entre 2012 y 2020. Ha sido vicedecano de la Facultad de Derecho (2001-2003) y director general para el Espacio Europeo de Educaci\u00f3n Superior (2003-2007) en dicha Universidad. Autor de m\u00e1s de un centenar de publicaciones y m\u00e1s de setenta contribuciones a congresos, jornadas y seminarios nacionales e internacionales, ha sido responsable o miembro de m\u00faltiples proyectos de investigaci\u00f3n del Plan Nacional y del Plan Andaluz de Investigaci\u00f3n. En la actualidad es IP de los Proyectos de Investigaci\u00f3n \u201cDesaf\u00edos tributarios en el nuevo contexto europeo e internacional: econom\u00eda digital y mercado interior\u201d (Ministerio de Ciencia, Innovaci\u00f3n y Universidades) y \u201cRetos actuales de la tributaci\u00f3n indirecta en Espa\u00f1a y Europa\u201d (Programa Operativo FEDER Andaluc\u00eda 2014-2020).<\/p>\n<p>Forma parte, entre otros foros acad\u00e9micos o profesionales, de la Escuela Europea de Estudios Tributarios Avanzados de la Universidad de Bolonia, de la Asociaci\u00f3n Espa\u00f1ola de Asesores Fiscales, de la Asociaci\u00f3n Espa\u00f1ola de Derecho Financiero y de la Red de Profesores de la disciplina. Ha realizado estancias de investigaci\u00f3n en las Universidades de Estrasburgo y Bolonia y es profesor invitado desde 2010 en la Universidad Paris-Est Cr\u00e9teil.<\/p>\n","protected":false},"excerpt":{"rendered":"<p>Jes\u00fas Ramos es uno de los diez miembros que forman el grupo de expertos sobre Haciendas Locales y Catastro que tiene como objetivo trasladar al conjunto de los asociados y a la sociedad cuestiones de inter\u00e9s y conclusiones derivadas de sus sesiones de trabajos mediante publicaciones, notas, gu\u00edas, conferencias, cursos o cualquier otro medio de difusi\u00f3n.<\/p>\n","protected":false},"author":4,"featured_media":30864215,"comment_status":"closed","ping_status":"open","sticky":false,"template":"","format":"standard","meta":{"_monsterinsights_skip_tracking":false,"_monsterinsights_sitenote_active":false,"_monsterinsights_sitenote_note":"","_monsterinsights_sitenote_category":0,"footnotes":""},"categories":[5842],"tags":[4100,7240,4801,7239,5870],"class_list":["post-30864213","post","type-post","status-publish","format-standard","has-post-thumbnail","hentry","category-comunidad","tag-aedaf","tag-asociacion-espanola-de-asesores-fiscales","tag-departamento-de-derecho-publico","tag-derecho-financiero","tag-jesus-ramos"],"_links":{"self":[{"href":"https:\/\/www.upo.es\/diario\/wp-json\/wp\/v2\/posts\/30864213","targetHints":{"allow":["GET"]}}],"collection":[{"href":"https:\/\/www.upo.es\/diario\/wp-json\/wp\/v2\/posts"}],"about":[{"href":"https:\/\/www.upo.es\/diario\/wp-json\/wp\/v2\/types\/post"}],"author":[{"embeddable":true,"href":"https:\/\/www.upo.es\/diario\/wp-json\/wp\/v2\/users\/4"}],"replies":[{"embeddable":true,"href":"https:\/\/www.upo.es\/diario\/wp-json\/wp\/v2\/comments?post=30864213"}],"version-history":[{"count":1,"href":"https:\/\/www.upo.es\/diario\/wp-json\/wp\/v2\/posts\/30864213\/revisions"}],"predecessor-version":[{"id":30864216,"href":"https:\/\/www.upo.es\/diario\/wp-json\/wp\/v2\/posts\/30864213\/revisions\/30864216"}],"wp:featuredmedia":[{"embeddable":true,"href":"https:\/\/www.upo.es\/diario\/wp-json\/wp\/v2\/media\/30864215"}],"wp:attachment":[{"href":"https:\/\/www.upo.es\/diario\/wp-json\/wp\/v2\/media?parent=30864213"}],"wp:term":[{"taxonomy":"category","embeddable":true,"href":"https:\/\/www.upo.es\/diario\/wp-json\/wp\/v2\/categories?post=30864213"},{"taxonomy":"post_tag","embeddable":true,"href":"https:\/\/www.upo.es\/diario\/wp-json\/wp\/v2\/tags?post=30864213"}],"curies":[{"name":"wp","href":"https:\/\/api.w.org\/{rel}","templated":true}]}}