{"id":30864280,"date":"2021-02-19T13:30:46","date_gmt":"2021-02-19T12:30:46","guid":{"rendered":"https:\/\/www.upo.es\/diario\/?p=30864280"},"modified":"2021-02-19T13:30:46","modified_gmt":"2021-02-19T12:30:46","slug":"jesus-gomez-david-barroso-y-valme-prado-compiten-en-el-campeonato-de-espana-de-atletismo-en-pista-cubierta","status":"publish","type":"post","link":"https:\/\/www.upo.es\/diario\/comunidad\/2021\/02\/jesus-gomez-david-barroso-y-valme-prado-compiten-en-el-campeonato-de-espana-de-atletismo-en-pista-cubierta\/","title":{"rendered":"Jes\u00fas G\u00f3mez, David Barroso y Valme Prado compiten en el Campeonato de Espa\u00f1a de Atletismo en Pista Cubierta"},"content":{"rendered":"<p><img loading=\"lazy\" decoding=\"async\" class=\"aligncenter size-large wp-image-30864281\" src=\"https:\/\/www.upo.es\/diario\/wp-content\/uploads\/2021\/02\/campeonato-atletismo-nacional-750x422.jpg\" alt=\"el Campeonato de Espa\u00f1a de Atletismo en Pista Cubierta en categor\u00eda absoluta\" width=\"750\" height=\"422\" srcset=\"https:\/\/www.upo.es\/diario\/wp-content\/uploads\/2021\/02\/campeonato-atletismo-nacional-750x422.jpg 750w, https:\/\/www.upo.es\/diario\/wp-content\/uploads\/2021\/02\/campeonato-atletismo-nacional-360x203.jpg 360w, https:\/\/www.upo.es\/diario\/wp-content\/uploads\/2021\/02\/campeonato-atletismo-nacional-768x432.jpg 768w, https:\/\/www.upo.es\/diario\/wp-content\/uploads\/2021\/02\/campeonato-atletismo-nacional-600x338.jpg 600w, https:\/\/www.upo.es\/diario\/wp-content\/uploads\/2021\/02\/campeonato-atletismo-nacional.jpg 1280w\" sizes=\"auto, (max-width: 750px) 100vw, 750px\" \/>Este fin de semana se disputa en Madrid el <strong>Campeonato de Espa\u00f1a de Atletismo en Pista Cubierta en categor\u00eda absoluta<\/strong>, en el que los estudiantes de la UPO <strong>Jes\u00fas G\u00f3mez, David Barroso y Valme Prado<\/strong> luchar\u00e1n por un hueco en el podio de la m\u00e1xima categor\u00eda.<\/p>\n<p><strong>Los tres atletas, estudiantes del Grado en Ciencias de la Actividad F\u00edsica y del Deporte de la UPO, han logrado estar presentes en esta competici\u00f3n tras clasificarse en el Campeonato de Espa\u00f1a sub23<\/strong> disputado el pasado fin de semana en Valencia.<\/p>\n<p>En concreto, Jes\u00fas G\u00f3mez, disputar\u00e1 la prueba de 60m a la que llega tras conseguir el primer puesto en la misma prueba categor\u00eda sub23 con una marca de 6.76. Y David Barroso y Valme Prado, lo har\u00e1n en 800m, masculino y femenino, tras haber conseguido ambos un cuarto puesto en la misma prueba en categor\u00eda sub23 con una marca de 1:53.49 y 2:10.16, respectivamente.<\/p>\n","protected":false},"excerpt":{"rendered":"<p>Este fin de semana se disputa en la pista cubierta Gallur de Madrid el Campeonato de Espa\u00f1a de Atletismo en Pista Cubierta en categor\u00eda absoluta, en el que los estudiantes de la UPO Jes\u00fas G\u00f3mez, David Barroso y Valme Prado luchar\u00e1n por un hueco en el podio de la m\u00e1xima categor\u00eda. <\/p>\n","protected":false},"author":6,"featured_media":30864281,"comment_status":"closed","ping_status":"open","sticky":false,"template":"","format":"standard","meta":{"_acf_changed":false,"_monsterinsights_skip_tracking":false,"footnotes":""},"categories":[5842],"tags":[31,1159,1310,231,285,21],"class_list":["post-30864280","post","type-post","status-publish","format-standard","has-post-thumbnail","hentry","category-comunidad","tag-atletismo","tag-campeonato","tag-competicion","tag-deportes-2","tag-espana","tag-estudiantes"],"acf":[],"_links":{"self":[{"href":"https:\/\/www.upo.es\/diario\/wp-json\/wp\/v2\/posts\/30864280","targetHints":{"allow":["GET"]}}],"collection":[{"href":"https:\/\/www.upo.es\/diario\/wp-json\/wp\/v2\/posts"}],"about":[{"href":"https:\/\/www.upo.es\/diario\/wp-json\/wp\/v2\/types\/post"}],"author":[{"embeddable":true,"href":"https:\/\/www.upo.es\/diario\/wp-json\/wp\/v2\/users\/6"}],"replies":[{"embeddable":true,"href":"https:\/\/www.upo.es\/diario\/wp-json\/wp\/v2\/comments?post=30864280"}],"version-history":[{"count":1,"href":"https:\/\/www.upo.es\/diario\/wp-json\/wp\/v2\/posts\/30864280\/revisions"}],"predecessor-version":[{"id":30864282,"href":"https:\/\/www.upo.es\/diario\/wp-json\/wp\/v2\/posts\/30864280\/revisions\/30864282"}],"wp:featuredmedia":[{"embeddable":true,"href":"https:\/\/www.upo.es\/diario\/wp-json\/wp\/v2\/media\/30864281"}],"wp:attachment":[{"href":"https:\/\/www.upo.es\/diario\/wp-json\/wp\/v2\/media?parent=30864280"}],"wp:term":[{"taxonomy":"category","embeddable":true,"href":"https:\/\/www.upo.es\/diario\/wp-json\/wp\/v2\/categories?post=30864280"},{"taxonomy":"post_tag","embeddable":true,"href":"https:\/\/www.upo.es\/diario\/wp-json\/wp\/v2\/tags?post=30864280"}],"curies":[{"name":"wp","href":"https:\/\/api.w.org\/{rel}","templated":true}]}}