{"id":30864316,"date":"2021-02-24T05:07:08","date_gmt":"2021-02-24T04:07:08","guid":{"rendered":"https:\/\/www.upo.es\/diario\/?p=30864316"},"modified":"2021-02-24T10:48:59","modified_gmt":"2021-02-24T09:48:59","slug":"estudiantes-de-la-upo-participan-manana-en-el-debate-inteligencia-artificial-y-la-seguridad-global-en-el-marco-del-concurso-defensayyo","status":"publish","type":"post","link":"https:\/\/www.upo.es\/diario\/docencia-formacion\/2021\/02\/estudiantes-de-la-upo-participan-manana-en-el-debate-inteligencia-artificial-y-la-seguridad-global-en-el-marco-del-concurso-defensayyo\/","title":{"rendered":"Estudiantes de la UPO participan en el debate \u2018Inteligencia artificial y la seguridad global\u2019 en el marco del concurso #DefensayYo"},"content":{"rendered":"<p><img loading=\"lazy\" decoding=\"async\" class=\"aligncenter size-large wp-image-30864317\" src=\"https:\/\/www.upo.es\/diario\/wp-content\/uploads\/2021\/02\/defensayyo-UPO-240221-750x375.png\" alt=\"debate \u2018Inteligencia artificial y la seguridad global\u2019.\" width=\"750\" height=\"375\" srcset=\"https:\/\/www.upo.es\/diario\/wp-content\/uploads\/2021\/02\/defensayyo-UPO-240221-750x375.png 750w, https:\/\/www.upo.es\/diario\/wp-content\/uploads\/2021\/02\/defensayyo-UPO-240221-360x180.png 360w, https:\/\/www.upo.es\/diario\/wp-content\/uploads\/2021\/02\/defensayyo-UPO-240221-768x384.png 768w, https:\/\/www.upo.es\/diario\/wp-content\/uploads\/2021\/02\/defensayyo-UPO-240221-600x300.png 600w, https:\/\/www.upo.es\/diario\/wp-content\/uploads\/2021\/02\/defensayyo-UPO-240221.png 800w\" sizes=\"auto, (max-width: 750px) 100vw, 750px\" \/>Hoy <strong>mi\u00e9rcoles 24 de febrero, a las 16 horas y en formato <em>online<\/em> a trav\u00e9s de Zoom<\/strong>, se celebrar\u00e1 el <a href=\"https:\/\/www.esglobal.org\/la-inteligencia-artificial-y-la-seguridad-global-universidad-pablo-de-olavide-sevilla\/\">debate \u2018Inteligencia artificial y la seguridad global\u2019<\/a>. Se trata del quinto encuentro del <strong>proyecto \u2018Defensa y Yo: mi papel como ciudadano ante las nuevas amenazas\u2019<\/strong>, un concurso organizado por el medio digital <a href=\"https:\/\/www.esglobal.org\/\">Esglobal<\/a> en colaboraci\u00f3n con la <strong>Embajada de Estados Unidos de Am\u00e9rica en Espa\u00f1a<\/strong>, y en el que participa la Universidad Pablo de Olavide junto a otros centros universitarios de todo el pa\u00eds. El debate se desarrollar\u00e1 en espa\u00f1ol con traducci\u00f3n simult\u00e1nea al ingl\u00e9s.<\/p>\n<p>El debate ser\u00e1 presentado por <strong>Manuel R. Torres Soriano<\/strong>, catedr\u00e1tico de Ciencia Pol\u00edtica de la UPO recientemente nombrado miembro del Consejo Cient\u00edfico del Real Instituto Elcano, y moderado por <strong>Ana Mangas<\/strong>, redactora jefe de esglobal. Tambi\u00e9n intervendr\u00e1n en el encuentro virtual, <strong>Raquel Jorge<\/strong> (George Washington University, <em>Fulbright Fellow<\/em>) especialista en tecnolog\u00edas emergentes y sus implicaciones en el orden global, seguridad y pol\u00edticas p\u00fablicas; e <strong>Yvonne R. Masakowski<\/strong>, ha sido profesora asociada en la US Naval War College y actualmente preside por EEUU el panel de la OTAN sobre desarrollo de l\u00edderes para las fuerzas armadas multinacionales de la OTAN Operaciones (OTAN HFM RTG 286).<\/p>\n<p>Tras el debate, <strong>los estudiantes de la UPO dispondr\u00e1n de tres semanas para presentar proyectos en los que se analicen, en formato texto o v\u00eddeo, c\u00f3mo la generaci\u00f3n a la que pertenecen debe afrontar los retos que se han debatido y aportar soluciones desde su punto de vista<\/strong>. Un jurado compuesto por representantes de Esglobal, de la Embajada de Estados Unidos en Espa\u00f1a y de las universidades participantes seleccionar\u00e1 los mejores proyectos de cada una de las Universidades, que ser\u00e1n publicados en esglobal.org. <strong>Los ganadores viajar\u00e1n a Madrid, donde se reunir\u00e1n con representantes de la Embajada de Estados Unidos en Espa\u00f1a, y a Bruselas, donde visitar\u00e1n la sede de la OTAN<\/strong>, as\u00ed como otras instalaciones vinculadas a la Seguridad y a la Defensa occidentales.<\/p>\n<p>M\u00e1s informaci\u00f3n: <a href=\"https:\/\/www.esglobal.org\/concurso-defensa-y-yo\/\">Concurso \u2018Defensa y Yo\u2019, universidades y tem\u00e1ticas abordadas<\/a><\/p>\n","protected":false},"excerpt":{"rendered":"<p>Hoy mi\u00e9rcoles 24 de febrero, a las 16 horas y en formato online a trav\u00e9s de Zoom, se celebrar\u00e1 el debate \u2018Inteligencia artificial y la seguridad global\u2019. Se trata del quinto encuentro del proyecto \u2018Defensa y Yo: mi papel como ciudadano ante las nuevas amenazas\u2019, un concurso organizado por el medio digital Esglobal en colaboraci\u00f3n con la Embajada de Estados Unidos de Am\u00e9rica en Espa\u00f1a, y en el que participa la Universidad Pablo de Olavide junto a otros centros universitarios de todo el pa\u00eds. El debate se desarrollar\u00e1 en espa\u00f1ol con traducci\u00f3n simult\u00e1nea al ingl\u00e9s.<\/p>\n","protected":false},"author":6,"featured_media":30864317,"comment_status":"closed","ping_status":"open","sticky":false,"template":"","format":"standard","meta":{"_monsterinsights_skip_tracking":false,"_monsterinsights_sitenote_active":false,"_monsterinsights_sitenote_note":"","_monsterinsights_sitenote_category":0,"footnotes":""},"categories":[2779],"tags":[59,662,1487,1496,21,151,2339,984,483],"class_list":["post-30864316","post","type-post","status-publish","format-standard","has-post-thumbnail","hentry","category-docencia-formacion","tag-concurso","tag-debate","tag-embajada","tag-estados-unidos","tag-estudiantes","tag-inteligencia-artificial","tag-manuel-r-torres-soriano","tag-medios-de-comunicacion","tag-seguridad"],"_links":{"self":[{"href":"https:\/\/www.upo.es\/diario\/wp-json\/wp\/v2\/posts\/30864316","targetHints":{"allow":["GET"]}}],"collection":[{"href":"https:\/\/www.upo.es\/diario\/wp-json\/wp\/v2\/posts"}],"about":[{"href":"https:\/\/www.upo.es\/diario\/wp-json\/wp\/v2\/types\/post"}],"author":[{"embeddable":true,"href":"https:\/\/www.upo.es\/diario\/wp-json\/wp\/v2\/users\/6"}],"replies":[{"embeddable":true,"href":"https:\/\/www.upo.es\/diario\/wp-json\/wp\/v2\/comments?post=30864316"}],"version-history":[{"count":3,"href":"https:\/\/www.upo.es\/diario\/wp-json\/wp\/v2\/posts\/30864316\/revisions"}],"predecessor-version":[{"id":30864343,"href":"https:\/\/www.upo.es\/diario\/wp-json\/wp\/v2\/posts\/30864316\/revisions\/30864343"}],"wp:featuredmedia":[{"embeddable":true,"href":"https:\/\/www.upo.es\/diario\/wp-json\/wp\/v2\/media\/30864317"}],"wp:attachment":[{"href":"https:\/\/www.upo.es\/diario\/wp-json\/wp\/v2\/media?parent=30864316"}],"wp:term":[{"taxonomy":"category","embeddable":true,"href":"https:\/\/www.upo.es\/diario\/wp-json\/wp\/v2\/categories?post=30864316"},{"taxonomy":"post_tag","embeddable":true,"href":"https:\/\/www.upo.es\/diario\/wp-json\/wp\/v2\/tags?post=30864316"}],"curies":[{"name":"wp","href":"https:\/\/api.w.org\/{rel}","templated":true}]}}