{"id":30864348,"date":"2021-02-24T15:04:06","date_gmt":"2021-02-24T14:04:06","guid":{"rendered":"https:\/\/www.upo.es\/diario\/?p=30864348"},"modified":"2021-03-08T10:32:35","modified_gmt":"2021-03-08T09:32:35","slug":"premio-catedra-sevilla-fc-manuel-blasco-garzon","status":"publish","type":"post","link":"https:\/\/www.upo.es\/diario\/institucional\/2021\/02\/premio-catedra-sevilla-fc-manuel-blasco-garzon\/","title":{"rendered":"El Sevilla FC y la UPO crean el premio de iniciaci\u00f3n a la investigaci\u00f3n sobre empresa y deporte Manuel Blasco Garz\u00f3n"},"content":{"rendered":"<figure id=\"attachment_30864349\" aria-describedby=\"caption-attachment-30864349\" style=\"width: 750px\" class=\"wp-caption aligncenter\"><a href=\"https:\/\/www.upo.es\/diario\/wp-content\/uploads\/2021\/02\/CatedraSevillaFC-UPO.jpg\"><img loading=\"lazy\" decoding=\"async\" class=\"wp-image-30864349 size-large\" src=\"https:\/\/www.upo.es\/diario\/wp-content\/uploads\/2021\/02\/CatedraSevillaFC-UPO-e1614175343967-750x466.jpg\" alt=\" Jos\u00e9 Mar\u00eda Cruz, Francisco Oliva y Jos\u00e9 Manuel Feria en el Rectorado de la UPO\" width=\"750\" height=\"466\" srcset=\"https:\/\/www.upo.es\/diario\/wp-content\/uploads\/2021\/02\/CatedraSevillaFC-UPO-e1614175343967-750x466.jpg 750w, https:\/\/www.upo.es\/diario\/wp-content\/uploads\/2021\/02\/CatedraSevillaFC-UPO-e1614175343967-360x224.jpg 360w, https:\/\/www.upo.es\/diario\/wp-content\/uploads\/2021\/02\/CatedraSevillaFC-UPO-e1614175343967-768x477.jpg 768w, https:\/\/www.upo.es\/diario\/wp-content\/uploads\/2021\/02\/CatedraSevillaFC-UPO-e1614175343967-600x373.jpg 600w, https:\/\/www.upo.es\/diario\/wp-content\/uploads\/2021\/02\/CatedraSevillaFC-UPO-e1614175343967-1536x955.jpg 1536w, https:\/\/www.upo.es\/diario\/wp-content\/uploads\/2021\/02\/CatedraSevillaFC-UPO-e1614175343967-2048x1273.jpg 2048w, https:\/\/www.upo.es\/diario\/wp-content\/uploads\/2021\/02\/CatedraSevillaFC-UPO-e1614175343967-1320x820.jpg 1320w\" sizes=\"auto, (max-width: 750px) 100vw, 750px\" \/><\/a><figcaption id=\"caption-attachment-30864349\" class=\"wp-caption-text\">Jos\u00e9 Mar\u00eda Cruz, Francisco Oliva y Jos\u00e9 Manuel Feria en el Rectorado de la UPO<\/figcaption><\/figure>\n<p>El rector de la Universidad Pablo de Olavide, <strong>Francisco Oliva<\/strong>, ha recibido hoy en el Rectorado la visita del director general del Sevilla FC, <strong>Jos\u00e9 Mar\u00eda Cruz<\/strong>, quien ha querido felicitarle por su toma de posesi\u00f3n como rector y estrechar la relaci\u00f3n entre ambas instituciones, reforzada en los \u00faltimos meses con la creaci\u00f3n de la <a href=\"https:\/\/www.upo.es\/diario\/institucional\/2020\/07\/la-upo-y-el-sevilla-fc-crean-la-catedra-universidad-empresa-y-deporte\/\">\u2018C\u00e1tedra Sevilla FC: Universidad, Empresa y Deporte\u2019<\/a>. Jos\u00e9 Mar\u00eda Cruz es adem\u00e1s miembro del Consejo Social de la UPO.<\/p>\n<p>Las acciones de colaboraci\u00f3n que vienen desarroll\u00e1ndose entre ambas instituciones bajo el paraguas de la C\u00e1tedra universitaria del Sevilla FC, han centrado buena parte de la reuni\u00f3n. Entre estas acciones, destaca la creaci\u00f3n de un <strong>premio de estudio e iniciaci\u00f3n a la investigaci\u00f3n que llevar\u00e1 por nombre Manuel Blasco Garz\u00f3n<\/strong>, presidente del club sevillista entre 1924 y 1925. La figura de Manuel Blasco jug\u00f3 un papel influyente en la vida de la ciudad, pues fue concejal, alcalde interino en diversas ocasiones y presidente del Colegio de Abogados y del Ateneo de Sevilla. Destaca adem\u00e1s especialmente su compromiso por llevar la cultura a los barrios y contribuir a la educaci\u00f3n de los ciudadanos, ayudando a la lucha contra el analfabetismo. En el \u00e1mbito futbol\u00edstico, durante su cargo se consiguieron dos copas de Andaluc\u00eda y se alcanzaron algunos hitos para el f\u00fatbol de la \u00e9poca, como la primera contrataci\u00f3n de un m\u00e9dico exclusivo para la plantilla y las primeras concentraciones para preparar aquellas temporadas.<\/p>\n<p>Promovido desde la c\u00e1tedra, que dirige el profesor de la UPO <strong>Jos\u00e9 Manuel Feria<\/strong>, el premio busca <strong>reconocer la excelencia de los mejores Trabajos Fin de Grado (TFG) y Fin de M\u00e1ster (TFM)<\/strong> realizados por estudiantes universitarios matriculados en la UPO. Con esta convocatoria se pretende fomentar el estudio, la iniciaci\u00f3n a la investigaci\u00f3n y la transferencia del conocimiento en distintos campos del saber relacionados directamente con la empresa y el deporte, temas que inspiran la c\u00e1tedra universitaria. En su primera edici\u00f3n, el premio estar\u00e1 dotado con 1000 euros para el mejor TFG\/TFM en la <strong>categor\u00eda Empresa<\/strong> y 1000 euros en la <strong>categor\u00eda Deporte<\/strong>, contemplando la posibilidad de otorgar un acc\u00e9sit adicional, dotado con 500 euros, en cada una de las categor\u00edas se\u00f1aladas. Al premio podr\u00e1n optar trabajos de distintas disciplinas acad\u00e9micas, como las ciencias experimentales, las ciencias sociales y jur\u00eddicas, la actividad f\u00edsica y el deporte, las humanidades y la ingenier\u00eda inform\u00e1tica, y desde m\u00faltiples enfoques, quedando abierta esta convocatoria a cualquier \u00e1rea de conocimiento de la Universidad Pablo de Olavide.<\/p>\n","protected":false},"excerpt":{"rendered":"<p>El rector de la Universidad Pablo de Olavide, Francisco Oliva, ha recibido hoy en el Rectorado la visita del director general del Sevilla FC, Jos\u00e9 Mar\u00eda Cruz, quien ha querido felicitarle por su toma de posesi\u00f3n como rector y estrechar la relaci\u00f3n entre ambas instituciones, reforzada en los \u00faltimos meses con la creaci\u00f3n de la \u2018C\u00e1tedra Sevilla FC: Universidad, Empresa y Deporte\u2019. Jos\u00e9 Mar\u00eda Cruz es adem\u00e1s miembro del Consejo Social de la UPO.<\/p>\n","protected":false},"author":6,"featured_media":30864349,"comment_status":"closed","ping_status":"open","sticky":false,"template":"","format":"standard","meta":{"_monsterinsights_skip_tracking":false,"_monsterinsights_sitenote_active":false,"_monsterinsights_sitenote_note":"","_monsterinsights_sitenote_category":0,"footnotes":""},"categories":[6],"tags":[358,541,66,21,4021,58,38,6123,2081,5619,2291],"class_list":["post-30864348","post","type-post","status-publish","format-standard","has-post-thumbnail","hentry","category-institucional","tag-catedra","tag-deporte","tag-empresa","tag-estudiantes","tag-francisco-oliva-blazquez","tag-premio","tag-rector","tag-sevilla-fc","tag-trabajo-fin-de-grado","tag-trabajo-fin-de-master","tag-visita-institucional"],"_links":{"self":[{"href":"https:\/\/www.upo.es\/diario\/wp-json\/wp\/v2\/posts\/30864348","targetHints":{"allow":["GET"]}}],"collection":[{"href":"https:\/\/www.upo.es\/diario\/wp-json\/wp\/v2\/posts"}],"about":[{"href":"https:\/\/www.upo.es\/diario\/wp-json\/wp\/v2\/types\/post"}],"author":[{"embeddable":true,"href":"https:\/\/www.upo.es\/diario\/wp-json\/wp\/v2\/users\/6"}],"replies":[{"embeddable":true,"href":"https:\/\/www.upo.es\/diario\/wp-json\/wp\/v2\/comments?post=30864348"}],"version-history":[{"count":1,"href":"https:\/\/www.upo.es\/diario\/wp-json\/wp\/v2\/posts\/30864348\/revisions"}],"predecessor-version":[{"id":30864350,"href":"https:\/\/www.upo.es\/diario\/wp-json\/wp\/v2\/posts\/30864348\/revisions\/30864350"}],"wp:featuredmedia":[{"embeddable":true,"href":"https:\/\/www.upo.es\/diario\/wp-json\/wp\/v2\/media\/30864349"}],"wp:attachment":[{"href":"https:\/\/www.upo.es\/diario\/wp-json\/wp\/v2\/media?parent=30864348"}],"wp:term":[{"taxonomy":"category","embeddable":true,"href":"https:\/\/www.upo.es\/diario\/wp-json\/wp\/v2\/categories?post=30864348"},{"taxonomy":"post_tag","embeddable":true,"href":"https:\/\/www.upo.es\/diario\/wp-json\/wp\/v2\/tags?post=30864348"}],"curies":[{"name":"wp","href":"https:\/\/api.w.org\/{rel}","templated":true}]}}