{"id":30864374,"date":"2021-02-26T15:36:48","date_gmt":"2021-02-26T14:36:48","guid":{"rendered":"https:\/\/www.upo.es\/diario\/?p=30864374"},"modified":"2021-03-08T10:32:32","modified_gmt":"2021-03-08T09:32:32","slug":"la-profesora-de-la-upo-eloisa-bernaldez-recibe-la-bandera-de-andalucia-al-merito-medioambiental","status":"publish","type":"post","link":"https:\/\/www.upo.es\/diario\/comunidad\/2021\/02\/la-profesora-de-la-upo-eloisa-bernaldez-recibe-la-bandera-de-andalucia-al-merito-medioambiental\/","title":{"rendered":"La profesora de la UPO Elo\u00edsa Bern\u00e1ldez recibe la Bandera de Andaluc\u00eda al M\u00e9rito Medioambiental"},"content":{"rendered":"<figure id=\"attachment_30864375\" aria-describedby=\"caption-attachment-30864375\" style=\"width: 510px\" class=\"wp-caption aligncenter\"><a href=\"https:\/\/www.upo.es\/diario\/wp-content\/uploads\/2021\/02\/bandera-andalucia-eloisa-.jpg\"><img loading=\"lazy\" decoding=\"async\" class=\"size-full wp-image-30864375\" src=\"https:\/\/www.upo.es\/diario\/wp-content\/uploads\/2021\/02\/bandera-andalucia-eloisa-.jpg\" alt=\"\" width=\"510\" height=\"349\" srcset=\"https:\/\/www.upo.es\/diario\/wp-content\/uploads\/2021\/02\/bandera-andalucia-eloisa-.jpg 510w, https:\/\/www.upo.es\/diario\/wp-content\/uploads\/2021\/02\/bandera-andalucia-eloisa--360x246.jpg 360w\" sizes=\"auto, (max-width: 510px) 100vw, 510px\" \/><\/a><figcaption id=\"caption-attachment-30864375\" class=\"wp-caption-text\">Elo\u00edsa Bern\u00e1ldez en el centro con la Bandera de Andaluc\u00eda al M\u00e9rito Ambiental.<\/figcaption><\/figure>\n<p style=\"text-align: left;\">La investigadora y profesora de la Universidad Pablo de Olavide <strong>Elo\u00edsa Bern\u00e1ldez S\u00e1nchez<\/strong> ha recibido hoy viernes 26 de febrero la <strong>Bandera de Andaluc\u00eda al M\u00e9rito Medioambiental<\/strong>, premio entregado por la Delegaci\u00f3n del Gobierno de la Junta en Sevilla con motivo del D\u00eda de Andaluc\u00eda. Elo\u00edsa Bern\u00e1ldez ha recibido el galard\u00f3n de manos de Isabel Sol\u00eds, delegada territorial de Agricultura, Ganader\u00eda, Pesca y Desarrollo Sostenible.<\/p>\n<p style=\"text-align: left;\">El acto, marcado este a\u00f1o por la pandemia del Covid, se ha desarrollado en la Delegaci\u00f3n del Gobierno de la Junta de Andaluc\u00eda en la Plaza de la Contrataci\u00f3n y ha estado presidido por los consejeros de Cultura y Patrimonio Hist\u00f3rico, Patricia del Pozo, y de Transformaci\u00f3n Econ\u00f3mica, Industria, Conocimiento, y Universidades, Rogelio Velasco, as\u00ed como por el delegado del Gobierno de la Junta de Andaluc\u00eda en Sevilla, Ricardo S\u00e1nchez.<\/p>\n<p style=\"text-align: left;\">Doctora en Biolog\u00eda con la suficiencia investigadora en Geograf\u00eda e Historia, <strong>Elo\u00edsa Bern\u00e1ldez<\/strong> es actualmente la <strong>jefa de proyectos del Laboratorio de Paleontolog\u00eda y Paleobiolog\u00eda del Instituto Andaluz del Patrimonio Hist\u00f3rico (IAPH),<\/strong> instituci\u00f3n en la que lleva desarrollando su labor de investigaci\u00f3n casi treinta a\u00f1os, siendo \u00e9ste el principal eje de su carrera profesional y su compromiso adquirido para la difusi\u00f3n y divulgaci\u00f3n de la rica historia ambiental y paleobiol\u00f3gica de la comunidad aut\u00f3noma andaluza. Asimismo, compagina su labor investigadora con la docencia como <strong>profesora del Departamento de Sistemas F\u00edsicos, Qu\u00edmicos y Naturales de la Universidad Pablo de Olavide<\/strong>. Las l\u00edneas principales de investigaci\u00f3n que se desarrolla tanto en el Laboratorio de Paleontolog\u00eda y Paleobiolog\u00eda del IAPH y en el Centro de las Ciencias del Pasado (que dirige en la UPO) son Paleobiolog\u00eda, Tafonom\u00eda y Bioestratinom\u00eda.<\/p>\n<p>Con su trabajo, desarrollado principalmente en Andaluc\u00eda, aunque de resonancia internacional, ha puesto en valor aspectos clave del entorno ambiental andaluz, tanto en \u00e1reas rurales como urbanas, permitiendo conocer mejor el pasado para poder mejorar la gesti\u00f3n del patrimonio natural.<\/p>\n<p style=\"text-align: left;\">Este a\u00f1o las <strong>Banderas de Andaluc\u00eda<\/strong> han reconocido y distinguido los m\u00e9ritos y acciones que tienen como referencia <strong>la solidaridad y el trabajo en beneficio de la ciudadan\u00eda de la provincia. <\/strong><\/p>\n<p style=\"text-align: left;\">El resto de los premiados han sido el doctor Jos\u00e9 P\u00e9rez Bernal en reconocimiento a su trayectoria profesional; la deportista Blanca Mar\u00eda Manch\u00f3n Dom\u00ednguez con la Bandera del Deporte; la Asociaci\u00f3n 300 voluntarios con la Bandera de Andaluc\u00eda de la Solidaridad y la Concordia; los Supermercados MAS han recibido la Bandera de la Econom\u00eda y la Empresa; la Asociaci\u00f3n Coraz\u00f3n y Vida en reconocimiento de la Investigaci\u00f3n, la Ciencia y la Salud; la Fundaci\u00f3n Diagrama con la Bandera a los Valores Humanos; el catedr\u00e1tico de Historia Medieval Manuel Gonz\u00e1lez Jim\u00e9nez ha recibido la Bandera de Andaluc\u00eda de las Ciencias Sociales y las Letras; la Tertulia Cultural Flamenca El Pozo de las Penas con la Bandera de las Artes, y al empresario \u00c1lvaro Moreno con la Bandera de Andaluc\u00eda a la proyecci\u00f3n de la provincia.<\/p>\n","protected":false},"excerpt":{"rendered":"<p>La investigadora y profesora de la Universidad Pablo de Olavide Elo\u00edsa Bern\u00e1ldez S\u00e1nchez ha recibido la Bandera de Andaluc\u00eda al M\u00e9rito Ambiental, premio entregado por la Delegaci\u00f3n del Gobierno de la Junta en Sevilla con motivo del D\u00eda de Andaluc\u00eda. <\/p>\n","protected":false},"author":4,"featured_media":30864375,"comment_status":"closed","ping_status":"open","sticky":false,"template":"","format":"standard","meta":{"_monsterinsights_skip_tracking":false,"_monsterinsights_sitenote_active":false,"_monsterinsights_sitenote_note":"","_monsterinsights_sitenote_category":0,"footnotes":""},"categories":[5842],"tags":[7273,2130,3191,1428,58],"class_list":["post-30864374","post","type-post","status-publish","format-standard","has-post-thumbnail","hentry","category-comunidad","tag-bandera-de-andalucia","tag-departamento-de-sistemas-fisicos","tag-dia-de-andalucia","tag-eloisa-bernaldez","tag-premio"],"_links":{"self":[{"href":"https:\/\/www.upo.es\/diario\/wp-json\/wp\/v2\/posts\/30864374","targetHints":{"allow":["GET"]}}],"collection":[{"href":"https:\/\/www.upo.es\/diario\/wp-json\/wp\/v2\/posts"}],"about":[{"href":"https:\/\/www.upo.es\/diario\/wp-json\/wp\/v2\/types\/post"}],"author":[{"embeddable":true,"href":"https:\/\/www.upo.es\/diario\/wp-json\/wp\/v2\/users\/4"}],"replies":[{"embeddable":true,"href":"https:\/\/www.upo.es\/diario\/wp-json\/wp\/v2\/comments?post=30864374"}],"version-history":[{"count":3,"href":"https:\/\/www.upo.es\/diario\/wp-json\/wp\/v2\/posts\/30864374\/revisions"}],"predecessor-version":[{"id":30864378,"href":"https:\/\/www.upo.es\/diario\/wp-json\/wp\/v2\/posts\/30864374\/revisions\/30864378"}],"wp:featuredmedia":[{"embeddable":true,"href":"https:\/\/www.upo.es\/diario\/wp-json\/wp\/v2\/media\/30864375"}],"wp:attachment":[{"href":"https:\/\/www.upo.es\/diario\/wp-json\/wp\/v2\/media?parent=30864374"}],"wp:term":[{"taxonomy":"category","embeddable":true,"href":"https:\/\/www.upo.es\/diario\/wp-json\/wp\/v2\/categories?post=30864374"},{"taxonomy":"post_tag","embeddable":true,"href":"https:\/\/www.upo.es\/diario\/wp-json\/wp\/v2\/tags?post=30864374"}],"curies":[{"name":"wp","href":"https:\/\/api.w.org\/{rel}","templated":true}]}}