{"id":30864507,"date":"2021-03-04T00:20:14","date_gmt":"2021-03-03T23:20:14","guid":{"rendered":"https:\/\/www.upo.es\/diario\/?p=30864507"},"modified":"2021-03-05T09:18:44","modified_gmt":"2021-03-05T08:18:44","slug":"agroecologia-y-mujer-charla-online-organizada-por-cei-cambio-con-motivo-del-8m","status":"publish","type":"post","link":"https:\/\/www.upo.es\/diario\/docencia-formacion\/2021\/03\/agroecologia-y-mujer-charla-online-organizada-por-cei-cambio-con-motivo-del-8m\/","title":{"rendered":"&#8216;Agroecolog\u00eda y Mujer&#8217;, charla online organizada por CEI CamBio con motivo del 8M"},"content":{"rendered":"<p><a href=\"https:\/\/www.upo.es\/diario\/wp-content\/uploads\/2021\/03\/Charla-on-line_Agroecologia-y-mujer.png\"><img loading=\"lazy\" decoding=\"async\" class=\"alignright size-medium wp-image-30864512\" src=\"https:\/\/www.upo.es\/diario\/wp-content\/uploads\/2021\/03\/Charla-on-line_Agroecologia-y-mujer-254x360.png\" alt=\"charla 'Agroecolog\u00eda y Mujer'\" width=\"254\" height=\"360\" srcset=\"https:\/\/www.upo.es\/diario\/wp-content\/uploads\/2021\/03\/Charla-on-line_Agroecologia-y-mujer-254x360.png 254w, https:\/\/www.upo.es\/diario\/wp-content\/uploads\/2021\/03\/Charla-on-line_Agroecologia-y-mujer-530x750.png 530w, https:\/\/www.upo.es\/diario\/wp-content\/uploads\/2021\/03\/Charla-on-line_Agroecologia-y-mujer-768x1086.png 768w, https:\/\/www.upo.es\/diario\/wp-content\/uploads\/2021\/03\/Charla-on-line_Agroecologia-y-mujer-600x849.png 600w, https:\/\/www.upo.es\/diario\/wp-content\/uploads\/2021\/03\/Charla-on-line_Agroecologia-y-mujer-1086x1536.png 1086w, https:\/\/www.upo.es\/diario\/wp-content\/uploads\/2021\/03\/Charla-on-line_Agroecologia-y-mujer-1448x2048.png 1448w, https:\/\/www.upo.es\/diario\/wp-content\/uploads\/2021\/03\/Charla-on-line_Agroecologia-y-mujer-1320x1867.png 1320w, https:\/\/www.upo.es\/diario\/wp-content\/uploads\/2021\/03\/Charla-on-line_Agroecologia-y-mujer.png 1587w\" sizes=\"auto, (max-width: 254px) 100vw, 254px\" \/><\/a>Hoy <strong>jueves 4 de marzo a las 17 horas<\/strong>, y en formato <em>online<\/em>, tendr\u00e1 lugar la conferencia<strong> &#8216;Agroecolog\u00eda y Mujer&#8217;<\/strong>, una actividad de CEI CamBio en el marco de la campa\u00f1a organizada por la Universidad Pablo de Olavide con motivo del <strong>D\u00eda Internacional de las Mujeres<\/strong> que se celebra el pr\u00f3ximo lunes 8 de marzo. As\u00ed, <strong>Leticia Toledo, de la Huerta de la Alegr\u00eda,<\/strong> expondr\u00e1 su experiencia y reflexionar\u00e1 sobre por qu\u00e9 la agricultura convencional fue desplazando a las mujeres y c\u00f3mo en los actuales proyectos agroecol\u00f3gicos existen muchas m\u00e1s mujeres que toman la iniciativa.<\/p>\n<p>La sesi\u00f3n es gratuita y es necesaria <a href=\"https:\/\/docs.google.com\/forms\/d\/e\/1FAIpQLScig1NNACQFbZsryfRFfWK0n77b7RZNdYJuEUfCNxPqSz8Wig\/viewform?usp=sf_link\">inscripci\u00f3n para recibir el enlace donde seguirla en abierto<\/a>\u00a0.<\/p>\n<hr \/>\n<h3>Leticia Toledo<\/h3>\n<p>Leticia Toledo Mart\u00edn se define como agricultora \u00aba secas\u00bb y con su Huerta de la Alegr\u00eda de una hect\u00e1rea alimenta a m\u00e1s de 200 personas. Para conocerla mejor y c\u00f3mo surge su compromiso con una nueva forma de producir los alimentos que todos necesitamos nada mejor que acudir a sus propias palabras para <em>El Topo<\/em> y <em>La Poder\u00edo<\/em>:<\/p>\n<p><strong>Agroec\u00f3loga, activista por la soberan\u00eda alimentaria y el ecofeminismo, integrante del consejo editorial de la revista <em>Soberan\u00eda Alimentaria<\/em>, \u00bfqui\u00e9n es Leticia Toledo Mart\u00edn?<\/strong><\/p>\n<p>Lo que me define mejor es mi pasado familiar campesino. La agricultura como cultura de la tierra y no como iniciativa empresarial productora de bienes para el capital. Son mis bisabuelas y bisabuelos quienes me han dejado este legado que a\u00fan hoy creo que me queda grande, ya que lo vivo como un proceso de aprendizaje continuo.<\/p>\n<p><strong>Aun huyendo de las grandes etiquetas, t\u00fa no haces agricultura convencional. \u00bfQu\u00e9 principios y valores definen tu actividad?<\/strong><\/p>\n<p>Las relaciones la definen. Cuando la gente me pregunta c\u00f3mo hacer para tener acceso a mis verduras les hablo de relaci\u00f3n, de apoyo mutuo, de compromiso, de espacios de cuidados mutuos. Es una forma de entender las relaciones y los intercambios econ\u00f3micos, nuestra interdependencia. El sost\u00e9n de mi actividad son las relaciones que establecemos las personas que participamos en el proyecto, poniendo en juego nuestras necesidades y ech\u00e1ndolas a dialogar. Desde hace tiempo le doy vueltas al tema del poder en las relaciones econ\u00f3micas: el campesinado que yo he conocido en mi familia y su falta de autoestima y valoraci\u00f3n en contraposici\u00f3n a la sobrevaloraci\u00f3n de quien tiene dinero, puede comprar y decide. Sin embargo, en la Huerta La Alegr\u00eda estas relaciones desiguales y de clase son subvertidas haci\u00e9ndose m\u00e1s horizontales.<\/p>\n<p><strong>\u00bfCu\u00e1les son ahora las mayores dificultades que te encuentras a la hora de realizar tu actividad?<\/strong><\/p>\n<p>Ampliando un poco la mirada, yo dir\u00eda por este orden: tierra, semillas, agua y una buena red de proyectos campesinos en el territorio. No se puede crear una islita ecol\u00f3gica, sostenible, autosuficiente y que d\u00e9 de comer a muchas personas. Esto est\u00e1 ligado a un sistema en el que fallan muchas cosas. El acceso a la tierra, que creo que como lucha se abandon\u00f3 hace mucho tiempo, sigue siendo una gran dificultad. En la mayor\u00eda de proyectos que he nombrado hemos estado saltando de tierra en tierra. La relaci\u00f3n con la tierra es cada vez m\u00e1s especulativa y menos de sustento. Actualmente cultivo 1,4 hect\u00e1reas que eran de mi abuelo, que pasaron a sus hijos no sin dificultades y una parte de ella est\u00e1 en venta. Esto es una limitaci\u00f3n para poder proyectarte en el mismo territorio a medio-largo plazo.<\/p>\n<p><a href=\"https:\/\/eltopo.org\/huerta-la-alegria-cultivando-comunidad\/\"><em>Huerta La Alegr\u00eda, Cultivando Comunidad<\/em><\/a> &#8211; Entrevista con Leticia Toledo en <em>EL TOPO<\/em><\/p>\n<p><a href=\"http:\/\/lapoderio.com\/2020\/04\/28\/leticia-toledo-martin-ecofeminismo\/\">Leticia Toledo Mart\u00edn: \u00abTendremos gran protagonismo para proponer alternativas alimentarias de econom\u00edas locales que sostengan nuestros pueblos\u00bb<\/a>. <em>La Poder\u00edo<\/em><\/p>\n","protected":false},"excerpt":{"rendered":"<p>Hoy jueves 4 de marzo a las 17 horas, y en formato online, tendr\u00e1 lugar la conferencia &#8216;Agroecolog\u00eda y Mujer&#8217;, una actividad de CEI CamBio en el marco de la campa\u00f1a organizada por la Universidad Pablo de Olavide con motivo del 8M D\u00eda Internacional de las Mujeres. As\u00ed, Leticia Toledo, de la Huerta de la Alegr\u00eda expondr\u00e1 su experiencia y reflexionar\u00e1 sobre por qu\u00e9 la agricultura convencional fue desplazando a las mujeres y c\u00f3mo en los actuales proyectos agroecol\u00f3gicos existen muchas m\u00e1s mujeres que toman la iniciativa.<\/p>\n","protected":false},"author":6,"featured_media":30864509,"comment_status":"closed","ping_status":"open","sticky":false,"template":"","format":"standard","meta":{"_monsterinsights_skip_tracking":false,"_monsterinsights_sitenote_active":false,"_monsterinsights_sitenote_note":"","_monsterinsights_sitenote_category":0,"footnotes":""},"categories":[2779],"tags":[3228,2079,544,3735,4781,194,5113,832],"class_list":["post-30864507","post","type-post","status-publish","format-standard","has-post-thumbnail","hentry","category-docencia-formacion","tag-agricultura-ecologica","tag-agroecologia","tag-conferencias","tag-dia-internacional-de-la-mujer","tag-ecofeminismo","tag-ecologia","tag-proyecto-cei-cambio","tag-sostenibilidad"],"_links":{"self":[{"href":"https:\/\/www.upo.es\/diario\/wp-json\/wp\/v2\/posts\/30864507","targetHints":{"allow":["GET"]}}],"collection":[{"href":"https:\/\/www.upo.es\/diario\/wp-json\/wp\/v2\/posts"}],"about":[{"href":"https:\/\/www.upo.es\/diario\/wp-json\/wp\/v2\/types\/post"}],"author":[{"embeddable":true,"href":"https:\/\/www.upo.es\/diario\/wp-json\/wp\/v2\/users\/6"}],"replies":[{"embeddable":true,"href":"https:\/\/www.upo.es\/diario\/wp-json\/wp\/v2\/comments?post=30864507"}],"version-history":[{"count":4,"href":"https:\/\/www.upo.es\/diario\/wp-json\/wp\/v2\/posts\/30864507\/revisions"}],"predecessor-version":[{"id":30864513,"href":"https:\/\/www.upo.es\/diario\/wp-json\/wp\/v2\/posts\/30864507\/revisions\/30864513"}],"wp:featuredmedia":[{"embeddable":true,"href":"https:\/\/www.upo.es\/diario\/wp-json\/wp\/v2\/media\/30864509"}],"wp:attachment":[{"href":"https:\/\/www.upo.es\/diario\/wp-json\/wp\/v2\/media?parent=30864507"}],"wp:term":[{"taxonomy":"category","embeddable":true,"href":"https:\/\/www.upo.es\/diario\/wp-json\/wp\/v2\/categories?post=30864507"},{"taxonomy":"post_tag","embeddable":true,"href":"https:\/\/www.upo.es\/diario\/wp-json\/wp\/v2\/tags?post=30864507"}],"curies":[{"name":"wp","href":"https:\/\/api.w.org\/{rel}","templated":true}]}}