{"id":30864514,"date":"2021-03-04T13:06:59","date_gmt":"2021-03-04T12:06:59","guid":{"rendered":"https:\/\/www.upo.es\/diario\/?p=30864514"},"modified":"2021-03-08T10:32:13","modified_gmt":"2021-03-08T09:32:13","slug":"la-upo-y-la-aeat-se-unen-para-impulsar-actividades-formativas-y-de-investigacion","status":"publish","type":"post","link":"https:\/\/www.upo.es\/diario\/institucional\/2021\/03\/la-upo-y-la-aeat-se-unen-para-impulsar-actividades-formativas-y-de-investigacion\/","title":{"rendered":"La UPO y la AEAT se unen para impulsar actividades formativas y de investigaci\u00f3n"},"content":{"rendered":"<figure id=\"attachment_30864515\" aria-describedby=\"caption-attachment-30864515\" style=\"width: 750px\" class=\"wp-caption aligncenter\"><a href=\"https:\/\/www.upo.es\/diario\/wp-content\/uploads\/2021\/03\/conv-UPO-AgTributaria-2-scaled.jpg\"><img loading=\"lazy\" decoding=\"async\" class=\"size-large wp-image-30864515\" src=\"https:\/\/www.upo.es\/diario\/wp-content\/uploads\/2021\/03\/conv-UPO-AgTributaria-2-750x500.jpg\" alt=\"Francisco Oliva y Mar\u00eda Pilar Fern\u00e1ndez \" width=\"750\" height=\"500\" srcset=\"https:\/\/www.upo.es\/diario\/wp-content\/uploads\/2021\/03\/conv-UPO-AgTributaria-2-750x500.jpg 750w, https:\/\/www.upo.es\/diario\/wp-content\/uploads\/2021\/03\/conv-UPO-AgTributaria-2-360x240.jpg 360w, https:\/\/www.upo.es\/diario\/wp-content\/uploads\/2021\/03\/conv-UPO-AgTributaria-2-768x512.jpg 768w, https:\/\/www.upo.es\/diario\/wp-content\/uploads\/2021\/03\/conv-UPO-AgTributaria-2-600x400.jpg 600w, https:\/\/www.upo.es\/diario\/wp-content\/uploads\/2021\/03\/conv-UPO-AgTributaria-2-1536x1024.jpg 1536w, https:\/\/www.upo.es\/diario\/wp-content\/uploads\/2021\/03\/conv-UPO-AgTributaria-2-2048x1366.jpg 2048w, https:\/\/www.upo.es\/diario\/wp-content\/uploads\/2021\/03\/conv-UPO-AgTributaria-2-165x109.jpg 165w, https:\/\/www.upo.es\/diario\/wp-content\/uploads\/2021\/03\/conv-UPO-AgTributaria-2-1320x880.jpg 1320w\" sizes=\"auto, (max-width: 750px) 100vw, 750px\" \/><\/a><figcaption id=\"caption-attachment-30864515\" class=\"wp-caption-text\">Francisco Oliva y Mar\u00eda Pilar Fern\u00e1ndez<\/figcaption><\/figure>\n<p>El rector de la Universidad Pablo de Olavide, <strong>Francisco Oliva Bl\u00e1zquez<\/strong>, y la delegada especial de la Agencia Estatal de Administraci\u00f3n Tributaria de Andaluc\u00eda, Ceuta y Melilla, <strong>Mar\u00eda Pilar Fern\u00e1ndez Mar\u00edn<\/strong>, han firmado en la ma\u00f1ana de hoy jueves un protocolo general de colaboraci\u00f3n que sienta las bases para la puesta en marcha de acciones formativas e investigaci\u00f3n en materias de inter\u00e9s com\u00fan.<\/p>\n<p>El rector y la delegada han estado acompa\u00f1ados por <strong>Enrique Rodr\u00edguez Varo<\/strong>, delegado especial adjunto de la AEAT; <strong>Joaqu\u00edn Luis L\u00f3pez Flores<\/strong>, jefe regional de Relaciones Institucionales; y por <strong>Javier Lasarte y Jes\u00fas Ramos Prieto<\/strong>, profesor em\u00e9rito y catedr\u00e1tico de Derecho financiero y tributario del Departamento de Derecho P\u00fablico de la UPO.<\/p>\n<p>As\u00ed,<strong> ambas partes acuerdan realizar actividades que permitan extender el conocimiento de la actividad desarrollada por la Agencia Tributaria en relaci\u00f3n con la aplicaci\u00f3n del sistema tributario estatal y aduanero, as\u00ed como la labor desarrollada por la misma respecto a la transmisi\u00f3n de valores c\u00edvico-tributarios<\/strong>, valores que permitan inculcar en los j\u00f3venes una conciencia ciudadana m\u00e1s solidaria.<\/p>\n<p>De esta manera, el protocolo suscrito abarca las actuaciones de com\u00fan inter\u00e9s en el \u00e1mbito de los estudios de Grado, M\u00e1ster y Doctorado, as\u00ed como en su caso en actividades de investigaci\u00f3n. Entre ellas, la organizaci\u00f3n conjunta de seminarios, jornadas y cursos relacionados con la aplicaci\u00f3n de los sistemas tributario y aduanero; la participaci\u00f3n y colaboraci\u00f3n de personal de la Agencia Tributaria en aquellas actividades que organice la Universidad Pablo de Olavide para la formaci\u00f3n de su personal; la colaboraci\u00f3n mutua en la realizaci\u00f3n de investigaciones y publicaciones as\u00ed como la participaci\u00f3n de los alumnos matriculados en la Universidad Pablo de Olavide en jornadas de puertas abiertas u otras actividades que puedan desarrollarse para ellos en las instalaciones de la Agencia Tributaria.<\/p>\n<p><strong>Mar\u00eda Pilar Fern\u00e1ndez<\/strong> ha se\u00f1alado tras la firma del acuerdo la importancia de la formaci\u00f3n c\u00edvico-tributaria de la juventud y c\u00f3mo para ello la implicaci\u00f3n de la universidad es imprescindible. Al mismo tiempo, ha manifestado que las administraciones tambi\u00e9n necesitan atraer talento universitario.<\/p>\n<p>Por su parte, el rector de la UPO, <strong>Francisco Oliva<\/strong>, ha resaltado la importancia de la colaboraci\u00f3n con la Agencia Tributaria en consolidar los valores c\u00edvico-tributarios dado que \u201csi exigimos un estado social potente es necesario transmitir la \u00e9tica que hay tras el pago de los impuestos\u201d. Asimismo, ha recalcado que la Universidad tiene mucho que aportar, y no solo en la formaci\u00f3n en el \u00e1mbito del Derecho financiero y tributario, sino como materia transversal.<\/p>\n<p>La primera de las actividades acordadas es un <strong>c<\/strong><b>urso organizado por dicha Agencia Tributaria bajo el t\u00edtulo &#8216;<a href=\"https:\/\/www.upo.es\/diario\/wp-content\/uploads\/2021\/03\/Curso-AEAT-UPO_marzo-mayo-2021.pdf\">La Agencia Tributaria: funciones y salidas profesionales&#8217;<\/a>,<\/b> en colaboraci\u00f3n con el \u00c1rea de Derecho Financiero y Tributario del Departamento de Derecho P\u00fablico de la UPO. Se trata de un<strong>\u00a0ciclo de siete conferencias, impartidas por funcionarios de la AEAT, que comenzar\u00e1 el pr\u00f3ximo martes 9 de marzo y que se desarrollar\u00e1 de manera <em>online<\/em> a lo largo de los meses de marzo, abril y mayo<\/strong>. El alumnado de la UPO, as\u00ed como cualquier miembro de la comunidad universitaria interesado en esta actividad, se familiarizar\u00e1 de esta manera con la gesti\u00f3n integral del Sistema Tributario espa\u00f1ol, podr\u00e1 conocer los diferentes Cuerpos de Funcionarios que trabajan en la AEAT y las formas de acceso y adquirir conocimientos c\u00edvico tributarios. La\u00a0<b>asistencia ser\u00e1 libre y gratuita y no ser\u00e1 necesaria la inscripci\u00f3n previa<\/b>.<\/p>\n","protected":false},"excerpt":{"rendered":"<p>El rector de la Universidad Pablo de Olavide, Francisco Oliva Bl\u00e1zquez, y la delegada Especial de la Agencia Estatal de Administraci\u00f3n Tributaria de Andaluc\u00eda, Ceuta y Melilla, Mar\u00eda Pilar Fern\u00e1ndez Mar\u00edn, firman un protocolo general de colaboraci\u00f3n.<\/p>\n","protected":false},"author":6,"featured_media":30864515,"comment_status":"closed","ping_status":"open","sticky":false,"template":"","format":"standard","meta":{"_monsterinsights_skip_tracking":false,"_monsterinsights_sitenote_active":false,"_monsterinsights_sitenote_note":"","_monsterinsights_sitenote_category":0,"footnotes":""},"categories":[6],"tags":[7286,7285,326,7284,4021,2187,5870,38],"class_list":["post-30864514","post","type-post","status-publish","format-standard","has-post-thumbnail","hentry","category-institucional","tag-aeat","tag-agencia-tributaria","tag-convenio","tag-derecho-financiero-y-tributario","tag-francisco-oliva-blazquez","tag-javier-lasarte","tag-jesus-ramos","tag-rector"],"_links":{"self":[{"href":"https:\/\/www.upo.es\/diario\/wp-json\/wp\/v2\/posts\/30864514","targetHints":{"allow":["GET"]}}],"collection":[{"href":"https:\/\/www.upo.es\/diario\/wp-json\/wp\/v2\/posts"}],"about":[{"href":"https:\/\/www.upo.es\/diario\/wp-json\/wp\/v2\/types\/post"}],"author":[{"embeddable":true,"href":"https:\/\/www.upo.es\/diario\/wp-json\/wp\/v2\/users\/6"}],"replies":[{"embeddable":true,"href":"https:\/\/www.upo.es\/diario\/wp-json\/wp\/v2\/comments?post=30864514"}],"version-history":[{"count":4,"href":"https:\/\/www.upo.es\/diario\/wp-json\/wp\/v2\/posts\/30864514\/revisions"}],"predecessor-version":[{"id":30864525,"href":"https:\/\/www.upo.es\/diario\/wp-json\/wp\/v2\/posts\/30864514\/revisions\/30864525"}],"wp:featuredmedia":[{"embeddable":true,"href":"https:\/\/www.upo.es\/diario\/wp-json\/wp\/v2\/media\/30864515"}],"wp:attachment":[{"href":"https:\/\/www.upo.es\/diario\/wp-json\/wp\/v2\/media?parent=30864514"}],"wp:term":[{"taxonomy":"category","embeddable":true,"href":"https:\/\/www.upo.es\/diario\/wp-json\/wp\/v2\/categories?post=30864514"},{"taxonomy":"post_tag","embeddable":true,"href":"https:\/\/www.upo.es\/diario\/wp-json\/wp\/v2\/tags?post=30864514"}],"curies":[{"name":"wp","href":"https:\/\/api.w.org\/{rel}","templated":true}]}}