{"id":30864534,"date":"2021-03-04T20:10:47","date_gmt":"2021-03-04T19:10:47","guid":{"rendered":"https:\/\/www.upo.es\/diario\/?p=30864534"},"modified":"2021-03-05T10:17:19","modified_gmt":"2021-03-05T09:17:19","slug":"gomez-villamandos-reelegido-presidente-de-crue-para-la-negociacion-de-la-futura-ley-de-universidades","status":"publish","type":"post","link":"https:\/\/www.upo.es\/diario\/institucional\/2021\/03\/gomez-villamandos-reelegido-presidente-de-crue-para-la-negociacion-de-la-futura-ley-de-universidades\/","title":{"rendered":"G\u00f3mez Villamandos, reelegido presidente de Crue para la negociaci\u00f3n de la futura Ley de Universidades"},"content":{"rendered":"<figure id=\"attachment_30864536\" aria-describedby=\"caption-attachment-30864536\" style=\"width: 360px\" class=\"wp-caption alignright\"><img loading=\"lazy\" decoding=\"async\" class=\"size-medium wp-image-30864536\" src=\"https:\/\/www.upo.es\/diario\/wp-content\/uploads\/2021\/03\/GomezVillamandos_reelegido-presidente-Crue-360x270.jpg\" alt=\"El presidente de Crue y rector de la Universidad de C\u00f3rdoba, Jos\u00e9 Carlos G\u00f3mez Villamandos\" width=\"360\" height=\"270\" srcset=\"https:\/\/www.upo.es\/diario\/wp-content\/uploads\/2021\/03\/GomezVillamandos_reelegido-presidente-Crue-360x270.jpg 360w, https:\/\/www.upo.es\/diario\/wp-content\/uploads\/2021\/03\/GomezVillamandos_reelegido-presidente-Crue-750x562.jpg 750w, https:\/\/www.upo.es\/diario\/wp-content\/uploads\/2021\/03\/GomezVillamandos_reelegido-presidente-Crue-768x575.jpg 768w, https:\/\/www.upo.es\/diario\/wp-content\/uploads\/2021\/03\/GomezVillamandos_reelegido-presidente-Crue-600x450.jpg 600w, https:\/\/www.upo.es\/diario\/wp-content\/uploads\/2021\/03\/GomezVillamandos_reelegido-presidente-Crue.jpg 1280w\" sizes=\"auto, (max-width: 360px) 100vw, 360px\" \/><figcaption id=\"caption-attachment-30864536\" class=\"wp-caption-text\">El presidente de Crue y rector de la Universidad de C\u00f3rdoba, Jos\u00e9 Carlos G\u00f3mez Villamandos<\/figcaption><\/figure>\n<p class=\"paragraph\"><span class=\"normaltextrun\">La Asamblea General de\u00a0Crue\u00a0Universidades Espa\u00f1olas ha elegido de nuevo al rector de la Universidad de C\u00f3rdoba,\u00a0<b>Jos\u00e9 Carlos G\u00f3mez\u00a0Villamandos<\/b>, para presidir esta asociaci\u00f3n durante un segundo mandato. El propio presidente anunci\u00f3 el pasado mes de febrero el adelanto de las elecciones, que estaban previstas para el mes de mayo, con el fin de que\u00a0Crue\u00a0dispusiera de un equipo estable para la negociaci\u00f3n con el Gobierno de la futura Ley Org\u00e1nica del Sistema Universitario, tambi\u00e9n denominada \u00abLOSU\u00bb.<\/span><span class=\"eop\">\u00a0<\/span><\/p>\n<p class=\"paragraph\"><span class=\"normaltextrun\">Para\u00a0<b>G\u00f3mez\u00a0Villamandos<\/b>, la Universidad afrontar\u00e1 en los pr\u00f3ximos meses \u00abun momento crucial por la oportunidad que se abre para dotar al sistema universitario de la estabilidad y flexibilidad que necesita para ser competitivo en Europa\u00bb. En este sentido, el presidente de\u00a0Crue\u00a0ha subrayado que la Universidad tiene \u00abla capacidad de transformar la sociedad y un potencial formidable para dirigir el cambio necesario hacia la Econom\u00eda del Conocimiento\u00bb.<\/span><span class=\"eop\">\u00a0<\/span><\/p>\n<p class=\"paragraph\"><span class=\"normaltextrun\">El presidente de\u00a0Crue, una vez reelegido, ha presentado a los nuevos miembros del Comit\u00e9 Permanente (\u00f3rgano de gobierno de\u00a0Crue, junto con Presidencia) y a los nuevos presidentes de las Comisiones Sectoriales (\u00f3rganos de asesoramiento) de Asuntos Estudiantiles, Internacionalizaci\u00f3n y Cooperaci\u00f3n y Sostenibilidad.\u00a0\u00a0<\/span><span class=\"eop\">\u00a0<\/span><\/p>\n<p class=\"paragraph\"><span class=\"normaltextrun\">La rectora de la Universidad del Pa\u00eds Vasco,\u00a0<b>Eva Ferreira<\/b>, y el rector de la\u00a0Universitat\u00a0de Lleida,\u00a0<b>Jaime Puy<\/b>, pasan a formar parte del Comit\u00e9 Permanente,\u00a0en el que\u00a0permanecen como vicepresidentes\u00a0el rector de la\u00a0Universitat\u00a0Polit\u00e8cnica\u00a0de\u00a0Val\u00e8ncia,\u00a0<b>Franciso\u00a0Mora<\/b>, y\u00a0el rector de la Universidad Pontificia Comillas,\u00a0<b>Julio Mart\u00ednez.<\/b>\u00a0Los rectores de la\u00a0Universitat\u00a0Ramon\u00a0Llull\u00a0y la Universidad Carlos III de Madrid,\u00a0<b>Josep\u00a0Maria\u00a0Garrell<\/b>\u00a0y\u00a0<b>Juan Romo<\/b>, permanecen como vocales del \u00f3rgano de Gobierno presidido por G\u00f3mez\u00a0Villamandos.<\/span><span class=\"eop\">\u00a0<\/span><\/p>\n<p class=\"paragraph\"><span class=\"normaltextrun\">En cuanto a la renovaci\u00f3n en las Comisiones Sectoriales de\u00a0Crue, el rector de la Universidad de Murcia,\u00a0<b>Jos\u00e9 Luj\u00e1n<\/b>, ser\u00e1 el nuevo presidente de\u00a0Crue\u2013Asuntos Estudiantiles; el rector de la Universidad de Sevilla,\u00a0<b>Miguel \u00c1ngel Castro<\/b>, el nuevo presidente de\u00a0Crue\u2013Internacionalizaci\u00f3n y Cooperaci\u00f3n,\u00a0y el rector de la Universidad de Burgos,\u00a0<b>Manuel P\u00e9rez<\/b>,\u00a0el nuevo presidente de\u00a0Crue\u2013Sostenibilidad.<\/span><span class=\"eop\">\u00a0<\/span><\/p>\n<h3 class=\"paragraph\"><span class=\"normaltextrun\"><b>La Universidad del futuro<\/b><\/span><span class=\"eop\">\u00a0<\/span><\/h3>\n<p class=\"paragraph\"><span class=\"normaltextrun\">Crue\u00a0Universidades Espa\u00f1olas celebr\u00f3 el pasado mes de octubre el acto \u00abUniversidad 2030. Qu\u00e9 sociedad queremos dentro de 10 a\u00f1os\u00bb, en el que present\u00f3 a los ministros de Universidades y de Ciencia e Innovaci\u00f3n,\u00a0<b>Manuel\u00a0Castells<\/b>\u00a0y\u00a0<b>Pedro Duque<\/b>, y a la comunidad universitaria y medios de comunicaci\u00f3n, sus propuestas de reforma con el objetivo de definir la Universidad de la pr\u00f3xima d\u00e9cada. Estos planteamientos se dividen en cuatro grandes boques: Misiones (Docencia, Investigaci\u00f3n y Transferencia), Enfoques transversales (Sostenibilidad, Igualdad, Transformaci\u00f3n Digital e Internacionalizaci\u00f3n), Personas y Financiaci\u00f3n.<\/span><span class=\"eop\">\u00a0<\/span><\/p>\n<h3 class=\"paragraph\"><span class=\"normaltextrun\"><b>La gobernanza, \u00faltima pieza de la reforma<\/b><\/span><span class=\"eop\">\u00a0<\/span><\/h3>\n<p class=\"paragraph\"><span class=\"normaltextrun\">Sobre el sistema de gobernanza, el presidente de\u00a0Crue\u00a0ha subrayado que esta deber ser \u00abla \u00faltima pieza, la clave de b\u00f3veda de la reforma universitaria\u00bb. Si bien ha indicado que los rectores \u00abno tienen miedo a los cambios\u00bb, tambi\u00e9n ha explicado que el debate sobre el gobierno de las universidades p\u00fablicas \u00abcarece de sentido sin un texto normativo y un sistema de financiaci\u00f3n suficiente, duradero\u00a0y estable\u00bb.\u00a0<\/span><span class=\"eop\">\u00a0<\/span><\/p>\n<p class=\"paragraph\"><span class=\"normaltextrun\">Para\u00a0Crue\u00a0existen cuestiones prioritarias de cara a la aprobaci\u00f3n de una nueva\u00a0ley.\u00a0Entre las medidas relativas a las misiones cl\u00e1sicas de la Universidad, destacan\u00a0la transformaci\u00f3n de la\u00a0docencia mediante la flexibilizaci\u00f3n o la adaptaci\u00f3n de la oferta de t\u00edtulos a las necesidades del\u00a0entorno;\u00a0una adecuada financiaci\u00f3n del sistema de Ciencia y Tecnolog\u00eda para la captaci\u00f3n y retenci\u00f3n del talento\u00a0investigador, y la promoci\u00f3n de la\u00a0transferencia del conocimiento.<\/span><span class=\"eop\">\u00a0<\/span><\/p>\n<p class=\"paragraph\"><span class=\"normaltextrun\">En cuanto a las personas,\u00a0Crue\u00a0reclama la desaparici\u00f3n total de la tasa de reposici\u00f3n y una\u00a0mayor autonom\u00eda\u00a0real\u00a0para\u00a0decidir la estructura y perfil de sus plantillas, as\u00ed como los recursos para que puedan desarrollar una carrera profesional estable y con posibilidades de promoci\u00f3n.\u00a0La superaci\u00f3n de las brechas de g\u00e9nero e igualdad es otra de las prioridades.<\/span><span class=\"eop\">\u00a0<\/span><\/p>\n<p class=\"paragraph\"><span class=\"normaltextrun\">Crue\u00a0Universidades Espa\u00f1olas tiene como objetivo presentar de forma detallada su propuesta de \u00abUniversidad 2030\u00bb en las pr\u00f3ximas semanas a todos los agentes que forman parte del Sistema Universitario Espa\u00f1ol. No es un documento de l\u00edneas rojas, sino un texto que\u00a0pretende servir de\u00a0base para la necesaria reforma del Sistema Universitario Espa\u00f1ol como vector de desarrollo y progreso del pa\u00eds.<\/span><span class=\"eop\">\u00a0<\/span><\/p>\n<p>Fuente: <strong>Crue Universidades Espa\u00f1olas<\/strong><\/p>\n","protected":false},"excerpt":{"rendered":"<p>La Asamblea General de\u00a0Crue\u00a0Universidades Espa\u00f1olas ha elegido de nuevo al rector de la Universidad de C\u00f3rdoba,\u00a0Jos\u00e9 Carlos G\u00f3mez\u00a0Villamandos, para presidir esta asociaci\u00f3n durante un segundo mandato. El propio presidente anunci\u00f3 el pasado mes de febrero el adelanto de las elecciones, que estaban previstas para el mes de mayo, con el fin de que\u00a0Crue\u00a0dispusiera de un equipo estable para la negociaci\u00f3n con el Gobierno de la futura Ley Org\u00e1nica del Sistema Universitario, tambi\u00e9n denominada \u00abLOSU\u00bb.\u00a0<\/p>\n","protected":false},"author":6,"featured_media":30864536,"comment_status":"closed","ping_status":"open","sticky":false,"template":"","format":"standard","meta":{"_monsterinsights_skip_tracking":false,"_monsterinsights_sitenote_active":false,"_monsterinsights_sitenote_note":"","_monsterinsights_sitenote_category":0,"footnotes":""},"categories":[6],"tags":[4124,285,1571,5346,1583],"class_list":["post-30864534","post","type-post","status-publish","format-standard","has-post-thumbnail","hentry","category-institucional","tag-crue-universidades-espanolas","tag-espana","tag-gobernanza","tag-ley-de-universidades","tag-universidad-de-cordoba"],"_links":{"self":[{"href":"https:\/\/www.upo.es\/diario\/wp-json\/wp\/v2\/posts\/30864534","targetHints":{"allow":["GET"]}}],"collection":[{"href":"https:\/\/www.upo.es\/diario\/wp-json\/wp\/v2\/posts"}],"about":[{"href":"https:\/\/www.upo.es\/diario\/wp-json\/wp\/v2\/types\/post"}],"author":[{"embeddable":true,"href":"https:\/\/www.upo.es\/diario\/wp-json\/wp\/v2\/users\/6"}],"replies":[{"embeddable":true,"href":"https:\/\/www.upo.es\/diario\/wp-json\/wp\/v2\/comments?post=30864534"}],"version-history":[{"count":1,"href":"https:\/\/www.upo.es\/diario\/wp-json\/wp\/v2\/posts\/30864534\/revisions"}],"predecessor-version":[{"id":30864537,"href":"https:\/\/www.upo.es\/diario\/wp-json\/wp\/v2\/posts\/30864534\/revisions\/30864537"}],"wp:featuredmedia":[{"embeddable":true,"href":"https:\/\/www.upo.es\/diario\/wp-json\/wp\/v2\/media\/30864536"}],"wp:attachment":[{"href":"https:\/\/www.upo.es\/diario\/wp-json\/wp\/v2\/media?parent=30864534"}],"wp:term":[{"taxonomy":"category","embeddable":true,"href":"https:\/\/www.upo.es\/diario\/wp-json\/wp\/v2\/categories?post=30864534"},{"taxonomy":"post_tag","embeddable":true,"href":"https:\/\/www.upo.es\/diario\/wp-json\/wp\/v2\/tags?post=30864534"}],"curies":[{"name":"wp","href":"https:\/\/api.w.org\/{rel}","templated":true}]}}