{"id":30864584,"date":"2021-03-08T17:30:49","date_gmt":"2021-03-08T16:30:49","guid":{"rendered":"https:\/\/www.upo.es\/diario\/?p=30864584"},"modified":"2021-03-08T17:30:49","modified_gmt":"2021-03-08T16:30:49","slug":"la-upo-no-registra-ningun-caso-de-covid-19-durante-los-ultimos-siete-dias","status":"publish","type":"post","link":"https:\/\/www.upo.es\/diario\/comunidad\/2021\/03\/la-upo-no-registra-ningun-caso-de-covid-19-durante-los-ultimos-siete-dias\/","title":{"rendered":"La UPO no registra ning\u00fan caso de Covid-19 durante los \u00faltimos siete d\u00edas"},"content":{"rendered":"<p><strong><img loading=\"lazy\" decoding=\"async\" class=\"alignright size-medium wp-image-30863688\" src=\"https:\/\/www.upo.es\/diario\/wp-content\/uploads\/2020\/12\/covid-4948866_1920-360x241.jpg\" alt=\"\" width=\"360\" height=\"241\" srcset=\"https:\/\/www.upo.es\/diario\/wp-content\/uploads\/2020\/12\/covid-4948866_1920-360x241.jpg 360w, https:\/\/www.upo.es\/diario\/wp-content\/uploads\/2020\/12\/covid-4948866_1920-750x502.jpg 750w, https:\/\/www.upo.es\/diario\/wp-content\/uploads\/2020\/12\/covid-4948866_1920-768x514.jpg 768w, https:\/\/www.upo.es\/diario\/wp-content\/uploads\/2020\/12\/covid-4948866_1920-600x401.jpg 600w, https:\/\/www.upo.es\/diario\/wp-content\/uploads\/2020\/12\/covid-4948866_1920-1536x1027.jpg 1536w, https:\/\/www.upo.es\/diario\/wp-content\/uploads\/2020\/12\/covid-4948866_1920-165x109.jpg 165w, https:\/\/www.upo.es\/diario\/wp-content\/uploads\/2020\/12\/covid-4948866_1920-1320x883.jpg 1320w, https:\/\/www.upo.es\/diario\/wp-content\/uploads\/2020\/12\/covid-4948866_1920.jpg 1920w\" sizes=\"auto, (max-width: 360px) 100vw, 360px\" \/>La Universidad Pablo de Olavide no ha contabilizado ning\u00fan caso de Covid-19 durante la \u00faltima semana, entre el 1 y el 7 de marzo<\/strong> de 2021; tampoco ha sido comunicada ninguna sospecha de contagio al \u00c1rea de Salud y Prevenci\u00f3n de la UPO. Por tanto, <strong>el n\u00famero total de positivos por SARS-CoV-2, desde que comenz\u00f3 el curso acad\u00e9mico el pasado 21 de septiembre, se mantiene en 150 casos<\/strong>, tras sumarse un caso entre el alumnado la semana anterior (del 22 al 28 de febrero). De estos 150 contagios confirmados, 121 se han dado entre estudiantes y 29 entre el profesorado (17) y el personal de administraci\u00f3n (12) de la Universidad. Durante el mismo periodo se han comunicado 285 sospechas de contagio (226 por estudiantes y 59 por PAS y PDI).<\/p>\n<h3><strong>Seguimiento de los casos COVID-19 desde el \u00c1rea de Salud y Prevenci\u00f3n<\/strong><\/h3>\n<p>La Universidad Pablo de Olavide, a fin de facilitar una mejor gesti\u00f3n de la seguridad y salud de la comunidad universitaria y de conformidad con su plan de contingencia frente a la Covid-19, contempla un protocolo de actuaci\u00f3n en caso de sospecha o de confirmaci\u00f3n de infecci\u00f3n para los miembros de la comunidad universitaria. El plan de actuaci\u00f3n establece que, una vez seguidas las recomendaciones y efectuadas las comunicaciones prescritas por la autoridad sanitaria,\u00a0las personas afectadas (por sospecha o confirmaci\u00f3n)\u00a0<strong>deben comunicar su circunstancia<\/strong>\u00a0al\u00a0<strong>\u00c1rea de Salud y Prevenci\u00f3n de la Universidad<\/strong>, que se encargar\u00e1 de adoptar las medidas oportunas, con objeto de salvaguardar, adem\u00e1s de su propia salud, la de otros miembros de la comunidad universitaria y su entorno.<\/p>\n<p>La\u00a0 <strong>notificaci\u00f3n de contagio o sospecha de contagio<\/strong> por parte de los miembros de la comunidad universitaria se realiza a trav\u00e9s del formulario:\u00a0<a href=\"https:\/\/www.upo.es\/formularios\/comunicacion-covid19\/index.html\">https:\/\/www.upo.es\/formularios\/comunicacion-covid19\/index.html<\/a>.<\/p>\n<p>Informaci\u00f3n sobre el <strong>Protocolo Plan de contingencia-Covid-19 de la Universidad Pablo de Olavide<\/strong>:\u00a0<a href=\"https:\/\/www.upo.es\/upo_opencms\/export\/sites\/upo\/Temas\/Upo\/00_Contenidos\/Covid19\/plan-contingencia-Covid-19-UPO.pdf\">https:\/\/www.upo.es\/upo_opencms\/export\/sites\/upo\/Temas\/Upo\/00_Contenidos\/Covid19\/plan-contingencia-Covid-19-UPO.pdf<\/a><\/p>\n","protected":false},"excerpt":{"rendered":"<p>La Universidad Pablo de Olavide no ha contabilizado ning\u00fan caso de Covid-19 durante la \u00faltima semana, entre el 1 y el 7 de marzo de 2021; tampoco ha sido comunicada ninguna sospecha de contagio al \u00c1rea de Salud y Prevenci\u00f3n de la UPO. Por tanto, el n\u00famero total de positivos por SARS-CoV-2, desde que comenz\u00f3 el curso acad\u00e9mico 2019\/2020 el pasado 21 de septiembre, se mantiene en 150 casos.<\/p>\n","protected":false},"author":6,"featured_media":30863688,"comment_status":"closed","ping_status":"open","sticky":false,"template":"","format":"standard","meta":{"_monsterinsights_skip_tracking":false,"_monsterinsights_sitenote_active":false,"_monsterinsights_sitenote_note":"","_monsterinsights_sitenote_category":0,"footnotes":""},"categories":[5842],"tags":[5484,7077,6601,21,7041,682,1218],"class_list":["post-30864584","post","type-post","status-publish","format-standard","has-post-thumbnail","hentry","category-comunidad","tag-area-de-salud-y-prevencion","tag-casos-covid-19","tag-covid-19","tag-estudiantes","tag-pandemia","tag-pas","tag-pdi"],"_links":{"self":[{"href":"https:\/\/www.upo.es\/diario\/wp-json\/wp\/v2\/posts\/30864584","targetHints":{"allow":["GET"]}}],"collection":[{"href":"https:\/\/www.upo.es\/diario\/wp-json\/wp\/v2\/posts"}],"about":[{"href":"https:\/\/www.upo.es\/diario\/wp-json\/wp\/v2\/types\/post"}],"author":[{"embeddable":true,"href":"https:\/\/www.upo.es\/diario\/wp-json\/wp\/v2\/users\/6"}],"replies":[{"embeddable":true,"href":"https:\/\/www.upo.es\/diario\/wp-json\/wp\/v2\/comments?post=30864584"}],"version-history":[{"count":4,"href":"https:\/\/www.upo.es\/diario\/wp-json\/wp\/v2\/posts\/30864584\/revisions"}],"predecessor-version":[{"id":30864590,"href":"https:\/\/www.upo.es\/diario\/wp-json\/wp\/v2\/posts\/30864584\/revisions\/30864590"}],"wp:featuredmedia":[{"embeddable":true,"href":"https:\/\/www.upo.es\/diario\/wp-json\/wp\/v2\/media\/30863688"}],"wp:attachment":[{"href":"https:\/\/www.upo.es\/diario\/wp-json\/wp\/v2\/media?parent=30864584"}],"wp:term":[{"taxonomy":"category","embeddable":true,"href":"https:\/\/www.upo.es\/diario\/wp-json\/wp\/v2\/categories?post=30864584"},{"taxonomy":"post_tag","embeddable":true,"href":"https:\/\/www.upo.es\/diario\/wp-json\/wp\/v2\/tags?post=30864584"}],"curies":[{"name":"wp","href":"https:\/\/api.w.org\/{rel}","templated":true}]}}