{"id":30864627,"date":"2021-03-16T08:00:41","date_gmt":"2021-03-16T07:00:41","guid":{"rendered":"https:\/\/www.upo.es\/diario\/?p=30864627"},"modified":"2021-03-16T11:08:22","modified_gmt":"2021-03-16T10:08:22","slug":"upo-celebra-dia-mundial-trabajo-social","status":"publish","type":"post","link":"https:\/\/www.upo.es\/diario\/docencia-formacion\/2021\/03\/upo-celebra-dia-mundial-trabajo-social\/","title":{"rendered":"La UPO celebra el D\u00eda Mundial del Trabajo Social con un amplio programa de actividades online"},"content":{"rendered":"<p><a href=\"https:\/\/www.upo.es\/diario\/wp-content\/uploads\/2021\/03\/DiadelTrabajoSocial.png\"><img loading=\"lazy\" decoding=\"async\" class=\"alignright size-medium wp-image-30864629\" src=\"https:\/\/www.upo.es\/diario\/wp-content\/uploads\/2021\/03\/DiadelTrabajoSocial-254x360.png\" alt=\"\" width=\"254\" height=\"360\" srcset=\"https:\/\/www.upo.es\/diario\/wp-content\/uploads\/2021\/03\/DiadelTrabajoSocial-254x360.png 254w, https:\/\/www.upo.es\/diario\/wp-content\/uploads\/2021\/03\/DiadelTrabajoSocial-530x750.png 530w, https:\/\/www.upo.es\/diario\/wp-content\/uploads\/2021\/03\/DiadelTrabajoSocial-768x1086.png 768w, https:\/\/www.upo.es\/diario\/wp-content\/uploads\/2021\/03\/DiadelTrabajoSocial-600x849.png 600w, https:\/\/www.upo.es\/diario\/wp-content\/uploads\/2021\/03\/DiadelTrabajoSocial-1086x1536.png 1086w, https:\/\/www.upo.es\/diario\/wp-content\/uploads\/2021\/03\/DiadelTrabajoSocial-1448x2048.png 1448w, https:\/\/www.upo.es\/diario\/wp-content\/uploads\/2021\/03\/DiadelTrabajoSocial-1320x1867.png 1320w, https:\/\/www.upo.es\/diario\/wp-content\/uploads\/2021\/03\/DiadelTrabajoSocial.png 1587w\" sizes=\"auto, (max-width: 254px) 100vw, 254px\" \/><\/a>Con motivo del <strong>D\u00eda Mundial del Trabajo Social<\/strong>, que se celebra hoy martes 16 de marzo, la Universidad Pablo de Olavide se suma a la conmemoraci\u00f3n de este d\u00eda con un amplio programa de actividades acad\u00e9micas, profesionales y de sensibilizaci\u00f3n organizadas conjuntamente por <strong>la Facultad de Ciencias Sociales, el Departamento de Trabajo Social y Servicios Sociales y el Colegio Oficial de Trabajo Social de Sevilla<\/strong>.<\/p>\n<p>Bajo el lema <strong>\u2018<em>\u00dabuntu<\/em>: Yo soy porque nosotros y nosotras somos. Fortaleciendo la solidaridad social y la conectividad global\u2019<\/strong>, se celebrar\u00e1 una serie de actividades <em>online<\/em> sincr\u00f3nicas y asincr\u00f3nicas y en abierto para toda la comunidad universitaria y el entorno profesional y social durante los meses de marzo y abril. El objetivo de esta iniciativa es poner de manifiesto y conmemorar la labor que realizan los y las trabajadoras sociales como impulsoras de la lucha y la garant\u00eda de los derechos sociales de la ciudadan\u00eda.<\/p>\n<p><strong><em>\u00dabuntu<\/em><\/strong> es una palabra originaria de los pueblos ind\u00edgenas de Sud\u00e1frica y fue popularizado en todo el mundo por Nelson Mandela. <em>\u00dabuntu<\/em> es un concepto y filosof\u00eda que resuena en el contexto del Trabajo Social en la perspectiva de interconexi\u00f3n de todas las personas y sus entornos. Habla de la necesidad de solidaridad mundial y tambi\u00e9n recoge el conocimiento y la sabidur\u00eda ind\u00edgenas. En este sentido, la <a href=\"https:\/\/www.ifsw.org\/social-work-action\/world-social-work-day\/world-social-work-day-2021\/\">Federaci\u00f3n Internacional de Trabajo Social<\/a> ha elegido el lema \u2018<em>\u00dabuntu<\/em>: Yo soy porque somos\u2019, y la Universidad Pablo de Olavide lo recoge para dar visibilidad al programa de actividades puesto en marcha para la celebraci\u00f3n del D\u00eda Mundial del Trabajo Social.<\/p>\n<p>El programa colaborativo desarrollado por profesionales, docentes e investigadores e investigadores se dividen en <strong>actividades centrales<\/strong> con iniciativas como un webinar sobre el <strong>COTS de Sevilla, colegiaci\u00f3n y precolegiaci\u00f3n<\/strong> celebrado ayer lunes; unas jornadas online sobre <strong>\u2018El Trabajo Social en tiempos de pandemia<\/strong>\u2019 hoy martes 16 de marzo de 17 a 20 horas, y una mesa redonda donde se abordar\u00e1 \u2018<strong>El Trabajo Social y sus \u00e1mbitos de actuaci\u00f3n\u2019<\/strong> tambi\u00e9n hoy a las 16:30 horas. Para el d\u00eda 23 de marzo se celebrar\u00e1 el coloquio <strong>\u2018La investigaci\u00f3n en Trabajo Social: retos y proyecciones\u2019<\/strong>. Asimismo, durante los meses de marzo y abril se celebrar\u00e1n las <strong>II Jornadas de difusi\u00f3n de la actividad investigadora \u2018Construyendo conocimiento para una transformaci\u00f3n social inclusiva\u2019<\/strong> para dar visibilidad al trabajo de investigaci\u00f3n realizado por el profesorado de la Universidad Pablo de Olavide.<\/p>\n<p>La segunda parte del programa se centran en <strong>actividades paralelas para los estudiantes de la UPO<\/strong> tales como un <strong>ciclo de entrevistas \u2018Miradas m\u00faltiples de la diversidad funcional desde el Trabajo Social\u2019<\/strong> que se celebran los d\u00edas 2, 9, 16 y 23 de marzo; la <strong>mesa redonda \u2018El Trabajo Social con comunidades: fortaleciendo solidaridades en tiempos de la Covid-19\u2019 <\/strong>celebrada ayer lunes; y el <strong>panel \u2018Resiliencia comunitaria: enfoques metodol\u00f3gicos para su estudio\u2019<\/strong> el 24 de marzo a las 18 horas, as\u00ed como una serie de actividades dentro de las asignaturas del grado en Trabajo Social.<\/p>\n<p>En palabras de la <strong>decana de la Facultad de Ciencias Sociales de la UPO Rosa Mar\u00eda D\u00edaz <\/strong>\u201cnuestra facultad tiene mucho que ver con la mirada <em>\u00dabuntu<\/em>, dada la prioridad e importancia que tanto el claustro de profesorado como el alumnado ofrece al trabajo por lo colectivo. Aunque la realidad post-Covid nos quede a\u00fan lejos, desde la universidad debemos promover miradas que exijan abordar injusticias econ\u00f3micas y sociales hist\u00f3ricas con el fin de hacer posible la humanidad para todos y todas, en particular para las v\u00edctimas del presente, miles de personas que adem\u00e1s de la vida o la salud han perdido o van a perder en breve sus empleos y su futuro\u201d.<\/p>\n<p>Por su parte la <strong>directora del Departamento de Trabajo Social y Servicios Sociales de la UPO Mar\u00eda Rosa Herrera <\/strong>subraya la importancia de este d\u00eda para \u201cpara reconocer el compromiso y la contribuci\u00f3n del Trabajo Social por una sociedad mejor\u201d. En relaci\u00f3n al programa desarrollado, pone en valor \u201cla relevancia acad\u00e9mica y social de la actividad investigadora que realiza el \u00c1rea de Trabajo Social mediante unas Jornadas de Difusi\u00f3n que est\u00e1n dirigidas a colegas del \u00e1mbito de las ciencias sociales de universidades iberoamericanas, as\u00ed como a responsables universitarios, responsables p\u00fablicos y profesionales de la intervenci\u00f3n social\u201d.<\/p>\n<p>Asimismo, el <strong>presidente del Colegio Oficial de Trabajo Social de Sevilla Jos\u00e9 Luis Sarasola<\/strong> pone de manifiesto el compromiso de \u2018influir en las pol\u00edticas\u00a0 locales, auton\u00f3micas y nacionales, as\u00ed como\u00a0 las acciones de los gobiernos y para destacar el valor y las contribuciones que los y las trabajadoras sociales hacen d\u00eda a d\u00eda en cualquier parte del mundo. En este sentido, resalta \u201cla labor que est\u00e1n prestando nuestros trabajadores y trabajadoras sociales en sectores como el sanitario, en los servicios sociales, en vivienda, en emergencias sociales, en el \u00e1mbito de la justicia, instituciones penitenciarias, centros y residencias de personas mayores, personas con diversidad funcional, entre otros\u201d.<\/p>\n<p>La Universidad Pablo de Olavide cuenta desde sus inicios en 1997 con estudios en el \u00e1rea de Trabajo Social; durante los primeros a\u00f1os, a trav\u00e9s de la Diplomatura, y desde 2010, a trav\u00e9s del Grado en Trabajo Social. Son estudios que preparan a profesionales para la intervenci\u00f3n en niveles individual-familiar, grupal y comunitario y que est\u00e1n liderados por los docentes del Departamento de Trabajo Social y Servicios Sociales, as\u00ed como por la Facultad de Ciencias Sociales.<\/p>\n<p><a href=\"https:\/\/www.upo.es\/diario\/wp-content\/uploads\/2021\/03\/Programacion-ActividadesCOTS_UPO-DIA-TRABAJO-SOCIAL.pdf\">Programa de Actividades D\u00eda Mundial del Trabajo Social 2021<\/a><\/p>\n","protected":false},"excerpt":{"rendered":"<p>Con motivo del D\u00eda Mundial del Trabajo Social, que se celebrar\u00e1 el pr\u00f3ximo martes 16 de marzo, la Universidad Pablo de Olavide se suma a la conmemoraci\u00f3n de este d\u00eda con un amplio programa de actividades acad\u00e9micas, profesionales y de sensibilizaci\u00f3n organizadas conjuntamente por la Facultad de Ciencias Sociales, el Departamento de Trabajo Social y Servicios Sociales y el Colegio Oficial de Trabajo Social de Sevilla.<\/p>\n","protected":false},"author":4,"featured_media":30864642,"comment_status":"closed","ping_status":"open","sticky":false,"template":"","format":"standard","meta":{"_monsterinsights_skip_tracking":false,"_monsterinsights_sitenote_active":false,"_monsterinsights_sitenote_note":"","_monsterinsights_sitenote_category":0,"footnotes":""},"categories":[2779],"tags":[4883,3405,5860,487,103],"class_list":["post-30864627","post","type-post","status-publish","format-standard","has-post-thumbnail","hentry","category-docencia-formacion","tag-colegio-de-trabajo-social-de-sevilla","tag-departamento-de-trabajo-social-y-servicios-sociales","tag-dia-mundial-del-trabajo-social","tag-facultad-ciencias-sociales","tag-trabajo-social"],"_links":{"self":[{"href":"https:\/\/www.upo.es\/diario\/wp-json\/wp\/v2\/posts\/30864627","targetHints":{"allow":["GET"]}}],"collection":[{"href":"https:\/\/www.upo.es\/diario\/wp-json\/wp\/v2\/posts"}],"about":[{"href":"https:\/\/www.upo.es\/diario\/wp-json\/wp\/v2\/types\/post"}],"author":[{"embeddable":true,"href":"https:\/\/www.upo.es\/diario\/wp-json\/wp\/v2\/users\/4"}],"replies":[{"embeddable":true,"href":"https:\/\/www.upo.es\/diario\/wp-json\/wp\/v2\/comments?post=30864627"}],"version-history":[{"count":8,"href":"https:\/\/www.upo.es\/diario\/wp-json\/wp\/v2\/posts\/30864627\/revisions"}],"predecessor-version":[{"id":30864749,"href":"https:\/\/www.upo.es\/diario\/wp-json\/wp\/v2\/posts\/30864627\/revisions\/30864749"}],"wp:featuredmedia":[{"embeddable":true,"href":"https:\/\/www.upo.es\/diario\/wp-json\/wp\/v2\/media\/30864642"}],"wp:attachment":[{"href":"https:\/\/www.upo.es\/diario\/wp-json\/wp\/v2\/media?parent=30864627"}],"wp:term":[{"taxonomy":"category","embeddable":true,"href":"https:\/\/www.upo.es\/diario\/wp-json\/wp\/v2\/categories?post=30864627"},{"taxonomy":"post_tag","embeddable":true,"href":"https:\/\/www.upo.es\/diario\/wp-json\/wp\/v2\/tags?post=30864627"}],"curies":[{"name":"wp","href":"https:\/\/api.w.org\/{rel}","templated":true}]}}