{"id":30864655,"date":"2021-03-12T12:51:01","date_gmt":"2021-03-12T11:51:01","guid":{"rendered":"https:\/\/www.upo.es\/diario\/?p=30864655"},"modified":"2021-03-17T11:55:37","modified_gmt":"2021-03-17T10:55:37","slug":"francisco-oliva-recibe-a-gonzalo-garcia-estudiante-de-la-upo-bronce-en-3000-metros-lisos-en-el-campeonato-de-espana","status":"publish","type":"post","link":"https:\/\/www.upo.es\/diario\/comunidad\/2021\/03\/francisco-oliva-recibe-a-gonzalo-garcia-estudiante-de-la-upo-bronce-en-3000-metros-lisos-en-el-campeonato-de-espana\/","title":{"rendered":"Francisco Oliva recibe a Gonzalo Garc\u00eda, estudiante de la UPO bronce en 3000 metros lisos en el Campeonato de Espa\u00f1a"},"content":{"rendered":"<figure id=\"attachment_30864656\" aria-describedby=\"caption-attachment-30864656\" style=\"width: 750px\" class=\"wp-caption aligncenter\"><img loading=\"lazy\" decoding=\"async\" class=\"size-large wp-image-30864656\" src=\"https:\/\/www.upo.es\/diario\/wp-content\/uploads\/2021\/03\/Gonzalo-Garcia_-750x500.jpg\" alt=\"Francisco Oliva y Gonzalo Garc\u00eda\" width=\"750\" height=\"500\" srcset=\"https:\/\/www.upo.es\/diario\/wp-content\/uploads\/2021\/03\/Gonzalo-Garcia_-750x500.jpg 750w, https:\/\/www.upo.es\/diario\/wp-content\/uploads\/2021\/03\/Gonzalo-Garcia_-360x240.jpg 360w, https:\/\/www.upo.es\/diario\/wp-content\/uploads\/2021\/03\/Gonzalo-Garcia_-768x512.jpg 768w, https:\/\/www.upo.es\/diario\/wp-content\/uploads\/2021\/03\/Gonzalo-Garcia_-600x400.jpg 600w, https:\/\/www.upo.es\/diario\/wp-content\/uploads\/2021\/03\/Gonzalo-Garcia_-1536x1024.jpg 1536w, https:\/\/www.upo.es\/diario\/wp-content\/uploads\/2021\/03\/Gonzalo-Garcia_-2048x1365.jpg 2048w, https:\/\/www.upo.es\/diario\/wp-content\/uploads\/2021\/03\/Gonzalo-Garcia_-165x109.jpg 165w, https:\/\/www.upo.es\/diario\/wp-content\/uploads\/2021\/03\/Gonzalo-Garcia_-1320x880.jpg 1320w\" sizes=\"auto, (max-width: 750px) 100vw, 750px\" \/><figcaption id=\"caption-attachment-30864656\" class=\"wp-caption-text\">Francisco Oliva entrega un obsequio a Gonzalo Garc\u00eda por su participaci\u00f3n en el Campeonato Europeo<\/figcaption><\/figure>\n<p>El rector de la Universidad Pablo de Olavide, <strong>Francisco Oliva<\/strong>, ha recibido hoy a <strong>Gonzalo Garc\u00eda<\/strong>, estudiante de la Facultad de Ciencias del Deporte que ha participado, por primera vez con la selecci\u00f3n espa\u00f1ola absoluta, en el Campeonato de Europa de Atletismo <em>Indoor<\/em> celebrado en Torun (Polonia) donde compiti\u00f3 en la distancia de los 3000 metros lisos. <strong>Antonio Fern\u00e1ndez<\/strong>, vicerrector de Campus Saludable y Deporte, y<strong> \u00c1frica Calvo<\/strong>, directora general de Deportes de la UPO, han asistido tambi\u00e9n al encuentro.<\/p>\n<figure id=\"attachment_30864657\" aria-describedby=\"caption-attachment-30864657\" style=\"width: 360px\" class=\"wp-caption alignright\"><a href=\"https:\/\/www.upo.es\/diario\/wp-content\/uploads\/2021\/03\/Gonzalo-Garcia_-2-scaled.jpg\"><img loading=\"lazy\" decoding=\"async\" class=\"size-medium wp-image-30864657\" src=\"https:\/\/www.upo.es\/diario\/wp-content\/uploads\/2021\/03\/Gonzalo-Garcia_-2-360x202.jpg\" alt=\"Antonio Fern\u00e1ndez, Francisco Oliva, Gonzalo Garc\u00eda y \u00c1frica Calvo\" width=\"360\" height=\"202\" srcset=\"https:\/\/www.upo.es\/diario\/wp-content\/uploads\/2021\/03\/Gonzalo-Garcia_-2-360x202.jpg 360w, https:\/\/www.upo.es\/diario\/wp-content\/uploads\/2021\/03\/Gonzalo-Garcia_-2-750x422.jpg 750w, https:\/\/www.upo.es\/diario\/wp-content\/uploads\/2021\/03\/Gonzalo-Garcia_-2-768x432.jpg 768w, https:\/\/www.upo.es\/diario\/wp-content\/uploads\/2021\/03\/Gonzalo-Garcia_-2-600x337.jpg 600w, https:\/\/www.upo.es\/diario\/wp-content\/uploads\/2021\/03\/Gonzalo-Garcia_-2-1536x864.jpg 1536w, https:\/\/www.upo.es\/diario\/wp-content\/uploads\/2021\/03\/Gonzalo-Garcia_-2-2048x1152.jpg 2048w\" sizes=\"auto, (max-width: 360px) 100vw, 360px\" \/><\/a><figcaption id=\"caption-attachment-30864657\" class=\"wp-caption-text\">Antonio Fern\u00e1ndez, Francisco Oliva, Gonzalo Garc\u00eda y \u00c1frica Calvo<\/figcaption><\/figure>\n<p>El atleta sevillano consigui\u00f3 ser seleccionado para el Europeo de Atletismo gracias a su resultado en el Campeonato de Espa\u00f1a celebrado el pasado mes de febrero en Madrid, donde consigui\u00f3 la <strong>medalla de bronce en la final m\u00e1s competida y con mejores marcas de los \u00faltimos a\u00f1os<\/strong>. Es la cuarta medalla que Gonzalo Garc\u00eda consigue en la distancia de los 3000 metros lisos. De su presencia en Torun, donde no pudo pasar a la final, el estudiante de la UPO destaca la experiencia vivida durante la competici\u00f3n y c\u00f3mo \u201cal competir con atletas del m\u00e1ximo nivel, el margen para obtener alguna ventaja con la estrategia es m\u00ednimo, tienes que medir el rendimiento al mil\u00edmetro\u201d.<\/p>\n<p><strong>Gonzalo Garc\u00eda Garrido<\/strong> compite en el club Trops Cueva de Nerja. Estudiante de cuarto curso del Grado en Ciencias de la Actividad F\u00edsica y del Deporte, por las ma\u00f1anas dedica su tiempo a terminar sus estudios y durante la tarde entrena en su localidad natal, Castilleja de la Cuesta. A la hora de compaginar sus estudios con el entrenamiento diario, el medio fondista se\u00f1ala como fundamental el apoyo de su entrenador y de sus compa\u00f1eros de clase. En este sentido, <strong>el Vicerrectorado de Campus Saludable y Deporte est\u00e1 ya trabajando en una modificaci\u00f3n del Reglamento del Deportista de la Universidad Pablo de Olavide<\/strong>, con el objetivo de ofrecer un mayor apoyo a los estudiantes que tienen que compatibilizar su actividad acad\u00e9mica con la exigencia que supone el entrenamiento deportivo, especialmente para competiciones de alto nivel. As\u00ed, se contempla mejorar las tutorizaciones de los alumnos y alumnas deportistas de la UPO y facilitar la pr\u00e1ctica deportiva de alto nivel mediante becas espec\u00edficas.<\/p>\n","protected":false},"excerpt":{"rendered":"<p>El rector de la Universidad Pablo de Olavide, Francisco Oliva, ha recibido hoy a Gonzalo Garc\u00eda, estudiante de la Facultad de Ciencias del Deporte que ha participado, por primera vez con la selecci\u00f3n espa\u00f1ola absoluta, en el Campeonato de Europa de Atletismo Indoor celebrado en Torun (Polonia) donde compiti\u00f3 en la distancia de los 3000 metros lisos. Antonio Fern\u00e1ndez, vicerrector de Campus Saludable y Deporte, y \u00c1frica Calvo, directora general de Deportes de la UPO, han asistido tambi\u00e9n al encuentro.<\/p>\n","protected":false},"author":6,"featured_media":30864656,"comment_status":"closed","ping_status":"open","sticky":false,"template":"","format":"standard","meta":{"_monsterinsights_skip_tracking":false,"_monsterinsights_sitenote_active":false,"_monsterinsights_sitenote_note":"","_monsterinsights_sitenote_category":0,"footnotes":""},"categories":[5842],"tags":[5081,338,7252,31,231,21,4021,38],"class_list":["post-30864655","post","type-post","status-publish","format-standard","has-post-thumbnail","hentry","category-comunidad","tag-africa-calvo-lluch","tag-alta-competicion","tag-antonio-fernandez","tag-atletismo","tag-deportes-2","tag-estudiantes","tag-francisco-oliva-blazquez","tag-rector"],"_links":{"self":[{"href":"https:\/\/www.upo.es\/diario\/wp-json\/wp\/v2\/posts\/30864655","targetHints":{"allow":["GET"]}}],"collection":[{"href":"https:\/\/www.upo.es\/diario\/wp-json\/wp\/v2\/posts"}],"about":[{"href":"https:\/\/www.upo.es\/diario\/wp-json\/wp\/v2\/types\/post"}],"author":[{"embeddable":true,"href":"https:\/\/www.upo.es\/diario\/wp-json\/wp\/v2\/users\/6"}],"replies":[{"embeddable":true,"href":"https:\/\/www.upo.es\/diario\/wp-json\/wp\/v2\/comments?post=30864655"}],"version-history":[{"count":2,"href":"https:\/\/www.upo.es\/diario\/wp-json\/wp\/v2\/posts\/30864655\/revisions"}],"predecessor-version":[{"id":30864659,"href":"https:\/\/www.upo.es\/diario\/wp-json\/wp\/v2\/posts\/30864655\/revisions\/30864659"}],"wp:featuredmedia":[{"embeddable":true,"href":"https:\/\/www.upo.es\/diario\/wp-json\/wp\/v2\/media\/30864656"}],"wp:attachment":[{"href":"https:\/\/www.upo.es\/diario\/wp-json\/wp\/v2\/media?parent=30864655"}],"wp:term":[{"taxonomy":"category","embeddable":true,"href":"https:\/\/www.upo.es\/diario\/wp-json\/wp\/v2\/categories?post=30864655"},{"taxonomy":"post_tag","embeddable":true,"href":"https:\/\/www.upo.es\/diario\/wp-json\/wp\/v2\/tags?post=30864655"}],"curies":[{"name":"wp","href":"https:\/\/api.w.org\/{rel}","templated":true}]}}