{"id":30864738,"date":"2021-03-15T09:57:55","date_gmt":"2021-03-15T08:57:55","guid":{"rendered":"https:\/\/www.upo.es\/diario\/?p=30864738"},"modified":"2021-03-16T10:05:10","modified_gmt":"2021-03-16T09:05:10","slug":"la-mayor-o-menor-gravedad-de-covid-19-depende-de-unas-mitocondrias-sanas","status":"publish","type":"post","link":"https:\/\/www.upo.es\/diario\/theconversation\/2021\/03\/la-mayor-o-menor-gravedad-de-covid-19-depende-de-unas-mitocondrias-sanas\/","title":{"rendered":"La mayor o menor gravedad de covid-19 depende de unas mitocondrias sanas"},"content":{"rendered":"<figure id=\"attachment_30864739\" aria-describedby=\"caption-attachment-30864739\" style=\"width: 750px\" class=\"wp-caption aligncenter\"><img loading=\"lazy\" decoding=\"async\" class=\"size-large wp-image-30864739\" src=\"https:\/\/www.upo.es\/diario\/wp-content\/uploads\/2021\/03\/the-conversation_20210316-750x498.jpg\" alt=\"Ilustraci\u00f3n 3D de una mitocondria. Shutterstock \/ RAJ CREATIONZS\" width=\"750\" height=\"498\" srcset=\"https:\/\/www.upo.es\/diario\/wp-content\/uploads\/2021\/03\/the-conversation_20210316-750x498.jpg 750w, https:\/\/www.upo.es\/diario\/wp-content\/uploads\/2021\/03\/the-conversation_20210316-360x239.jpg 360w, https:\/\/www.upo.es\/diario\/wp-content\/uploads\/2021\/03\/the-conversation_20210316-600x399.jpg 600w, https:\/\/www.upo.es\/diario\/wp-content\/uploads\/2021\/03\/the-conversation_20210316-165x109.jpg 165w, https:\/\/www.upo.es\/diario\/wp-content\/uploads\/2021\/03\/the-conversation_20210316.jpg 754w\" sizes=\"auto, (max-width: 750px) 100vw, 750px\" \/><figcaption id=\"caption-attachment-30864739\" class=\"wp-caption-text\">Ilustraci\u00f3n 3D de una mitocondria. Shutterstock \/ RAJ CREATIONZS<\/figcaption><\/figure>\n<p><a href=\"https:\/\/theconversation.com\/profiles\/guillermo-lopez-lluch-1122562\">Guillermo L\u00f3pez Lluch<\/a>, <em><a href=\"https:\/\/theconversation.com\/institutions\/universidad-pablo-de-olavide-1362\">Universidad Pablo de Olavide<\/a><\/em><\/p>\n<p>Nuestras c\u00e9lulas no tienen nada que envidiarle a las m\u00e1quinas m\u00e1s sofisticadas que haya construido el ser humano. Est\u00e1n divididas en compartimentos \u2013que llamamos org\u00e1nulos\u2013 que cumplen a rajatabla con las diferentes funciones que tienen asignadas: producir energ\u00eda, fabricar y modificar prote\u00ednas, digerir sustancias externas, transportar sustancias o controlar la expresi\u00f3n del genoma entre otras.<\/p>\n<p>En este reparto de tareas, las encargadas de producir la energ\u00eda son las mitocondrias. Que adem\u00e1s son esenciales para generar y modificar componentes celulares, regular la se\u00f1alizaci\u00f3n celular o <a href=\"https:\/\/link.springer.com\/article\/10.1007%2Fs10522-015-9585-9\">determinar la vida o la muerte de la propia c\u00e9lula<\/a>.<\/p>\n<p>Para entender hasta que punto son importantes basta saber que enfermedades como el s\u00edndrome metab\u00f3lico, la obesidad, la hipertensi\u00f3n, la diabetes tipo 2, las enfermedades cardiovasculares, el alzh\u00e9imer y p\u00e1rkinson est\u00e1n asociadas a la acumulaci\u00f3n de mitocondrias deficientes en pr\u00e1cticamente todas <a href=\"https:\/\/link.springer.com\/article\/10.1007%2Fs10522-018-9768-2\">las c\u00e9lulas, tejidos y \u00f3rganos<\/a>. Y lo mismo sucede con el envejecimiento.<\/p>\n<h3>Las mitocondrias del sistema inmune se da\u00f1an<\/h3>\n<p>El deterioro mitocondrial no deja indiferente al sistema inmune. Que, dicho sea de paso, es bastante complejo. A grandes rasgos podemos decir que consta de dos subsistemas interconectados: uno que act\u00faa de forma inmediata y otro que se adapta, que aprende y que necesita un periodo de aprendizaje para actuar.<\/p>\n<p>Al primero lo conocemos como sistema innato. Est\u00e1 formado por c\u00e9lulas como los macr\u00f3fagos, los neutr\u00f3filos o las c\u00e9lulas asesinas, adem\u00e1s del sistema del complemento y de prote\u00ednas como el interfer\u00f3n.<\/p>\n<p>Al segundo lo denominamos sistema adaptativo y est\u00e1 formado por linfocitos B, que producen anticuerpos, y linfocitos T. Estos \u00faltimos tienen sus propias patrullas: unas que coordinan la respuesta del sistema inmunitario (linfocitos T ayudantes o Th) y otras dedicadas a eliminar c\u00e9lulas infectadas por virus, tumorales o simplemente da\u00f1adas (linfocitos T citot\u00f3xicos o Tc).<\/p>\n<p>La presencia de mitocondrias da\u00f1adas afecta a casi todas estas c\u00e9lulas del sistema inmunitario y es un factor clave en su deficiente funcionamiento durante el envejecimiento (inmunosenescencia) y en la generaci\u00f3n y mantenimiento de un estado de inflamaci\u00f3n cr\u00f3nica conocido como <em>inflamm-aging<\/em>.<\/p>\n<figure class=\"align-center zoomable\"><a href=\"https:\/\/images.theconversation.com\/files\/388078\/original\/file-20210305-23-rubxn0.gif?ixlib=rb-1.1.0&amp;q=45&amp;auto=format&amp;w=1000&amp;fit=clip\"><img decoding=\"async\" src=\"https:\/\/images.theconversation.com\/files\/388078\/original\/file-20210305-23-rubxn0.gif?ixlib=rb-1.1.0&amp;q=45&amp;auto=format&amp;w=754&amp;fit=clip\" sizes=\"(min-width: 1466px) 754px, (max-width: 599px) 100vw, (min-width: 600px) 600px, 237px\" srcset=\"https:\/\/images.theconversation.com\/files\/388078\/original\/file-20210305-23-rubxn0.gif?ixlib=rb-1.1.0&amp;q=45&amp;auto=format&amp;w=600&amp;h=340&amp;fit=crop&amp;dpr=1 600w, https:\/\/images.theconversation.com\/files\/388078\/original\/file-20210305-23-rubxn0.gif?ixlib=rb-1.1.0&amp;q=30&amp;auto=format&amp;w=600&amp;h=340&amp;fit=crop&amp;dpr=2 1200w, https:\/\/images.theconversation.com\/files\/388078\/original\/file-20210305-23-rubxn0.gif?ixlib=rb-1.1.0&amp;q=15&amp;auto=format&amp;w=600&amp;h=340&amp;fit=crop&amp;dpr=3 1800w, https:\/\/images.theconversation.com\/files\/388078\/original\/file-20210305-23-rubxn0.gif?ixlib=rb-1.1.0&amp;q=45&amp;auto=format&amp;w=754&amp;h=428&amp;fit=crop&amp;dpr=1 754w, https:\/\/images.theconversation.com\/files\/388078\/original\/file-20210305-23-rubxn0.gif?ixlib=rb-1.1.0&amp;q=30&amp;auto=format&amp;w=754&amp;h=428&amp;fit=crop&amp;dpr=2 1508w, https:\/\/images.theconversation.com\/files\/388078\/original\/file-20210305-23-rubxn0.gif?ixlib=rb-1.1.0&amp;q=15&amp;auto=format&amp;w=754&amp;h=428&amp;fit=crop&amp;dpr=3 2262w\" alt=\"\" \/><\/a><figcaption><span class=\"caption\">Imagen obtenida con microscopio confocal sobre c\u00e9lulas HeLa donde las mitocondrias se han marcado con anticuerpo fluorescente rojo | <\/span><span class=\"attribution\"><span class=\"source\">Guillermo L\u00f3pez Lluch<\/span><\/span><\/figcaption><\/figure>\n<h3>\u00bfAfectan las mitocondrias a la respuesta frente a virus?<\/h3>\n<p>Para responder a esta pregunta hay que empezar por entender que, cuando los macr\u00f3fagos detectan virus, producen y liberan una serie de prote\u00ednas conocidas como citoquinas capaces de generar una respuesta inflamatoria. En enfermedades como la obesidad o la diabetes o en el envejecimiento, las mitocondrias deficientes mantienen a los macr\u00f3fagos en un estado preactivado dando lugar a un <a href=\"https:\/\/www.frontiersin.org\/articles\/10.3389\/fendo.2020.568305\/full\">estado inflamatorio cr\u00f3nico<\/a>.<\/p>\n<p>\u00bfY qu\u00e9 ocurre ante un ataque viral? Pues que los macr\u00f3fagos lanzan una respuesta inflamatoria m\u00e1s agresiva de lo normal conocida como tormenta de citoquinas. Esta tormenta se considera un factor de gravedad en la COVID-19 que <a href=\"https:\/\/theconversation.com\/tormenta-de-citoquinas-el-lado-oscuro-de-la-inflamacion-en-la-covid-19-152831\">puede generar un fallo multiorg\u00e1nico, incluso la muerte<\/a>. Es m\u00e1s, se sospecha que es la causa de las m\u00faltiples secuelas que provoca esta enfermedad, sobre todo de las que afectan al sistema circulatorio y al cerebro.<\/p>\n<p>Por otro lado, los macr\u00f3fagos y las c\u00e9lulas infectadas por el virus fabrican tambi\u00e9n interfer\u00f3n. Esta mol\u00e9cula cumple una doble funci\u00f3n. De un lado, hace que las c\u00e9lulas vecinas reduzcan su actividad para que no se puedan fabricar nuevas part\u00edculas v\u00edricas a partir de ellas. Simult\u00e1neamente, el interfer\u00f3n alerta a los linfocitos T y a los linfocitos B (productores de anticuerpos) <a href=\"https:\/\/theconversation.com\/son-los-interferones-el-nuevo-tratamiento-contra-covid-19-no-tan-rapido-137654\">para que inicien el contraataque<\/a>.<\/p>\n<p>\u00bfY qu\u00e9 tiene que ver todo esto con las mitocondrias? Resulta que la producci\u00f3n de interfer\u00f3n depende de una serie de se\u00f1ales dentro de las c\u00e9lulas en las que las mitocondrias est\u00e1n muy implicadas. Si las mitocondrias est\u00e1n da\u00f1adas, <a href=\"https:\/\/linkinghub.elsevier.com\/retrieve\/pii\/S1931-5244(18)30115-4\">estas se\u00f1ales no se producen y la liberaci\u00f3n de interfer\u00f3n se reduce <\/a>. Eso permite al virus replicarse m\u00e1s activamente.<\/p>\n<p>Se sospecha que si los pacientes m\u00e1s graves de COVID-19 presentan bajos niveles de interfer\u00f3n es debido a la deficiencia mitocondrial y a la actividad bloqueante del virus. Adem\u00e1s, los linfocitos tambi\u00e9n necesitan mitocondrias sanas para cumplir con <a href=\"https:\/\/www.sciencedirect.com\/science\/article\/pii\/S0925443920301927?via%3Dihub\">su funci\u00f3n de manera r\u00e1pida y eficiente<\/a>.<\/p>\n<p>De lo anterior se deduce que la respuesta inmunitaria frente a infecciones v\u00edricas, ya sea el SARS-CoV-2 o el virus de la gripe, requiere de unas c\u00e9lulas del sistema inmunitario con mitocondrias sanas. Mantener nuestras mitocondrias sanas con una dieta equilibrada y rica en vegetales, como la dieta mediterr\u00e1nea, y manteniendo actividad f\u00edsica continua y moderada, es esencial para defendernos frente a virus y pat\u00f3genos en general de manera r\u00e1pida, contundente y eficaz.<!-- Below is The Conversation's page counter tag. Please DO NOT REMOVE. --><img loading=\"lazy\" decoding=\"async\" style=\"border: none !important; box-shadow: none !important; margin: 0 !important; max-height: 1px !important; max-width: 1px !important; min-height: 1px !important; min-width: 1px !important; opacity: 0 !important; outline: none !important; padding: 0 !important; text-shadow: none !important;\" src=\"https:\/\/counter.theconversation.com\/content\/156150\/count.gif?distributor=republish-lightbox-basic\" alt=\"The Conversation\" width=\"1\" height=\"1\" \/><!-- Fin del c\u00f3digo. Si no ve ning\u00fan c\u00f3digo arriba, por favor, obtenga el nuevo c\u00f3digo de la pesta\u00f1a Avanzado despu\u00e9s de hacer clic en el bot\u00f3n de republicar. El contador de p\u00e1ginas no recoge ning\u00fan dato personal. M\u00e1s informaci\u00f3n: http:\/\/theconversation.com\/es\/republishing-guidelines --><\/p>\n<p><a href=\"https:\/\/theconversation.com\/profiles\/guillermo-lopez-lluch-1122562\">Guillermo L\u00f3pez Lluch<\/a>, Catedr\u00e1tico del \u00e1rea de Biolog\u00eda Celular. Investigador asociado del Centro Andaluz de Biolog\u00eda del Desarrollo. Investigador en metabolismo, envejecimiento y sistemas inmunol\u00f3gicos y antioxidantes., <em><a href=\"https:\/\/theconversation.com\/institutions\/universidad-pablo-de-olavide-1362\">Universidad Pablo de Olavide<\/a><\/em><\/p>\n<p>Este art\u00edculo fue publicado originalmente en <a href=\"https:\/\/theconversation.com\">The Conversation<\/a>. Lea el <a href=\"https:\/\/theconversation.com\/la-mayor-o-menor-gravedad-de-covid-19-depende-de-unas-mitocondrias-sanas-156150\">original<\/a>.<\/p>\n<p><img loading=\"lazy\" decoding=\"async\" style=\"border: none !important; box-shadow: none !important; margin: 0 !important; max-height: 1px !important; max-width: 1px !important; min-height: 1px !important; min-width: 1px !important; opacity: 0 !important; outline: none !important; padding: 0 !important; text-shadow: none !important;\" src=\"https:\/\/counter.theconversation.com\/content\/156150\/count.gif?distributor=republish-lightbox-advanced\" alt=\"The Conversation\" width=\"1\" height=\"1\" \/><\/p>\n","protected":false},"excerpt":{"rendered":"<p>Guillermo L\u00f3pez Lluch, Universidad Pablo de Olavide Nuestras c\u00e9lulas no tienen nada que envidiarle a las m\u00e1quinas m\u00e1s sofisticadas que haya construido el ser humano. Est\u00e1n divididas en compartimentos \u2013que llamamos org\u00e1nulos\u2013 que cumplen a rajatabla con las diferentes funciones que tienen asignadas: producir energ\u00eda, fabricar y modificar prote\u00ednas, digerir sustancias externas, transportar sustancias o controlar la expresi\u00f3n del genoma<a class=\"read-more\" href=\"https:\/\/www.upo.es\/diario\/theconversation\/2021\/03\/la-mayor-o-menor-gravedad-de-covid-19-depende-de-unas-mitocondrias-sanas\/\">[Read More&#8230;]<\/a><\/p>\n","protected":false},"author":6,"featured_media":30864739,"comment_status":"closed","ping_status":"open","sticky":false,"template":"","format":"standard","meta":{"_monsterinsights_skip_tracking":false,"_monsterinsights_sitenote_active":false,"_monsterinsights_sitenote_note":"","_monsterinsights_sitenote_category":0,"footnotes":""},"categories":[5390],"tags":[4996,6601,7041,1271],"class_list":["post-30864738","post","type-post","status-publish","format-standard","has-post-thumbnail","hentry","category-theconversation","tag-biologia-celular","tag-covid-19","tag-pandemia","tag-salud-publica"],"_links":{"self":[{"href":"https:\/\/www.upo.es\/diario\/wp-json\/wp\/v2\/posts\/30864738","targetHints":{"allow":["GET"]}}],"collection":[{"href":"https:\/\/www.upo.es\/diario\/wp-json\/wp\/v2\/posts"}],"about":[{"href":"https:\/\/www.upo.es\/diario\/wp-json\/wp\/v2\/types\/post"}],"author":[{"embeddable":true,"href":"https:\/\/www.upo.es\/diario\/wp-json\/wp\/v2\/users\/6"}],"replies":[{"embeddable":true,"href":"https:\/\/www.upo.es\/diario\/wp-json\/wp\/v2\/comments?post=30864738"}],"version-history":[{"count":2,"href":"https:\/\/www.upo.es\/diario\/wp-json\/wp\/v2\/posts\/30864738\/revisions"}],"predecessor-version":[{"id":30864741,"href":"https:\/\/www.upo.es\/diario\/wp-json\/wp\/v2\/posts\/30864738\/revisions\/30864741"}],"wp:featuredmedia":[{"embeddable":true,"href":"https:\/\/www.upo.es\/diario\/wp-json\/wp\/v2\/media\/30864739"}],"wp:attachment":[{"href":"https:\/\/www.upo.es\/diario\/wp-json\/wp\/v2\/media?parent=30864738"}],"wp:term":[{"taxonomy":"category","embeddable":true,"href":"https:\/\/www.upo.es\/diario\/wp-json\/wp\/v2\/categories?post=30864738"},{"taxonomy":"post_tag","embeddable":true,"href":"https:\/\/www.upo.es\/diario\/wp-json\/wp\/v2\/tags?post=30864738"}],"curies":[{"name":"wp","href":"https:\/\/api.w.org\/{rel}","templated":true}]}}