{"id":30864786,"date":"2021-03-17T16:44:12","date_gmt":"2021-03-17T15:44:12","guid":{"rendered":"https:\/\/www.upo.es\/diario\/?p=30864786"},"modified":"2021-03-17T16:47:13","modified_gmt":"2021-03-17T15:47:13","slug":"i-foro-metropolitano-de-sevilla","status":"publish","type":"post","link":"https:\/\/www.upo.es\/diario\/video\/2021\/03\/i-foro-metropolitano-de-sevilla\/","title":{"rendered":"Primer Foro Metropolitano de Sevilla"},"content":{"rendered":"<p><iframe loading=\"lazy\" src=\"https:\/\/www.youtube.com\/embed\/WtRtShDVp_E?start=3530\" width=\"720\" height=\"420\" frameborder=\"0\" allowfullscreen=\"allowfullscreen\"><span data-mce-type=\"bookmark\" style=\"display: inline-block; width: 0px; overflow: hidden; line-height: 0;\" class=\"mce_SELRES_start\">\ufeff<\/span><\/iframe><\/p>\n<p>El Ayuntamiento, a trav\u00e9s del <strong>Plan Estrat\u00e9gico Sevilla 2030<\/strong>, y la Universidad Pablo de Olavide a trav\u00e9s del <strong>proyecto MetropoliAnd_,<\/strong> organizan el primer foro metropolitano de Sevilla como nuevo espacio de encuentro, debate y colaboraci\u00f3n entre instituciones y sociedad civil.<\/p>\n","protected":false},"excerpt":{"rendered":"<p>El Ayuntamiento, a trav\u00e9s del Plan Estrat\u00e9gico Sevilla 2030, y la Universidad Pablo de Olavide a trav\u00e9s del proyecto MetropoliAnd_, organizan el primer foro metropolitano de Sevilla como nuevo espacio de encuentro, debate y colaboraci\u00f3n entre instituciones y sociedad civil.<\/p>\n","protected":false},"author":6,"featured_media":30864764,"comment_status":"closed","ping_status":"open","sticky":false,"template":"","format":"video","meta":{"_monsterinsights_skip_tracking":false,"_monsterinsights_sitenote_active":false,"_monsterinsights_sitenote_note":"","_monsterinsights_sitenote_category":0,"footnotes":""},"categories":[6038],"tags":[621,1436],"class_list":["post-30864786","post","type-post","status-publish","format-video","has-post-thumbnail","hentry","category-video","tag-ayuntamiento-de-sevilla","tag-foro","post_format-post-format-video"],"_links":{"self":[{"href":"https:\/\/www.upo.es\/diario\/wp-json\/wp\/v2\/posts\/30864786","targetHints":{"allow":["GET"]}}],"collection":[{"href":"https:\/\/www.upo.es\/diario\/wp-json\/wp\/v2\/posts"}],"about":[{"href":"https:\/\/www.upo.es\/diario\/wp-json\/wp\/v2\/types\/post"}],"author":[{"embeddable":true,"href":"https:\/\/www.upo.es\/diario\/wp-json\/wp\/v2\/users\/6"}],"replies":[{"embeddable":true,"href":"https:\/\/www.upo.es\/diario\/wp-json\/wp\/v2\/comments?post=30864786"}],"version-history":[{"count":4,"href":"https:\/\/www.upo.es\/diario\/wp-json\/wp\/v2\/posts\/30864786\/revisions"}],"predecessor-version":[{"id":30864790,"href":"https:\/\/www.upo.es\/diario\/wp-json\/wp\/v2\/posts\/30864786\/revisions\/30864790"}],"wp:featuredmedia":[{"embeddable":true,"href":"https:\/\/www.upo.es\/diario\/wp-json\/wp\/v2\/media\/30864764"}],"wp:attachment":[{"href":"https:\/\/www.upo.es\/diario\/wp-json\/wp\/v2\/media?parent=30864786"}],"wp:term":[{"taxonomy":"category","embeddable":true,"href":"https:\/\/www.upo.es\/diario\/wp-json\/wp\/v2\/categories?post=30864786"},{"taxonomy":"post_tag","embeddable":true,"href":"https:\/\/www.upo.es\/diario\/wp-json\/wp\/v2\/tags?post=30864786"}],"curies":[{"name":"wp","href":"https:\/\/api.w.org\/{rel}","templated":true}]}}