{"id":30864814,"date":"2021-03-18T12:36:35","date_gmt":"2021-03-18T11:36:35","guid":{"rendered":"https:\/\/www.upo.es\/diario\/?p=30864814"},"modified":"2021-03-18T12:36:35","modified_gmt":"2021-03-18T11:36:35","slug":"la-universidad-pablo-de-olavide-celebra-el-proximo-lunes-un-encuentro-online-sobre-voluntariado-en-europa","status":"publish","type":"post","link":"https:\/\/www.upo.es\/diario\/cultura-social\/2021\/03\/la-universidad-pablo-de-olavide-celebra-el-proximo-lunes-un-encuentro-online-sobre-voluntariado-en-europa\/","title":{"rendered":"La Universidad Pablo de Olavide celebra el pr\u00f3ximo lunes un encuentro online sobre voluntariado en Europa"},"content":{"rendered":"<p><a href=\"https:\/\/www.upo.es\/diario\/wp-content\/uploads\/2021\/03\/ENCUENTRO-ONLINE-VOLUNTARIADO_20210322.jpg\"><img loading=\"lazy\" decoding=\"async\" class=\"aligncenter size-large wp-image-30864816\" src=\"https:\/\/www.upo.es\/diario\/wp-content\/uploads\/2021\/03\/ENCUENTRO-ONLINE-VOLUNTARIADO_20210322-750x422.jpg\" alt=\"encuentro online sobre voluntariado en Europa\" width=\"750\" height=\"422\" srcset=\"https:\/\/www.upo.es\/diario\/wp-content\/uploads\/2021\/03\/ENCUENTRO-ONLINE-VOLUNTARIADO_20210322-750x422.jpg 750w, https:\/\/www.upo.es\/diario\/wp-content\/uploads\/2021\/03\/ENCUENTRO-ONLINE-VOLUNTARIADO_20210322-360x203.jpg 360w, https:\/\/www.upo.es\/diario\/wp-content\/uploads\/2021\/03\/ENCUENTRO-ONLINE-VOLUNTARIADO_20210322-768x432.jpg 768w, https:\/\/www.upo.es\/diario\/wp-content\/uploads\/2021\/03\/ENCUENTRO-ONLINE-VOLUNTARIADO_20210322-600x338.jpg 600w, https:\/\/www.upo.es\/diario\/wp-content\/uploads\/2021\/03\/ENCUENTRO-ONLINE-VOLUNTARIADO_20210322-1536x864.jpg 1536w, https:\/\/www.upo.es\/diario\/wp-content\/uploads\/2021\/03\/ENCUENTRO-ONLINE-VOLUNTARIADO_20210322-1320x743.jpg 1320w, https:\/\/www.upo.es\/diario\/wp-content\/uploads\/2021\/03\/ENCUENTRO-ONLINE-VOLUNTARIADO_20210322.jpg 2000w\" sizes=\"auto, (max-width: 750px) 100vw, 750px\" \/><\/a>El Vicerrectorado de Cultura y Pol\u00edticas Sociales a trav\u00e9s de la <strong>Oficina de Voluntariado y Solidaridad<\/strong> celebra el pr\u00f3ximo lunes <strong>22 de marzo<\/strong> un encuentro <em>online<\/em> para informar a todas las personas interesadas en realizar un voluntariado a trav\u00e9s del Cuerpo Europeo de Solidaridad. El encuentro se llevar\u00e1 a cabo <strong>desde la plataforma Blackboard Collaborate en horario de 12:00 a 13:00 horas<\/strong>.<\/p>\n<p>El <strong>Cuerpo Europeo de Solidaridad<\/strong> es un programa de voluntariado, dirigido a j\u00f3venes de entre 18 y 30 a\u00f1os, que tiene como objetivo fomentar la solidaridad en la sociedad europea, involucrando a j\u00f3venes y a las organizaciones en actividades de solidaridad accesibles y de alta calidad en otro pa\u00eds. La Comisi\u00f3n Europea financia los costes de viaje, alojamiento, comida, formaci\u00f3n y seguro m\u00e9dico de este programada que en Andaluc\u00eda se gestiona a trav\u00e9s del Instituto Andaluz de la Juventud.<\/p>\n<p>La <strong>Oficina de Voluntariado y Solidaridad<\/strong> informar\u00e1 durante el encuentro de los pasos a seguir para inscribirse en este programa de voluntariado, as\u00ed como las diferentes modalidades, destinos y experiencias de voluntarios y voluntarias. Todos los interesados pueden inscribirse a trav\u00e9s del siguiente enlace:<\/p>\n<p><a href=\"https:\/\/www.upo.es\/upsc\/voluntariado\/voluntariado-internacional\/inscripcion-voluntariado-europeo\/index.html\">https:\/\/www.upo.es\/upsc\/voluntariado\/voluntariado-internacional\/inscripcion-voluntariado-europeo\/index.html<\/a>.<\/p>\n<p>Para m\u00e1s informaci\u00f3n: <a href=\"mailto:voluntariado@upo.es\">voluntariado@upo.es<\/a>.<\/p>\n<p>Enlace del encuentro: <strong><a href=\"https:\/\/eu.bbcollab.com\/guest\/8558ef24f4824478bb3d8eeb0e4975e7\">https:\/\/eu.bbcollab.com\/guest\/8558ef24f4824478bb3d8eeb0e4975e7<\/a><\/strong><\/p>\n","protected":false},"excerpt":{"rendered":"<p>El Vicerrectorado de Cultura y Pol\u00edticas Sociales a trav\u00e9s de la Oficina de Voluntariado y Solidaridad celebra el pr\u00f3ximo lunes 22 de marzo un encuentro online para informar a todas las personas interesadas en realizar un voluntariado a trav\u00e9s del Cuerpo Europeo de Solidaridad. El encuentro se llevar\u00e1 a cabo desde la plataforma Blackboard Collaborate en horario de 12:00 a 13:00 horas.<\/p>\n","protected":false},"author":6,"featured_media":30864816,"comment_status":"closed","ping_status":"open","sticky":false,"template":"","format":"standard","meta":{"_monsterinsights_skip_tracking":false,"_monsterinsights_sitenote_active":false,"_monsterinsights_sitenote_note":"","_monsterinsights_sitenote_category":0,"footnotes":""},"categories":[5843],"tags":[446,1168,86,6926],"class_list":["post-30864814","post","type-post","status-publish","format-standard","has-post-thumbnail","hentry","category-cultura-social","tag-internacional","tag-oficina-de-voluntariado-y-solidaridad","tag-voluntariado","tag-voluntariado-europeo"],"_links":{"self":[{"href":"https:\/\/www.upo.es\/diario\/wp-json\/wp\/v2\/posts\/30864814","targetHints":{"allow":["GET"]}}],"collection":[{"href":"https:\/\/www.upo.es\/diario\/wp-json\/wp\/v2\/posts"}],"about":[{"href":"https:\/\/www.upo.es\/diario\/wp-json\/wp\/v2\/types\/post"}],"author":[{"embeddable":true,"href":"https:\/\/www.upo.es\/diario\/wp-json\/wp\/v2\/users\/6"}],"replies":[{"embeddable":true,"href":"https:\/\/www.upo.es\/diario\/wp-json\/wp\/v2\/comments?post=30864814"}],"version-history":[{"count":2,"href":"https:\/\/www.upo.es\/diario\/wp-json\/wp\/v2\/posts\/30864814\/revisions"}],"predecessor-version":[{"id":30864817,"href":"https:\/\/www.upo.es\/diario\/wp-json\/wp\/v2\/posts\/30864814\/revisions\/30864817"}],"wp:featuredmedia":[{"embeddable":true,"href":"https:\/\/www.upo.es\/diario\/wp-json\/wp\/v2\/media\/30864816"}],"wp:attachment":[{"href":"https:\/\/www.upo.es\/diario\/wp-json\/wp\/v2\/media?parent=30864814"}],"wp:term":[{"taxonomy":"category","embeddable":true,"href":"https:\/\/www.upo.es\/diario\/wp-json\/wp\/v2\/categories?post=30864814"},{"taxonomy":"post_tag","embeddable":true,"href":"https:\/\/www.upo.es\/diario\/wp-json\/wp\/v2\/tags?post=30864814"}],"curies":[{"name":"wp","href":"https:\/\/api.w.org\/{rel}","templated":true}]}}