{"id":30864818,"date":"2021-03-18T14:06:58","date_gmt":"2021-03-18T13:06:58","guid":{"rendered":"https:\/\/www.upo.es\/diario\/?p=30864818"},"modified":"2021-03-19T17:58:53","modified_gmt":"2021-03-19T16:58:53","slug":"presentado-el-quinto-numero-de-la-pluma-violeta-revista-de-estudios-de-genero-editada-por-estudiantes-de-la-upo","status":"publish","type":"post","link":"https:\/\/www.upo.es\/diario\/docencia-formacion\/2021\/03\/presentado-el-quinto-numero-de-la-pluma-violeta-revista-de-estudios-de-genero-editada-por-estudiantes-de-la-upo\/","title":{"rendered":"Presentado el quinto n\u00famero de \u2018La Pluma Violeta\u2019, revista de estudios de g\u00e9nero editada por estudiantes de la UPO"},"content":{"rendered":"<p><a href=\"https:\/\/www.upo.es\/cms2\/export\/sites\/facultades\/facultad-humanidades\/es\/calidad-estrategia-y-responsabilidad-social\/.galleries\/Documentos-COMPROMISO-CON-LA-IGUALDAD\/La-pluma-violeta-n5-numerada.pdf\"><img loading=\"lazy\" decoding=\"async\" class=\"alignright size-medium wp-image-30864821\" src=\"https:\/\/www.upo.es\/diario\/wp-content\/uploads\/2021\/03\/La-pluma-violeta-n5-portada-255x360.png\" alt=\"La Pluma Violeta\" width=\"255\" height=\"360\" srcset=\"https:\/\/www.upo.es\/diario\/wp-content\/uploads\/2021\/03\/La-pluma-violeta-n5-portada-255x360.png 255w, https:\/\/www.upo.es\/diario\/wp-content\/uploads\/2021\/03\/La-pluma-violeta-n5-portada-531x750.png 531w, https:\/\/www.upo.es\/diario\/wp-content\/uploads\/2021\/03\/La-pluma-violeta-n5-portada.png 595w\" sizes=\"auto, (max-width: 255px) 100vw, 255px\" \/><\/a>En la presentaci\u00f3n del <a href=\"https:\/\/www.upo.es\/cms2\/export\/sites\/facultades\/facultad-humanidades\/es\/calidad-estrategia-y-responsabilidad-social\/.galleries\/Documentos-COMPROMISO-CON-LA-IGUALDAD\/La-pluma-violeta-n5-numerada.pdf\"><strong>n\u00famero cinco de \u2018La Pluma Violeta\u2019<\/strong><\/a>, las editoras de la revista comentan que su intenci\u00f3n es mirar al pasado con \u2018visi\u00f3n violeta\u2019 pero, no como un filtro reductor, sino con el objetivo contrario, expandir y descubrir conocimiento que durante siglos o d\u00e9cadas qued\u00f3 oculto. Y siempre cuestion\u00e1ndolo todo, repensando el porqu\u00e9 de las creencias de hoy en d\u00eda y d\u00f3nde y cu\u00e1ndo tienen su origen. Con este fin, y <strong>bajo la direcci\u00f3n de la profesora Marian P\u00e9rez Bernal, el alumnado de la asignatura \u2018G\u00e9nero y Cr\u00edtica de las Ideolog\u00edas\u2019 present\u00f3 ayer tarde un nuevo n\u00famero de esta revista sobre estudios de g\u00e9nero<\/strong>, que en el curso 2020\/2021 lleva por lema \u2018Resilientes\u2019, en honor al esfuerzo realizado por todas las mujeres durante la pandemia.<\/p>\n<p>El quinto n\u00famero de \u2018La Pluma Violeta\u2019 <strong>contiene 67 art\u00edculos agrupados en cinco categor\u00edas tem\u00e1ticas<\/strong>. La primera est\u00e1 dedicada al papel de la mujer en la Historia y lleva por t\u00edtulo<strong> \u2018La imborrable huella de la mujer\u2019<\/strong>; en <strong>\u2018De musas a protagonistas: mujeres y artes\u2019<\/strong> encontramos art\u00edculos sobre obras literarias y art\u00edsticas del pasado y del presente; la tercera categor\u00eda,<strong> \u2018Visi\u00f3n violeta: la mujer en la gran pantalla\u2019<\/strong>, est\u00e1 dedicada al cine, la televisi\u00f3n y los videojuegos; <strong>\u2018Una sociedad desigual\u2019<\/strong> contiene reflexiones sobre el feminismo en la sociedad actual; por \u00faltimo, <strong>\u2018Un engranaje morado que no para de girar\u2019<\/strong> recoge puntos de vista sobre la situaci\u00f3n de las mujeres en diferentes pa\u00edses y los desaf\u00edos que enfrentan en sus sociedades.<\/p>\n<p><img loading=\"lazy\" decoding=\"async\" class=\"alignright size-medium wp-image-30864822\" src=\"https:\/\/www.upo.es\/diario\/wp-content\/uploads\/2021\/03\/La-pluma-violeta-n5-equipo-360x207.png\" alt=\"Editoras de La Pluma Violeta\" width=\"360\" height=\"207\" srcset=\"https:\/\/www.upo.es\/diario\/wp-content\/uploads\/2021\/03\/La-pluma-violeta-n5-equipo-360x207.png 360w, https:\/\/www.upo.es\/diario\/wp-content\/uploads\/2021\/03\/La-pluma-violeta-n5-equipo.png 568w\" sizes=\"auto, (max-width: 360px) 100vw, 360px\" \/>Editada por <strong>Ana L\u00f3pez P\u00e9rez, Carlos Silva Perea, Clara Mellado Pe\u00f1a, Macarena Ramos Ruiz y Marina Le\u00f3n Jim\u00e9nez<\/strong>, en \u2018La Pluma Violeta\u2019 el <strong>alumnado de la asignatura \u2018G\u00e9nero y cr\u00edtica de las ideolog\u00edas\u2019<\/strong> ha plasmado el resultado del debate sobre el pasado y la actualidad del feminismo durante el curso, aportando con su \u2018visi\u00f3n violeta\u2019 una perspectiva m\u00e1s consciente del papel de la mujer en la historia, la cultura y la sociedad.<\/p>\n<p>P\u00e9rez Bernal, Marian. Directora. L\u00f3pez P\u00e9rez, Ana; Silva Perea, Carlos Salvador; Mellado Pe\u00f1a, Clara; Ramos Ruiz, Macarena; Le\u00f3n Jim\u00e9nez, Marina. Editores. (Marzo de 2021). <strong><em>La Pluma Violeta<\/em>, n\u00fam. 5<\/strong>.<br \/>\n<a href=\"https:\/\/www.upo.es\/cms2\/export\/sites\/facultades\/facultad-humanidades\/es\/calidad-estrategia-y-responsabilidad-social\/.galleries\/Documentos-COMPROMISO-CON-LA-IGUALDAD\/La-pluma-violeta-n5-numerada.pdf\">https:\/\/www.upo.es\/cms2\/export\/sites\/facultades\/facultad-humanidades\/es\/calidad-estrategia-y-responsabilidad-social\/.galleries\/Documentos-COMPROMISO-CON-LA-IGUALDAD\/La-pluma-violeta-n5-numerada.pdf<\/a><\/p>\n<p>&nbsp;<\/p>\n","protected":false},"excerpt":{"rendered":"<p>Dedicada al esfuerzo realizado por las mujeres durante la crisis sanitaria, lleva por lema \u2018Resilientes\u2019 y est\u00e1 editada por el alumnado de la asignatura \u2018G\u00e9nero y cr\u00edtica de las ideolog\u00edas\u2019 de la Facultad de Humanidades.<\/p>\n","protected":false},"author":6,"featured_media":30864820,"comment_status":"closed","ping_status":"open","sticky":false,"template":"","format":"standard","meta":{"_monsterinsights_skip_tracking":false,"_monsterinsights_sitenote_active":false,"_monsterinsights_sitenote_note":"","_monsterinsights_sitenote_category":0,"footnotes":""},"categories":[2779],"tags":[21,96,890,336,517,406,405,4779],"class_list":["post-30864818","post","type-post","status-publish","format-standard","has-post-thumbnail","hentry","category-docencia-formacion","tag-estudiantes","tag-facultad-de-humanidades","tag-feminismo","tag-genero","tag-igualdad","tag-publicacion","tag-revista","tag-revista-la-pluma-violeta"],"_links":{"self":[{"href":"https:\/\/www.upo.es\/diario\/wp-json\/wp\/v2\/posts\/30864818","targetHints":{"allow":["GET"]}}],"collection":[{"href":"https:\/\/www.upo.es\/diario\/wp-json\/wp\/v2\/posts"}],"about":[{"href":"https:\/\/www.upo.es\/diario\/wp-json\/wp\/v2\/types\/post"}],"author":[{"embeddable":true,"href":"https:\/\/www.upo.es\/diario\/wp-json\/wp\/v2\/users\/6"}],"replies":[{"embeddable":true,"href":"https:\/\/www.upo.es\/diario\/wp-json\/wp\/v2\/comments?post=30864818"}],"version-history":[{"count":3,"href":"https:\/\/www.upo.es\/diario\/wp-json\/wp\/v2\/posts\/30864818\/revisions"}],"predecessor-version":[{"id":30864824,"href":"https:\/\/www.upo.es\/diario\/wp-json\/wp\/v2\/posts\/30864818\/revisions\/30864824"}],"wp:featuredmedia":[{"embeddable":true,"href":"https:\/\/www.upo.es\/diario\/wp-json\/wp\/v2\/media\/30864820"}],"wp:attachment":[{"href":"https:\/\/www.upo.es\/diario\/wp-json\/wp\/v2\/media?parent=30864818"}],"wp:term":[{"taxonomy":"category","embeddable":true,"href":"https:\/\/www.upo.es\/diario\/wp-json\/wp\/v2\/categories?post=30864818"},{"taxonomy":"post_tag","embeddable":true,"href":"https:\/\/www.upo.es\/diario\/wp-json\/wp\/v2\/tags?post=30864818"}],"curies":[{"name":"wp","href":"https:\/\/api.w.org\/{rel}","templated":true}]}}