{"id":30864838,"date":"2021-03-19T17:57:45","date_gmt":"2021-03-19T16:57:45","guid":{"rendered":"https:\/\/www.upo.es\/diario\/?p=30864838"},"modified":"2021-04-06T11:25:35","modified_gmt":"2021-04-06T09:25:35","slug":"la-upo-permite-retomar-la-semipresencialidad-en-las-ensenanzas-practicas-a-partir-del-5-de-abril","status":"publish","type":"post","link":"https:\/\/www.upo.es\/diario\/institucional\/2021\/03\/la-upo-permite-retomar-la-semipresencialidad-en-las-ensenanzas-practicas-a-partir-del-5-de-abril\/","title":{"rendered":"La UPO permite retomar la semipresencialidad en las ense\u00f1anzas pr\u00e1cticas a partir del 5 de abril"},"content":{"rendered":"<p><img loading=\"lazy\" decoding=\"async\" class=\"alignright size-medium wp-image-30861728\" src=\"https:\/\/www.upo.es\/diario\/wp-content\/uploads\/2020\/09\/Comienzo-clases-curso2020-21_2-360x240.jpg\" alt=\"\" width=\"360\" height=\"240\" srcset=\"https:\/\/www.upo.es\/diario\/wp-content\/uploads\/2020\/09\/Comienzo-clases-curso2020-21_2-360x240.jpg 360w, https:\/\/www.upo.es\/diario\/wp-content\/uploads\/2020\/09\/Comienzo-clases-curso2020-21_2-750x500.jpg 750w, https:\/\/www.upo.es\/diario\/wp-content\/uploads\/2020\/09\/Comienzo-clases-curso2020-21_2-768x512.jpg 768w, https:\/\/www.upo.es\/diario\/wp-content\/uploads\/2020\/09\/Comienzo-clases-curso2020-21_2-600x400.jpg 600w, https:\/\/www.upo.es\/diario\/wp-content\/uploads\/2020\/09\/Comienzo-clases-curso2020-21_2-1536x1024.jpg 1536w, https:\/\/www.upo.es\/diario\/wp-content\/uploads\/2020\/09\/Comienzo-clases-curso2020-21_2-2048x1365.jpg 2048w\" sizes=\"auto, (max-width: 360px) 100vw, 360px\" \/>La Universidad Pablo de Olavide ha decidido hoy viernes 19 de marzo <strong>retomar la semipresencialidad en las ense\u00f1anzas pr\u00e1cticas a partir del pr\u00f3ximo 5 de abril, tras las vacaciones de Semana Santa<\/strong>. La instituci\u00f3n, tal y como hab\u00eda previsto en el mes de diciembre, ha valorado las circunstancias actuales atendiendo a los principios de precauci\u00f3n, certidumbre, calidad de la docencia y solidaridad y ha organizado la actividad acad\u00e9mica hasta final de curso. La UPO toma esta decisi\u00f3n tras la<strong> consulta a la Comisi\u00f3n Covid,<\/strong> el \u00f3rgano de asesoramiento de la Universidad que cuenta entre sus miembros con dos expertos cient\u00edficos en salud p\u00fablica y epidemiolog\u00eda. \u00a0Ahora ser\u00e1n los centros quienes decidan e informen en los pr\u00f3ximos d\u00edas sobre la modalidad de ense\u00f1anza que seguir\u00e1n en este segundo semestre.<\/p>\n<p>As\u00ed,<strong> la decisi\u00f3n tomada hoy por la Universidad, a trav\u00e9s del Vicerrectorado de Estrategia y Planificaci\u00f3n Docente, da autonom\u00eda a los centros para que puedan volver a una modalidad presencial dual en las ense\u00f1anzas pr\u00e1cticas<\/strong> (hasta ahora solo pod\u00edan desarrollarse en el campus aquellas que no pod\u00edan impartirse de manera virtual).<\/p>\n<p>Las diferentes facultades especificar\u00e1n las clases pr\u00e1cticas que van a tener en modalidad presencial teniendo en cuenta las competencias que deben adquirir los estudiantes y la capacidad organizativa del propio centro, que de manera obligatoria evitar\u00e1 que el estudiante, mientras est\u00e9 en el campus, combine la modalidad <em>online <\/em>con la presencial. En este sentido,<strong> es prioridad de la instituci\u00f3n trabajar para evitar los espacios de encuentro en el campus fuera de las aulas<\/strong> por la relajaci\u00f3n que se da en los mismos y por las posibilidades de rastreo que permite, muchas menos que en las clases.<\/p>\n<p>\u201cLa vuelta va a ser ordenada y planificada- ha subrayado el vicerrector de Estrategia y Planificaci\u00f3n Acad\u00e9mica, Jos\u00e9 Antonio S\u00e1nchez Medina- somos un centro avanzado de conocimiento que tomamos decisiones muy meditadas\u201d.<\/p>\n<p><strong>En cuanto al sistema de evaluaci\u00f3n, la Universidad Pablo de Olavide seguir\u00e1 las mismas pautas que en el primer semestre y ser\u00e1n los equipos docentes quienes decidan si se realizar\u00e1n de forma <em>online<\/em> o presencial.<\/strong><\/p>\n<p>En M\u00e1ster y T\u00edtulos Propios ser\u00e1n las Comisiones Acad\u00e9micas quienes decidan atribuir la naturaleza pr\u00e1ctica a las distintas actividades, que se regular\u00e1n por el mismo r\u00e9gimen que los Grados.<\/p>\n<p>Por otra parte, las ceremonias de egresados estar\u00e1n prohibidas al menos hasta el mes de julio y el calendario acad\u00e9mico durante la semana de Feria continuar\u00e1 como no lectivo, tal y como estaba programado.<\/p>\n<h3><strong>Precauci\u00f3n, certidumbre, calidad de la docencia y solidaridad<\/strong><\/h3>\n<p>La decisi\u00f3n de la instituci\u00f3n ha operado sobre cuatro principios b\u00e1sicos: precauci\u00f3n, certidumbre, calidad de la docencia, y solidaridad. As\u00ed, <strong>preservar la salud p\u00fablica y la salud de las personas que forman parte de la comunidad universitaria <\/strong>ha sido el primer objetivo que se ha tenido en cuenta en el proceso de decisi\u00f3n sobre la organizaci\u00f3n de la actividad acad\u00e9mica. En segundo lugar, se ha buscado un grado de certidumbre que permitiese a los centros una organizaci\u00f3n a medio plazo. En tercer lugar, se ha tratado de impulsar en la medida de lo posible la presencialidad en las aulas para aumentar la calidad de la ense\u00f1anza. Y, por \u00faltimo, se han tomado tambi\u00e9n en consideraci\u00f3n las circunstancias personales de los miembros de la comunidad universitaria.<\/p>\n","protected":false},"excerpt":{"rendered":"<p>La Universidad Pablo de Olavide ha decidido hoy viernes 19 de marzo retomar la semipresencialidad en las ense\u00f1anzas pr\u00e1cticas a partir del pr\u00f3ximo 5 de abril, tras las vacaciones de Semana Santa. La instituci\u00f3n, tal y como hab\u00eda previsto en el mes de diciembre, ha valorado las circunstancias actuales atendiendo a los principios de precauci\u00f3n, certidumbre, calidad de la docencia y solidaridad y ha organizado la actividad acad\u00e9mica hasta final de curso.<\/p>\n","protected":false},"author":6,"featured_media":30861728,"comment_status":"closed","ping_status":"open","sticky":false,"template":"","format":"standard","meta":{"_monsterinsights_skip_tracking":false,"_monsterinsights_sitenote_active":false,"_monsterinsights_sitenote_note":"","_monsterinsights_sitenote_category":0,"footnotes":""},"categories":[6],"tags":[862,6601,6618,6755,857,65],"class_list":["post-30864838","post","type-post","status-publish","format-standard","has-post-thumbnail","hentry","category-institucional","tag-clases","tag-covid-19","tag-crisis-sanitaria","tag-curso-2020-2021","tag-facultades","tag-practicas"],"_links":{"self":[{"href":"https:\/\/www.upo.es\/diario\/wp-json\/wp\/v2\/posts\/30864838","targetHints":{"allow":["GET"]}}],"collection":[{"href":"https:\/\/www.upo.es\/diario\/wp-json\/wp\/v2\/posts"}],"about":[{"href":"https:\/\/www.upo.es\/diario\/wp-json\/wp\/v2\/types\/post"}],"author":[{"embeddable":true,"href":"https:\/\/www.upo.es\/diario\/wp-json\/wp\/v2\/users\/6"}],"replies":[{"embeddable":true,"href":"https:\/\/www.upo.es\/diario\/wp-json\/wp\/v2\/comments?post=30864838"}],"version-history":[{"count":1,"href":"https:\/\/www.upo.es\/diario\/wp-json\/wp\/v2\/posts\/30864838\/revisions"}],"predecessor-version":[{"id":30864839,"href":"https:\/\/www.upo.es\/diario\/wp-json\/wp\/v2\/posts\/30864838\/revisions\/30864839"}],"wp:featuredmedia":[{"embeddable":true,"href":"https:\/\/www.upo.es\/diario\/wp-json\/wp\/v2\/media\/30861728"}],"wp:attachment":[{"href":"https:\/\/www.upo.es\/diario\/wp-json\/wp\/v2\/media?parent=30864838"}],"wp:term":[{"taxonomy":"category","embeddable":true,"href":"https:\/\/www.upo.es\/diario\/wp-json\/wp\/v2\/categories?post=30864838"},{"taxonomy":"post_tag","embeddable":true,"href":"https:\/\/www.upo.es\/diario\/wp-json\/wp\/v2\/tags?post=30864838"}],"curies":[{"name":"wp","href":"https:\/\/api.w.org\/{rel}","templated":true}]}}