{"id":30864868,"date":"2021-03-23T17:04:49","date_gmt":"2021-03-23T16:04:49","guid":{"rendered":"https:\/\/www.upo.es\/diario\/?p=30864868"},"modified":"2021-04-06T11:25:31","modified_gmt":"2021-04-06T09:25:31","slug":"avances-geneticos-historia-humana-area-istmo-colombiana","status":"publish","type":"post","link":"https:\/\/www.upo.es\/diario\/ciencia\/2021\/03\/avances-geneticos-historia-humana-area-istmo-colombiana\/","title":{"rendered":"Avances gen\u00e9ticos iluminan la historia humana del \u00e1rea Istmo-Colombiana durante los \u00faltimos diez mil a\u00f1os"},"content":{"rendered":"<figure id=\"attachment_30864869\" aria-describedby=\"caption-attachment-30864869\" style=\"width: 479px\" class=\"wp-caption alignright\"><img loading=\"lazy\" decoding=\"async\" class=\"size-full wp-image-30864869\" src=\"https:\/\/www.upo.es\/diario\/wp-content\/uploads\/2021\/03\/Achilli_Knipper-PatronatoPanamaViejo.jpg\" alt=\"Corina Knipper (CEZA) y Alesssandro Achilli (Pav\u00eda) trabajan con restos de individuos de los periodos pre-hisp\u00e1nicos y colonial temprano conservados en el Patronato Panam\u00e1 Viejo\" width=\"479\" height=\"282\" srcset=\"https:\/\/www.upo.es\/diario\/wp-content\/uploads\/2021\/03\/Achilli_Knipper-PatronatoPanamaViejo.jpg 479w, https:\/\/www.upo.es\/diario\/wp-content\/uploads\/2021\/03\/Achilli_Knipper-PatronatoPanamaViejo-360x212.jpg 360w\" sizes=\"auto, (max-width: 479px) 100vw, 479px\" \/><figcaption id=\"caption-attachment-30864869\" class=\"wp-caption-text\">Corina Knipper\u00a0 y Alesssandro Achilli trabajan con restos de individuos de los periodos pre-hisp\u00e1nicos y colonial temprano conservados en el Patronato Panam\u00e1 Viejo<\/figcaption><\/figure>\n<p>Un grupo de investigaci\u00f3n interdisciplinar, dirigido desde las Universidades de Pav\u00eda y Pablo de Olavide (Sevilla), describe complejos enterramientos prehisp\u00e1nicos excavados en Ciudad de Panam\u00e1 y pone de relieve la <strong>particularidad gen\u00f3mica del \u00e1rea Istmo-Colombiana, bas\u00e1ndose en el an\u00e1lisis del ADN de habitantes del istmo de Panam\u00e1, tanto pasados como actuales<\/strong>. La investigaci\u00f3n ha revelado, adem\u00e1s, un <strong>componente gen\u00e9tico entre la poblaci\u00f3n ind\u00edgena de las Am\u00e9ricas no descrita hasta ahora<\/strong>, exclusiva de esta regi\u00f3n y observable en los antiguos habitantes prehisp\u00e1nicos, as\u00ed como entre miembros de las actuales comunidades Ind\u00edgenas, Afro-descendentes e Hispano-Ind\u00edgenas.<\/p>\n<p>El estudio, titulado<strong> \u2018Archaeogenomic distinctiveness of the Isthmo-Colombian area\u2019<\/strong>, sobre las particularidades arqueogen\u00e9ticas del \u00e1rea Istmo-Colombiana, se ha publicado en l\u00ednea hoy martes 23 de marzo, en <em>Cell<\/em>, una de las revistas de mayor impacto en ciencias de la vida. Se basa en un esfuerzo colaborativo internacional realizado por antrop\u00f3logos, arque\u00f3logos, historiadores y genetistas de Panam\u00e1, Colombia, Estados Unidos, Reino Unido, Alemania, Estonia, Espa\u00f1a e Italia, liderados por los genetistas <strong>Alessandro Achilli<\/strong> y <strong>Marco Rosario Capodiferro<\/strong> en la Universidad de Pav\u00eda y la historiadora <strong>Bethany Aram<\/strong> en la Universidad Pablo de Olavide. <strong>El trabajo supone un esfuerzo sin precedentes para reconstruir la historia demogr\u00e1fica de la regi\u00f3n \u00edstmica a lo largo de los \u00faltimos diez mil a\u00f1os mediante el uso del ADN como principal herramienta. <\/strong><\/p>\n<p>Aunque el ambiente tropical y la proximidad al oc\u00e9ano de los terrenos de excavaci\u00f3n pon\u00edan en riesgo la preservaci\u00f3n del ADN antiguo, los investigadores emplearon con \u00e9xito las t\u00e9cnicas m\u00e1s avanzadas para extraer y analizar <strong>los primeros genomas fiables de los habitantes \u00edstmicos ancestrales junto con los datos del genoma completo de los paname\u00f1os contempor\u00e1neos.<\/strong> Sus descubrimientos se basan en el ADN procedente de muestras \u00f3seas extra\u00eddas de diez individuos prehisp\u00e1nicos y dos de principios del per\u00edodo colonial enterrados en Ciudad de Panam\u00e1 (concretamente, en Coco del Mar y Panam\u00e1 Viejo) y en las muestras de ADN donadas para esta investigaci\u00f3n por 84 habitantes de varias regiones paname\u00f1as en 2016.<\/p>\n<figure id=\"attachment_30864871\" aria-describedby=\"caption-attachment-30864871\" style=\"width: 360px\" class=\"wp-caption alignright\"><a href=\"https:\/\/www.upo.es\/diario\/wp-content\/uploads\/2021\/03\/GraphicalAbstract.jpg\"><img loading=\"lazy\" decoding=\"async\" class=\"size-medium wp-image-30864871\" src=\"https:\/\/www.upo.es\/diario\/wp-content\/uploads\/2021\/03\/GraphicalAbstract-360x360.jpg\" alt=\"Gr\u00e1fico que resume los hallazgos principales del trabajo a escala continental. Se representan las ascendencias y los eventos de mezcla gen\u00e9tica que formaron la distinci\u00f3n arqueogen\u00f3mica del \u00e1rea istmo-colombiana. \" width=\"360\" height=\"360\" srcset=\"https:\/\/www.upo.es\/diario\/wp-content\/uploads\/2021\/03\/GraphicalAbstract-360x360.jpg 360w, https:\/\/www.upo.es\/diario\/wp-content\/uploads\/2021\/03\/GraphicalAbstract-750x750.jpg 750w, https:\/\/www.upo.es\/diario\/wp-content\/uploads\/2021\/03\/GraphicalAbstract-150x150.jpg 150w, https:\/\/www.upo.es\/diario\/wp-content\/uploads\/2021\/03\/GraphicalAbstract-768x768.jpg 768w, https:\/\/www.upo.es\/diario\/wp-content\/uploads\/2021\/03\/GraphicalAbstract-600x600.jpg 600w, https:\/\/www.upo.es\/diario\/wp-content\/uploads\/2021\/03\/GraphicalAbstract.jpg 1125w\" sizes=\"auto, (max-width: 360px) 100vw, 360px\" \/><\/a><figcaption id=\"caption-attachment-30864871\" class=\"wp-caption-text\">Hallazgos principales del trabajo a escala continental: ascendencias y eventos de mezcla gen\u00e9tica que formaron la distinci\u00f3n arqueogen\u00f3mica del \u00e1rea istmo-colombiana.<\/figcaption><\/figure>\n<p>El Dr. Marco Capodiferro describe la variaci\u00f3n gen\u00e9tica en el istmo: \u201c<strong>La investigaci\u00f3n ha identificado una estructura gen\u00f3mica claramente diferenciada en Panam\u00e1<\/strong>, que solapa en gran parte la de los pueblos ind\u00edgenas analizados en este estudio, as\u00ed como la de los individuos prehisp\u00e1nicos muestreados\u201d. Esto implica que <strong>cada grupo tiene su propia historia gen\u00e9tica<\/strong>. Sin embargo, estos pueblos muestran tambi\u00e9n un parentesco com\u00fan a lo largo de miles de a\u00f1os, especialmente en la regi\u00f3n caribe\u00f1a fronteriza entre el oeste de Panam\u00e1 y el sudeste de Costa Rica (el Bribri, el Cab\u00e9car, el Naso Dj\u00ebrd y el Ng\u00e4be). Por otro lado, se identificaron menos similitudes gen\u00e9ticas entre los pueblos ind\u00edgenas localizados al este de Panam\u00e1 (el Guna y el Ember\u00e1), y entre el Ember\u00e1 y los paname\u00f1os prehisp\u00e1nicos que viv\u00edan en los alrededores de Panam\u00e1 Viejo antes del contacto con los europeos. \u201cCon respecto a la conexi\u00f3n con las culturas prehisp\u00e1nicas locales\u2014a\u00f1ade Capodiferro\u2014<strong>estos macrogrupos reflejan algunas de las zonas culturales precoloniales<\/strong> anteriormente identificadas, concretamente en el oeste del istmo, muy similar a la regi\u00f3n cultural de la Gran Chiriqu\u00ed, mientras que la coherencia de una regi\u00f3n en el este, normalmente conocida como \u2018el Gran Dari\u00e9n\u2019 es menos evidente\u201d, explica Marco Capodiferro.<\/p>\n<p>El impacto de esta investigaci\u00f3n se extiende m\u00e1s all\u00e1 del \u00e1rea del istmo. Constata que los pueblos ind\u00edgenas antiguos y contempor\u00e1neos del istmo de Panam\u00e1 <strong>comparten una historia gen\u00e9tica con otros pueblos ind\u00edgenas<\/strong> de Am\u00e9rica del Norte, del Sur y Central, pero en un eje espec\u00edfico de variaci\u00f3n del panorama gen\u00e9tico americano. Como explica el profesor Alessandro Achilli, \u201cdentro del continente la comparaci\u00f3n realizada entre m\u00e1s de 1800 datos gen\u00f3micos antiguos y actuales identific\u00f3 un <strong>componente gen\u00e9tico caracter\u00edstico en los ind\u00edgenas del \u00e1rea istmo-colombiana\u201d.<\/strong> As\u00ed, \u201ccon el objetivo de explicar esta singularidad gen\u00f3mica\u2014indica el profesor Achilli\u2014se deber\u00edan examinar al menos tres ancestros ligados a diferentes pueblos ind\u00edgenas originarios de la Norteam\u00e9rica de la \u00e9poca del Pleistoceno, incluyendo la <strong>poblaci\u00f3n del istmo de la que a\u00fan no se tienen pruebas<\/strong>, a la que denominamos UPopI (Unsampled Population of the Isthmus), por sus siglas en ingl\u00e9s. Estos antepasados llegaron al istmo de Panam\u00e1 hace m\u00e1s de diez mil a\u00f1os, se extendieron por la zona durante el Holoceno temprano y dejaron rastros gen\u00f3micos que llegan hasta nuestros d\u00edas, especialmente entre los gunas\u201d.<\/p>\n<p>Por su parte, la profesora Bethany Aram indica que el estudio tambi\u00e9n aborda cuestiones planteadas desde hace tiempo acerca de los enterramientos precolombinos. Los genomas antiguos dan lugar a <strong>nuevas interpretaciones sobre dos enterramientos de la \u00e9poca prehisp\u00e1nica encontrados en Panam\u00e1 Viejo y Coco del Mar<\/strong>, \u201cdestacando el papel de las mujeres que fueron enterradas junto a los cr\u00e1neos de nueve y tres hombres, respectivamente, entre los a\u00f1os 600 y 1450 e. c.\u201d. La profesora Aram se\u00f1ala, adicionalmente, la necesidad de emplear genomas en alta resoluci\u00f3n para evaluar los indicios de una <strong>disminuci\u00f3n en la poblaci\u00f3n de la regi\u00f3n que comenz\u00f3 antes del 1500<\/strong> y se intensific\u00f3 durante el siglo XVI, tambi\u00e9n publicados en este estudio, as\u00ed como para conocer el tama\u00f1o de la poblaci\u00f3n de la regi\u00f3n en la \u00e9poca prehisp\u00e1nica.<\/p>\n<p>\u201cEsta investigaci\u00f3n ofrece un punto de partida para futuros estudios interdisciplinares sobre el cruce istmo-colombiano\u201d, concluye el profesor Achilli, quien a\u00f1ade que \u201c<strong>como siguiente paso, incluiremos genomas completos de individuos contempor\u00e1neos y datos antiguos de gran cobertura<\/strong> de otros yacimientos arqueol\u00f3gicos y que abarquen un periodo de tiempo m\u00e1s amplio, desde el Holoceno temprano hasta finales del Siglo XVII, con el objetivo de concretar el historial gen\u00e9tico de la regi\u00f3n\u201d.<\/p>\n<p>El grupo de investigaci\u00f3n que ha desarrollado el trabajo incluye genetistas del Laboratorio Gen\u00f3mico del Grupo de Poblaciones Humanas y Animales de la\u00a0 Universidad de Pav\u00eda (Ornella Semino, Antonio Torroni, Anna Olivieri and Ugo A. Perego); Francesco Montinaro, de la Universidad de Bari y Ripan Malhi, de la Universidad de Illinois; los arque\u00f3logos Juan Guillermo Mart\u00edn y Javier Rivera Sandoval de la Universidad del Norte, de Barranquilla, Colombia; Tom\u00e1s Mendiz\u00e1bal, del Patonato Panam\u00e1 Viejo; Richard Cooke, del Smithsonian Institute for Tropical Research; y Jorge Motta, del Instituto Memorial Gorgas para Estudios de la Salud, Panam\u00e1.<\/p>\n<figure id=\"attachment_30864870\" aria-describedby=\"caption-attachment-30864870\" style=\"width: 750px\" class=\"wp-caption aligncenter\"><a href=\"https:\/\/www.upo.es\/diario\/wp-content\/uploads\/2021\/03\/ArtEmpireinSeville.jpg\"><img loading=\"lazy\" decoding=\"async\" class=\"wp-image-30864870 size-large\" src=\"https:\/\/www.upo.es\/diario\/wp-content\/uploads\/2021\/03\/ArtEmpireinSeville-750x355.jpg\" alt=\"\" width=\"750\" height=\"355\" srcset=\"https:\/\/www.upo.es\/diario\/wp-content\/uploads\/2021\/03\/ArtEmpireinSeville-750x355.jpg 750w, https:\/\/www.upo.es\/diario\/wp-content\/uploads\/2021\/03\/ArtEmpireinSeville-360x170.jpg 360w, https:\/\/www.upo.es\/diario\/wp-content\/uploads\/2021\/03\/ArtEmpireinSeville-768x364.jpg 768w, https:\/\/www.upo.es\/diario\/wp-content\/uploads\/2021\/03\/ArtEmpireinSeville-600x284.jpg 600w, https:\/\/www.upo.es\/diario\/wp-content\/uploads\/2021\/03\/ArtEmpireinSeville.jpg 883w\" sizes=\"auto, (max-width: 750px) 100vw, 750px\" \/><\/a><figcaption id=\"caption-attachment-30864870\" class=\"wp-caption-text\">Desde la izquierda, Marco R. Capodiferro (Pav\u00eda), Javier Aceituno (Antioqu\u00eda), Tom\u00e1s Mendiz\u00e1bal (Patronato Panam\u00e1 Viejo), Juan Guillermo Mart\u00edn (Uninorte), Iosvany Hern\u00e1ndez Mora (Uninorte), Alejandro Garc\u00eda Mont\u00f3n (UPO), Bethany Aram (UPO), Alessandro Achilli (Pav\u00eda), Corina Knipper (CEZA), Rainer Schreg (Bamberg) y Javier Rivera Sandoval (Uninorte)<\/figcaption><\/figure>\n<p>La investigaci\u00f3n objeto de este art\u00edculo ha recibido financiaci\u00f3n por parte del European Research Council (Horizonte 2020, ERC CoG 648535, \u2018ArtEmpire\u2019, proyecto dirigido por la profesora Aram), la Universidad de Pav\u00eda (programa INROAd), la Fondazione Cariplo (proyecto 2018\u20132045) y el proyecto PRIN2017 20174BTC4R del Ministerio de Educaci\u00f3n, Universidad e Investigaci\u00f3n de Italia (MIUR). Se ha llevado a cabo en colaboraci\u00f3n con el Patronato de Panam\u00e1 Viejo, el Instituto Conmemorativo Gorgas de Estudios de la Salud de Panam\u00e1 y los laboratorios de gen\u00e9tica del ADN antiguo y de la poblaci\u00f3n contempor\u00e1nea de la Universidad de Illinois y la Universidad de Tartu, y con el permiso de las autoridades paname\u00f1as (Direcci\u00f3n Nacional de Patrimonio Hist\u00f3rico, Instituto Nacional de Cultura).<\/p>\n<p><strong>Referencia:<br \/>\n<\/strong>Capodiferro MR, Aram B, Raveane A, Rambaldi Migliore N, Colombo G, Ongaro L, Rivera J, Mendiz\u00e1bal T, Hern\u00e1ndez-Mora I, Tribaldos M, Perego UA, Li H, Scheib CL, Modi A, G\u00f2mezCarballa A, Grugni V, Lombardo G, Hellenthal G, Pascale JM, Bertolini F, Grieco G, Cereda C, Lari M, Caramelli D, Pagani L, Metspalu M, Friedrich R, Knipper C, Olivieri A, Salas A, Cooke R, Montinaro F, Motta J, Torroni A, Mart\u00edn JG, Semino O, Malhi RS, Achilli A. <strong><em>Archaeogenomic distinctiveness of the Isthmo-Colombian area<\/em><\/strong>. March 23, 2021. <em>Cell<\/em> [<strong>IF2019: 38.637<\/strong>]. <u><a href=\"https:\/\/doi.org\/10.1016\/j.cell.2021.02.040\">https:\/\/doi.org\/10.1016\/j.cell.2021.02.040<\/a><\/u><\/p>\n<p>&gt; <a href=\"https:\/\/www.upo.es\/diario\/english\/2021\/03\/advances-in-genetics-shed-light-on-the-human-history-of-the-isthmo-colombian-area-from-the-last-ten-thousand-years\/\">English Press Release<\/a><\/p>\n","protected":false},"excerpt":{"rendered":"<p>El estudio llevado a cabo por un equipo de investigaci\u00f3n interdisciplinario, liderado por las Universidades de Pav\u00eda y Pablo de Olavide (Sevilla), ha revelado una ascendencia no descrita anteriormente entre los pueblos ind\u00edgenas antiguos de las Am\u00e9ricas.<\/p>\n","protected":false},"author":6,"featured_media":30864869,"comment_status":"closed","ping_status":"open","sticky":false,"template":"","format":"standard","meta":{"_monsterinsights_skip_tracking":false,"_monsterinsights_sitenote_active":false,"_monsterinsights_sitenote_note":"","_monsterinsights_sitenote_category":0,"footnotes":""},"categories":[3],"tags":[269,2289,2074,2338,6180,2287,42,150,2033,406],"class_list":["post-30864868","post","type-post","status-publish","format-standard","has-post-thumbnail","hentry","category-ciencia","tag-america","tag-artempire","tag-bethany-aram","tag-centroamerica","tag-ciudad-de-panama","tag-european-research-council","tag-genetica","tag-historia","tag-panama","tag-publicacion"],"_links":{"self":[{"href":"https:\/\/www.upo.es\/diario\/wp-json\/wp\/v2\/posts\/30864868","targetHints":{"allow":["GET"]}}],"collection":[{"href":"https:\/\/www.upo.es\/diario\/wp-json\/wp\/v2\/posts"}],"about":[{"href":"https:\/\/www.upo.es\/diario\/wp-json\/wp\/v2\/types\/post"}],"author":[{"embeddable":true,"href":"https:\/\/www.upo.es\/diario\/wp-json\/wp\/v2\/users\/6"}],"replies":[{"embeddable":true,"href":"https:\/\/www.upo.es\/diario\/wp-json\/wp\/v2\/comments?post=30864868"}],"version-history":[{"count":4,"href":"https:\/\/www.upo.es\/diario\/wp-json\/wp\/v2\/posts\/30864868\/revisions"}],"predecessor-version":[{"id":30864877,"href":"https:\/\/www.upo.es\/diario\/wp-json\/wp\/v2\/posts\/30864868\/revisions\/30864877"}],"wp:featuredmedia":[{"embeddable":true,"href":"https:\/\/www.upo.es\/diario\/wp-json\/wp\/v2\/media\/30864869"}],"wp:attachment":[{"href":"https:\/\/www.upo.es\/diario\/wp-json\/wp\/v2\/media?parent=30864868"}],"wp:term":[{"taxonomy":"category","embeddable":true,"href":"https:\/\/www.upo.es\/diario\/wp-json\/wp\/v2\/categories?post=30864868"},{"taxonomy":"post_tag","embeddable":true,"href":"https:\/\/www.upo.es\/diario\/wp-json\/wp\/v2\/tags?post=30864868"}],"curies":[{"name":"wp","href":"https:\/\/api.w.org\/{rel}","templated":true}]}}