{"id":30864943,"date":"2021-03-25T09:20:06","date_gmt":"2021-03-25T08:20:06","guid":{"rendered":"https:\/\/www.upo.es\/diario\/?p=30864943"},"modified":"2021-03-26T15:56:26","modified_gmt":"2021-03-26T14:56:26","slug":"profesores-upo-juan-marchena-justo-cuno-academia-colombiana-historia","status":"publish","type":"post","link":"https:\/\/www.upo.es\/diario\/comunidad\/2021\/03\/profesores-upo-juan-marchena-justo-cuno-academia-colombiana-historia\/","title":{"rendered":"Los profesores de la UPO Juan Marchena y Justo Cu\u00f1o, miembros de la Academia Colombiana de la Historia"},"content":{"rendered":"<figure id=\"attachment_30864944\" aria-describedby=\"caption-attachment-30864944\" style=\"width: 750px\" class=\"wp-caption aligncenter\"><img loading=\"lazy\" decoding=\"async\" class=\"size-large wp-image-30864944\" src=\"https:\/\/www.upo.es\/diario\/wp-content\/uploads\/2021\/03\/JMarchena_JCuno-750x500.jpg\" alt=\"\" width=\"750\" height=\"500\" srcset=\"https:\/\/www.upo.es\/diario\/wp-content\/uploads\/2021\/03\/JMarchena_JCuno-750x500.jpg 750w, https:\/\/www.upo.es\/diario\/wp-content\/uploads\/2021\/03\/JMarchena_JCuno-360x240.jpg 360w, https:\/\/www.upo.es\/diario\/wp-content\/uploads\/2021\/03\/JMarchena_JCuno-768x512.jpg 768w, https:\/\/www.upo.es\/diario\/wp-content\/uploads\/2021\/03\/JMarchena_JCuno-600x400.jpg 600w, https:\/\/www.upo.es\/diario\/wp-content\/uploads\/2021\/03\/JMarchena_JCuno-1536x1024.jpg 1536w, https:\/\/www.upo.es\/diario\/wp-content\/uploads\/2021\/03\/JMarchena_JCuno-2048x1365.jpg 2048w, https:\/\/www.upo.es\/diario\/wp-content\/uploads\/2021\/03\/JMarchena_JCuno-165x109.jpg 165w, https:\/\/www.upo.es\/diario\/wp-content\/uploads\/2021\/03\/JMarchena_JCuno-1320x880.jpg 1320w\" sizes=\"auto, (max-width: 750px) 100vw, 750px\" \/><figcaption id=\"caption-attachment-30864944\" class=\"wp-caption-text\">Juan Marchena y Justo Cu\u00f1o.<\/figcaption><\/figure>\n<p>Los <strong>profesores de Historia de Am\u00e9rica de la Universidad Pablo de Olavide Juan Marchena Fern\u00e1ndez y Justo Cu\u00f1o Bonito<\/strong>\u00a0han sido nombrados miembros de la <a href=\"https:\/\/www.academiahistoria.org.co\/\"><strong>Academia Colombiana de la Historia<\/strong><\/a>, instituci\u00f3n que tiene como objetivo el estudio y el an\u00e1lisis de la historia de Colombia desde los tiempos prehisp\u00e1nicos hasta el presente.<\/p>\n<p>El catedr\u00e1tico <strong>Juan Marchena<\/strong> lleva m\u00e1s de cuarenta a\u00f1os trabajando y publicando sobre Historia colombiana, as\u00ed como impartiendo clases y conferencias en muchas universidades del pa\u00eds y dirigiendo tesis doctorales a estudiantes colombianos y colombianas que hoy en d\u00eda son reconocidos y renombrados acad\u00e9micos y profesores. Para Juan Marchena \u201cla Historia es esa disciplina acad\u00e9mica y cient\u00edfica capaz de ponernos ante el espejo de nosotros mismos, para decirnos qu\u00e9 somos en realidad, de d\u00f3nde venimos y qu\u00e9 hemos hecho; y capaz de darnos herramientas, como personas y como sociedades, con las cuales construir el futuro que deseemos\u201d. En este sentido, resalta \u201cmis amigos, hermanos y disc\u00edpulos, han sido los que me han nombrado Acad\u00e9mico de la Historia de Colombia, no mis m\u00e9ritos sino los suyos\u201d.<\/p>\n<p>Por su parte, el profesor <strong>Justo Cu\u00f1o<\/strong> se ha dedicado a investigar sobre la historia de Colombia en los \u00faltimos veinticinco a\u00f1os, por lo que para \u00e9l formar parte de la Academia \u201csupone adquirir un doble compromiso: con la propia instituci\u00f3n, en la tarea de colaborar y apoyar sus objetivos y sus fines; y con la propia sociedad colombiana, a la que los historiadores debemos servir en esa tarea fundamental, de ayudarla a comprender su pasado y convertirlo en una herramienta con la que pueda transformar su futuro\u201d.<\/p>\n<p>La <strong>Academia Colombiana de Historia<\/strong>, fundada en 1902, act\u00faa como \u00f3rgano consultivo del Gobierno Nacional, velando siempre por la conservaci\u00f3n del patrimonio hist\u00f3rico y cultural. La Academia, entidad de derecho privado y sin \u00e1nimo de lucro, es una de las m\u00e1s antiguas de Am\u00e9rica. Entre las actividades m\u00e1s destacadas de la instituci\u00f3n se encuentra el fomento a la creaci\u00f3n de academias y centros de historia regionales y departamentales; as\u00ed como la publicaci\u00f3n de un bolet\u00edn, con m\u00e1s de 800 ediciones desde el a\u00f1o de su fundaci\u00f3n.<\/p>\n<p><strong>Juan Marchena Fern\u00e1ndez <\/strong>es doctor en Historia Latinoamericana (desde 1979). Catedr\u00e1tico de Historia de Am\u00e9rica en la Universidad Pablo de Olavide de Sevilla. Director del \u00c1rea de Historia de Am\u00e9rica en esa Universidad. Fue vicerrector de las Universidades Internacional de Andaluc\u00eda (La R\u00e1bida), de la que fue fundador en 1994, y de la UPO, de la que fue vicerrector de Postgrado y Relaciones Institucionales, poniendo en marcha las primeras maestr\u00edas y doctorados en esta universidad (1998). Actualmente es Director del Programa de M\u00e1ster en Historia de Am\u00e9rica (activo desde 1999) y de las l\u00edneas de Historia Latinoamericana en el Doctorado en Historia y Estudios Human\u00edsticos de esta Universidad, y as\u00ed como ha sido director y profesor en otros programas de doctorado en la Universidad de Sevilla, en la Universidad Andina Sim\u00f3n Bol\u00edvar de Quito, y en el de RudeColombia, en todos los cuales ha dirigido m\u00e1s de 70 tesis doctorales.<\/p>\n<p>Es autor de m\u00e1s de ciento ochenta trabajos de investigaci\u00f3n publicados en Espa\u00f1a, Europa, Estados Unidos y Am\u00e9rica Latina. Autor de algunas de las principales obras de referencia de Historia Latinoamericana: <em>Historia de Espa\u00f1a de Men\u00e9ndez Pidal<\/em> (Vol.\u00a0 XVIII, con Josep P\u00e9rez, Madrid, 1998) <em>Historia de Am\u00e9rica Latina<\/em> de UNESCO, (Vol III, con Allan J. Kuethe y Alfredo Castillero, Par\u00eds, 2001) <em>Historia Andina<\/em> (Vol. II y IV Quito y La Paz, 2000 y 2003), entre otros.<\/p>\n<p>Es director de American\u00eda. Revista de Estudios Latinoamericanos de la UPO, y pertenece a numerosos consejos acad\u00e9micos y de redacci\u00f3n de prestigiosas revistas de investigaci\u00f3n internacionales del JCR. Miembro del Consejo Mundial Jos\u00e9 Mart\u00ed de Solidaridad Internacional de UNESCO, y coordinador de la Red Mundial de Universidades Magall\u00e1nicas. Ha recibido el Premio Nacional de Investigaci\u00f3n en 1992 y ha recibido seis doctorados Honoris Causa, desde 2002 a la fecha.<\/p>\n<p><strong>Justo Cu\u00f1o Bonito<\/strong> es licenciado en Filosof\u00eda y Letras por la Universidad de Alcal\u00e1 de Henares y doctor en Historia de Am\u00e9rica por la Universidad Pablo de Olavide. Actualmente es profesor de Historia de Am\u00e9rica y director del Departamento de Geograf\u00eda, Historia y Filosof\u00eda y del instituto de investigaci\u00f3n El Colegio de Am\u00e9rica, Centro de Estudios Avanzados para Am\u00e9rica Latina de la Universidad Pablo de Olavide.<\/p>\n<p>Ha publicado varios trabajos en libros y revistas nacionales e internacionales con respecto a los procesos de independencia americanos y an\u00e1lisis y evoluci\u00f3n de la Universidad latinoamericana en la historia contempor\u00e1nea. Entre las mencionadas investigaciones figuran: <em>El Retorno del Rey. El restablecimiento del R\u00e9gimen Colonial en Cartagena De Indias 1815-1821<\/em>; <em>Palabras para el intendente: un libro-homenaje al historiador Juan Andreo Garc\u00eda; Historia agraria y pol\u00edticas agrarias en Espa\u00f1a y Am\u00e9rica Latina desde el siglo XIX hasta nuestros d\u00edas<\/em>; <em>Vientos de Guerra. Apogeo y crisis de la Real Armada 1750-1823<\/em>; <em>Tramas de poder social, pol\u00edtico y econ\u00f3mico en Nueva Granada a fines del per\u00edodo colonial; Los nuevos estados nacionales y los debates en torno a la abolici\u00f3n de la esclavitud en Am\u00e9rica latina: 1815-1860; La construcci\u00f3n pol\u00edtica de una compleja realidad social: Conflictos, negociaciones y acuerdos en la base del primer constitucionalismo americano, 1811-1815; El terror entronizado: miedos, angustias y violencias en la independencia de la Nueva Granada (1808-1821); La mercantilizaci\u00f3n del conocimiento en \u00e9poca de la globalizaci\u00f3n neoliberal<\/em> o <em>La universidad Latinoamericana en la encrucijada: amenazas, desaf\u00edos y soluciones.<\/em><\/p>\n","protected":false},"excerpt":{"rendered":"<p>Los profesores de Historia de Am\u00e9rica de la Universidad Pablo de Olavide Juan Marchena Fern\u00e1ndez y Justo Cu\u00f1o Bonito han sido nombrados miembros de la Academia Colombiana de la Historia, instituci\u00f3n que tiene como objetivo el estudio y el an\u00e1lisis de la historia de Colombia desde los tiempos prehisp\u00e1nicos hasta el presente.<\/p>\n","protected":false},"author":4,"featured_media":30864944,"comment_status":"closed","ping_status":"open","sticky":false,"template":"","format":"standard","meta":{"_monsterinsights_skip_tracking":false,"_monsterinsights_sitenote_active":false,"_monsterinsights_sitenote_note":"","_monsterinsights_sitenote_category":0,"footnotes":""},"categories":[5842],"tags":[4484,96,1115,5187],"class_list":["post-30864943","post","type-post","status-publish","format-standard","has-post-thumbnail","hentry","category-comunidad","tag-area-de-historia-de-america","tag-facultad-de-humanidades","tag-juan-marchena","tag-justo-cuno"],"_links":{"self":[{"href":"https:\/\/www.upo.es\/diario\/wp-json\/wp\/v2\/posts\/30864943","targetHints":{"allow":["GET"]}}],"collection":[{"href":"https:\/\/www.upo.es\/diario\/wp-json\/wp\/v2\/posts"}],"about":[{"href":"https:\/\/www.upo.es\/diario\/wp-json\/wp\/v2\/types\/post"}],"author":[{"embeddable":true,"href":"https:\/\/www.upo.es\/diario\/wp-json\/wp\/v2\/users\/4"}],"replies":[{"embeddable":true,"href":"https:\/\/www.upo.es\/diario\/wp-json\/wp\/v2\/comments?post=30864943"}],"version-history":[{"count":1,"href":"https:\/\/www.upo.es\/diario\/wp-json\/wp\/v2\/posts\/30864943\/revisions"}],"predecessor-version":[{"id":30864945,"href":"https:\/\/www.upo.es\/diario\/wp-json\/wp\/v2\/posts\/30864943\/revisions\/30864945"}],"wp:featuredmedia":[{"embeddable":true,"href":"https:\/\/www.upo.es\/diario\/wp-json\/wp\/v2\/media\/30864944"}],"wp:attachment":[{"href":"https:\/\/www.upo.es\/diario\/wp-json\/wp\/v2\/media?parent=30864943"}],"wp:term":[{"taxonomy":"category","embeddable":true,"href":"https:\/\/www.upo.es\/diario\/wp-json\/wp\/v2\/categories?post=30864943"},{"taxonomy":"post_tag","embeddable":true,"href":"https:\/\/www.upo.es\/diario\/wp-json\/wp\/v2\/tags?post=30864943"}],"curies":[{"name":"wp","href":"https:\/\/api.w.org\/{rel}","templated":true}]}}