{"id":30864998,"date":"2021-04-06T13:51:04","date_gmt":"2021-04-06T11:51:04","guid":{"rendered":"https:\/\/www.upo.es\/diario\/?p=30864998"},"modified":"2021-04-08T12:41:07","modified_gmt":"2021-04-08T10:41:07","slug":"programa-orientate-encuentra-facultad-humanidades-upo","status":"publish","type":"post","link":"https:\/\/www.upo.es\/diario\/docencia-formacion\/2021\/04\/programa-orientate-encuentra-facultad-humanidades-upo\/","title":{"rendered":"Comienza el Programa \u2018Ori\u00e9ntate y Encuentra\u2019 de la Facultad de Humanidades con las X Jornadas de Orientaci\u00f3n y Empleo"},"content":{"rendered":"<p><img loading=\"lazy\" decoding=\"async\" class=\"alignright size-medium wp-image-30865000\" src=\"https:\/\/www.upo.es\/diario\/wp-content\/uploads\/2021\/04\/JOrientacionFHUM-255x360.png\" alt=\"\" width=\"255\" height=\"360\" srcset=\"https:\/\/www.upo.es\/diario\/wp-content\/uploads\/2021\/04\/JOrientacionFHUM-255x360.png 255w, https:\/\/www.upo.es\/diario\/wp-content\/uploads\/2021\/04\/JOrientacionFHUM-532x750.png 532w, https:\/\/www.upo.es\/diario\/wp-content\/uploads\/2021\/04\/JOrientacionFHUM-768x1083.png 768w, https:\/\/www.upo.es\/diario\/wp-content\/uploads\/2021\/04\/JOrientacionFHUM-600x846.png 600w, https:\/\/www.upo.es\/diario\/wp-content\/uploads\/2021\/04\/JOrientacionFHUM.png 882w\" sizes=\"auto, (max-width: 255px) 100vw, 255px\" \/>Hoy martes 6 de abril se han celebrado, en modalidad online, las <strong>X Jornadas de Orientaci\u00f3n y Empleo de la Facultad de Humanidades de la Universidad Pablo de Olavide<\/strong> dedicadas a la gesti\u00f3n cultural y el patrimonio hist\u00f3rico. El acto ha sido inaugurado por la decana Rosario Moreno Soldevila, junto con Francisco Ollero Lobato, director del M\u00e1ster Universitario en Arte, Museos y Gesti\u00f3n del Patrimonio Hist\u00f3rico de la UPO.<\/p>\n<p>Las jornadas, que se enmarcan dentro del <strong>Programa \u2018Ori\u00e9ntate y Encuentra\u2019<\/strong> de la Facultad de Humanidades de la UPO, tienen como objetivo el an\u00e1lisis y debate sobre la formaci\u00f3n y acceso a la oferta laboral en el campo de la protecci\u00f3n, conservaci\u00f3n y gesti\u00f3n del patrimonio hist\u00f3rico, para determinar e identificar las competencias profesionales demandadas en el sector y profundizar en el conocimiento de la realidad del acceso al mercado laboral mediante las experiencias de empleadores y empleados.<\/p>\n<p>Para ello ha contado con la intervenci\u00f3n de t\u00e9cnicos en empleabilidad de la UPO, as\u00ed como de representantes de empresas del sector cultural y del arte como I\u00f1aki Izarzugaza, gestor de proyectos en Espiral Patrimonio; Celia Torres, restauradora de bienes culturales en Taracea &#8211; Conservaci\u00f3n y Restauraci\u00f3n; Rodrigo G\u00f3mez, conservador estatal de museos en el Museo Hist\u00f3rico Militar de Sevilla, Julia Rozet y Rafael Alfonso D\u00edaz, gestores culturales en Sevilla a la carta y Zara Ruiz, egresada e investigadora de la UPO.<\/p>\n<p>Las jornadas, organizadas por la Facultad de Humanidades y el M\u00e1ster Universitario en Arte, Museos y Gesti\u00f3n del Patrimonio Hist\u00f3rico de la UPO, est\u00e1n dirigidas a los estudiantes de grado y de postgrado de la Olavide que tengan inter\u00e9s en el mercado de trabajo de la gesti\u00f3n cultural.<\/p>\n<p><strong><a href=\"https:\/\/www.upo.es\/diario\/wp-content\/uploads\/2021\/04\/Parte-1_2_3_FHumanidades.png\"><img loading=\"lazy\" decoding=\"async\" class=\"alignright wp-image-30865001 size-medium\" src=\"https:\/\/www.upo.es\/diario\/wp-content\/uploads\/2021\/04\/Parte-1_2_3_FHumanidades-255x360.png\" alt=\"\" width=\"255\" height=\"360\" srcset=\"https:\/\/www.upo.es\/diario\/wp-content\/uploads\/2021\/04\/Parte-1_2_3_FHumanidades-255x360.png 255w, https:\/\/www.upo.es\/diario\/wp-content\/uploads\/2021\/04\/Parte-1_2_3_FHumanidades-530x750.png 530w, https:\/\/www.upo.es\/diario\/wp-content\/uploads\/2021\/04\/Parte-1_2_3_FHumanidades-768x1086.png 768w, https:\/\/www.upo.es\/diario\/wp-content\/uploads\/2021\/04\/Parte-1_2_3_FHumanidades-600x849.png 600w, https:\/\/www.upo.es\/diario\/wp-content\/uploads\/2021\/04\/Parte-1_2_3_FHumanidades-1086x1536.png 1086w, https:\/\/www.upo.es\/diario\/wp-content\/uploads\/2021\/04\/Parte-1_2_3_FHumanidades-1320x1867.png 1320w, https:\/\/www.upo.es\/diario\/wp-content\/uploads\/2021\/04\/Parte-1_2_3_FHumanidades.png 1414w\" sizes=\"auto, (max-width: 255px) 100vw, 255px\" \/><\/a>Programa \u2018Ori\u00e9ntate y Encuentra\u2019<\/strong><\/p>\n<p>Durante los meses de abril, mayo y junio de 2021 se celebrar\u00e1, en modalidad online, la III edici\u00f3n del <strong>Programa \u2018Ori\u00e9ntate y Encuentra\u2019 de la Facultad de Humanidades<\/strong> de la Universidad Pablo de Olavide, que agrupa diversas actividades encaminadas a la orientaci\u00f3n laboral, acad\u00e9mica y empresarial de los estudiantes y egresados de sus grados.<\/p>\n<p>Adem\u00e1s de las Jornadas de Orientaci\u00f3n y Empleo, se desarrollar\u00e1 esta tarde la <strong>charla \u2018LocalizAppci\u00f3n: retos y oportunidades profesionales en la localizaci\u00f3n de aplicaciones m\u00f3viles\u2019<\/strong>.<\/p>\n<p>El programa contin\u00faa el jueves 8 de abril con la <strong>V Jornadas de Transcreaci\u00f3n<\/strong> enfocada a la transcreaci\u00f3n y traducci\u00f3n creativa en el marketing y la publicidad. El 26 de abril se celebrar\u00e1 la <strong>Jornada Encuentra<\/strong>, di\u00e1logos entre profesionales, egresados y estudiantes de la Facultad de Humanidades de la UPO, que se organizar\u00e1 en torno a varias mesas tem\u00e1ticas simult\u00e1neas, y el 28 de abril <strong>una charla dedicada a los caminos laborales de la interpretaci\u00f3n de conferencias.<\/strong><\/p>\n<p>Durante mayo y junio, se celebrar\u00e1 el <strong>taller \u2018Libros haciendo II\u2019<\/strong>, la <strong>mesa redonda sobre orientaciones profesionales para el mundo editorial<\/strong>; un<strong> seminario de investigaci\u00f3n sobre la ense\u00f1anza de ELE a estudiantes angl\u00f3fonos<\/strong>, y la <strong>Jornada de Orientaci\u00f3n para la investigaci\u00f3n de la Facultad de Humanidades<\/strong>.<\/p>\n<p>Con estas actividades, en palabras de la Decana, \u201cla Facultad de Humanidades aspira no solo a cumplir con su obligaci\u00f3n de orientar al estudiantado para facilitar su inserci\u00f3n en el mercado laboral global, de la mano de profesionales del sector, muchos de los cuales son antiguos estudiantes de la Facultad, sino tambi\u00e9n a visibilizar el amplio potencial profesional de los estudios de grado en estas ramas del saber\u201d.<\/p>\n<p>&nbsp;<\/p>\n","protected":false},"excerpt":{"rendered":"<p>La Facultad de Humanidades ha celebrado, en modalidad online, las X Jornadas de Orientaci\u00f3n y Empleo dedicadas a la gesti\u00f3n cultural y el patrimonio hist\u00f3rico. El acto ha sido inaugurado por la decana Rosario Moreno Soldevila, junto con Francisco Ollero Lobato, director del M\u00e1ster Universitario en Arte, Museos y Gesti\u00f3n del Patrimonio Hist\u00f3rico de la UPO.<\/p>\n","protected":false},"author":4,"featured_media":30865001,"comment_status":"closed","ping_status":"open","sticky":false,"template":"","format":"standard","meta":{"_monsterinsights_skip_tracking":false,"_monsterinsights_sitenote_active":false,"_monsterinsights_sitenote_note":"","_monsterinsights_sitenote_category":0,"footnotes":""},"categories":[2779],"tags":[438,96,1886,7352],"class_list":["post-30864998","post","type-post","status-publish","format-standard","has-post-thumbnail","hentry","category-docencia-formacion","tag-empleo","tag-facultad-de-humanidades","tag-ii-jornadas-de-orientacion-profesional","tag-programa-orientate-y-encuentra"],"_links":{"self":[{"href":"https:\/\/www.upo.es\/diario\/wp-json\/wp\/v2\/posts\/30864998","targetHints":{"allow":["GET"]}}],"collection":[{"href":"https:\/\/www.upo.es\/diario\/wp-json\/wp\/v2\/posts"}],"about":[{"href":"https:\/\/www.upo.es\/diario\/wp-json\/wp\/v2\/types\/post"}],"author":[{"embeddable":true,"href":"https:\/\/www.upo.es\/diario\/wp-json\/wp\/v2\/users\/4"}],"replies":[{"embeddable":true,"href":"https:\/\/www.upo.es\/diario\/wp-json\/wp\/v2\/comments?post=30864998"}],"version-history":[{"count":4,"href":"https:\/\/www.upo.es\/diario\/wp-json\/wp\/v2\/posts\/30864998\/revisions"}],"predecessor-version":[{"id":30865046,"href":"https:\/\/www.upo.es\/diario\/wp-json\/wp\/v2\/posts\/30864998\/revisions\/30865046"}],"wp:featuredmedia":[{"embeddable":true,"href":"https:\/\/www.upo.es\/diario\/wp-json\/wp\/v2\/media\/30865001"}],"wp:attachment":[{"href":"https:\/\/www.upo.es\/diario\/wp-json\/wp\/v2\/media?parent=30864998"}],"wp:term":[{"taxonomy":"category","embeddable":true,"href":"https:\/\/www.upo.es\/diario\/wp-json\/wp\/v2\/categories?post=30864998"},{"taxonomy":"post_tag","embeddable":true,"href":"https:\/\/www.upo.es\/diario\/wp-json\/wp\/v2\/tags?post=30864998"}],"curies":[{"name":"wp","href":"https:\/\/api.w.org\/{rel}","templated":true}]}}