{"id":30865010,"date":"2021-04-06T17:23:17","date_gmt":"2021-04-06T15:23:17","guid":{"rendered":"https:\/\/www.upo.es\/diario\/?p=30865010"},"modified":"2021-04-12T12:04:03","modified_gmt":"2021-04-12T10:04:03","slug":"la-fundacion-universidad-pablo-de-olavide-cumple-veinte-anos-como-nexo-de-union-entre-la-upo-y-la-sociedad","status":"publish","type":"post","link":"https:\/\/www.upo.es\/diario\/institucional\/2021\/04\/la-fundacion-universidad-pablo-de-olavide-cumple-veinte-anos-como-nexo-de-union-entre-la-upo-y-la-sociedad\/","title":{"rendered":"La Fundaci\u00f3n Universidad Pablo de Olavide cumple veinte a\u00f1os como nexo de uni\u00f3n entre la UPO y la sociedad"},"content":{"rendered":"<figure id=\"attachment_30865011\" aria-describedby=\"caption-attachment-30865011\" style=\"width: 360px\" class=\"wp-caption alignright\"><a href=\"https:\/\/www.upo.es\/diario\/wp-content\/uploads\/2021\/04\/MSS6082-scaled.jpeg\"><img loading=\"lazy\" decoding=\"async\" class=\"wp-image-30865011 size-medium\" src=\"https:\/\/www.upo.es\/diario\/wp-content\/uploads\/2021\/04\/MSS6082-360x240.jpeg\" alt=\"\" width=\"360\" height=\"240\" srcset=\"https:\/\/www.upo.es\/diario\/wp-content\/uploads\/2021\/04\/MSS6082-360x240.jpeg 360w, https:\/\/www.upo.es\/diario\/wp-content\/uploads\/2021\/04\/MSS6082-750x500.jpeg 750w, https:\/\/www.upo.es\/diario\/wp-content\/uploads\/2021\/04\/MSS6082-768x512.jpeg 768w, https:\/\/www.upo.es\/diario\/wp-content\/uploads\/2021\/04\/MSS6082-600x400.jpeg 600w, https:\/\/www.upo.es\/diario\/wp-content\/uploads\/2021\/04\/MSS6082-1536x1024.jpeg 1536w, https:\/\/www.upo.es\/diario\/wp-content\/uploads\/2021\/04\/MSS6082-2048x1365.jpeg 2048w, https:\/\/www.upo.es\/diario\/wp-content\/uploads\/2021\/04\/MSS6082-165x109.jpeg 165w, https:\/\/www.upo.es\/diario\/wp-content\/uploads\/2021\/04\/MSS6082-1320x880.jpeg 1320w\" sizes=\"auto, (max-width: 360px) 100vw, 360px\" \/><\/a><figcaption id=\"caption-attachment-30865011\" class=\"wp-caption-text\">La vicepresidenta de la Fundaci\u00f3n Universidad Pablo de Olavide, Laura L\u00f3pez de la Cruz<\/figcaption><\/figure>\n<p><strong>La Fundaci\u00f3n Universidad Pablo de Olavide, conmemora hoy, 6 de abril, su vig\u00e9simo aniversario<\/strong>, dos d\u00e9cadas al servicio de la Universidad, de sus estudiantes y egresados, trabajando como nexo de uni\u00f3n entre la UPO y las empresas e instituciones de su entorno, en particular, y la sociedad en general.<\/p>\n<p>La vicepresidenta ejecutiva de la Fundaci\u00f3n, <strong>Laura L\u00f3pez de la Cruz<\/strong>, afirma que veinte a\u00f1os despu\u00e9s de su constituci\u00f3n, la Fundaci\u00f3n es una entidad s\u00f3lida pero que debe mirar al futuro m\u00e1s inmediato \u201cpara reposicionar su papel y asumir su relevancia estrat\u00e9gica como instrumento para encauzar y potenciar las relaciones institucionales entre la Universidad, la sociedad y el mundo empresarial, facilitando las alianzas y las sinergias con el tejido productivo y creando las condiciones necesarias para la cooperaci\u00f3n\u201d.<\/p>\n<p>En cifras, estos veinte a\u00f1os se traducen en m\u00e1s de <strong>10 000 convenios<\/strong> con empresas e instituciones que han permitido la gesti\u00f3n de unas <strong>30 000 pr\u00e1cticas<\/strong> para estudiantes de la UPO; unos <strong>18 500 usuarios<\/strong> atendidos en temas de empleabilidad y m\u00e1s de <strong>1 175 talleres<\/strong> impartidos; m\u00e1s de <strong>27 500 estudiantes formados en los diferentes t\u00edtulos propios<\/strong>, alrededor de <strong>11 000 estudiantes internacionales <\/strong>matriculados en los distintos programas ofertados; <strong>613 cursos de verano<\/strong> impartidos en los que han participado m\u00e1s de 5 800 especialistas, conferenciantes y ponentes, pasando por las aulas de la Sede Olavide en Carmona unos 15 000 estudiantes.<\/p>\n<p>Adem\u00e1s, durante todo este tiempo se ha trabajado para potenciar y apoyar el talento emprendedor de los estudiantes y egresados de la UPO, se han desarrollado numerosos proyectos y actividades sociales en el Pol\u00edgono Sur a trav\u00e9s de la Residencia Universitaria Flora Trist\u00e1n y en la propia comunidad a trav\u00e9s de la Oficina de Voluntariado, se ha acercado la Universidad a las personas mayores de 50 a\u00f1os, se han puesto en marcha actividades y planes sobre igualdad de g\u00e9nero y se ha fomentado la cultura y el deporte como valores fundamentales. Todo ello siguiendo siempre las directrices de la Universidad y las pol\u00edticas estrat\u00e9gicas definidas por la UPO y los vicerrectorados competentes en las distintas materias.<\/p>\n<p><strong>La Fundaci\u00f3n es un medio propio y servicio t\u00e9cnico de la Universidad Pablo de Olavide<\/strong> y desarrolla su actividad conforme al marco regulador de los encargos de la UPO a su Fundaci\u00f3n. En este contexto, la Fundaci\u00f3n gestiona las siguientes actividades: las pr\u00e1cticas en empresa de los estudiantes de la UPO (curriculares y extracurriculares); la formaci\u00f3n permanente (t\u00edtulos propios, actividades formativas espec\u00edficas y formaci\u00f3n <em>in company<\/em>); las actividades y proyectos de empleabilidad y emprendimiento para estudiantes y egresados de la UPO; los cursos y actividades de la sede Olavide en Carmona; la Residencia Universitaria Flora Trist\u00e1n, as\u00ed como algunas actividades del \u00e1rea de Cultura y Pol\u00edticas Sociales (Oficina de Voluntariado, Servicio de Extensi\u00f3n Cultural, Aula Abierta de Mayores y Radiolavide); el Centro Universitario Internacional; la Oficina para la Igualdad de la UPO; el Servicio de Deportes y el alquiler de las instalaciones de la UPO para actividades extraacad\u00e9micas.<\/p>\n<p>Como principales retos y proyectos a corto y medio plazo, la vicepresidenta ejecutiva destaca \u201cla Ventanilla \u00danica Empresarial como medio para captar tejido empresarial y lograr relaciones de sinergia rec\u00edprocas entre el profesorado y las empresas y entre \u00e9stas y la comunidad universitaria, as\u00ed como consolidar alianzas con administraciones y entidades que permitan la puesta en marcha de proyectos y actividades que reviertan en beneficio de los estudiantes y egresados de la UPO\u201d.<\/p>\n<p>Durante el a\u00f1o se organizar\u00e1n distintas actividades que se enmarcar\u00e1n en este vig\u00e9simo aniversario y que tendr\u00e1n como objetivo compartir la celebraci\u00f3n con la propia comunidad universitaria y visibilizar la Fundaci\u00f3n en la Universidad y en la sociedad m\u00e1s cercana.<\/p>\n<p>En una fecha como la de hoy, la vicepresidenta ha querido tambi\u00e9n subrayar \u201cel esfuerzo de anteriores equipos de direcci\u00f3n de la Universidad, de todos los miembros que han formado parte del Patronato, as\u00ed como de quienes han estado al frente de la Vicepresidencia Ejecutiva\u201d y ha puesto en valor \u201cel trabajo y profesionalidad de todos los compa\u00f1eros que conforman la Fundaci\u00f3n\u201d.<\/p>\n","protected":false},"excerpt":{"rendered":"<p>La Fundaci\u00f3n Universidad Pablo de Olavide, conmemora hoy, 6 de abril, su vig\u00e9simo aniversario, dos d\u00e9cadas al servicio de la Universidad, de sus estudiantes y egresados, trabajando como nexo de uni\u00f3n entre la UPO y las empresas e instituciones de su entorno, en particular, y la sociedad en general.<\/p>\n","protected":false},"author":15,"featured_media":30865011,"comment_status":"closed","ping_status":"open","sticky":false,"template":"","format":"standard","meta":{"_monsterinsights_skip_tracking":false,"_monsterinsights_sitenote_active":false,"_monsterinsights_sitenote_note":"","_monsterinsights_sitenote_category":0,"footnotes":""},"categories":[6],"tags":[568,503,2474,1648,146,502,7354],"class_list":["post-30865010","post","type-post","status-publish","format-standard","has-post-thumbnail","hentry","category-institucional","tag-aniversario","tag-fundacion","tag-fundacion-universidad-pablo-de-olavide","tag-laura-lopez-de-la-cruz","tag-sociedad","tag-universidad","tag-veinte-anos"],"_links":{"self":[{"href":"https:\/\/www.upo.es\/diario\/wp-json\/wp\/v2\/posts\/30865010","targetHints":{"allow":["GET"]}}],"collection":[{"href":"https:\/\/www.upo.es\/diario\/wp-json\/wp\/v2\/posts"}],"about":[{"href":"https:\/\/www.upo.es\/diario\/wp-json\/wp\/v2\/types\/post"}],"author":[{"embeddable":true,"href":"https:\/\/www.upo.es\/diario\/wp-json\/wp\/v2\/users\/15"}],"replies":[{"embeddable":true,"href":"https:\/\/www.upo.es\/diario\/wp-json\/wp\/v2\/comments?post=30865010"}],"version-history":[{"count":5,"href":"https:\/\/www.upo.es\/diario\/wp-json\/wp\/v2\/posts\/30865010\/revisions"}],"predecessor-version":[{"id":30865022,"href":"https:\/\/www.upo.es\/diario\/wp-json\/wp\/v2\/posts\/30865010\/revisions\/30865022"}],"wp:featuredmedia":[{"embeddable":true,"href":"https:\/\/www.upo.es\/diario\/wp-json\/wp\/v2\/media\/30865011"}],"wp:attachment":[{"href":"https:\/\/www.upo.es\/diario\/wp-json\/wp\/v2\/media?parent=30865010"}],"wp:term":[{"taxonomy":"category","embeddable":true,"href":"https:\/\/www.upo.es\/diario\/wp-json\/wp\/v2\/categories?post=30865010"},{"taxonomy":"post_tag","embeddable":true,"href":"https:\/\/www.upo.es\/diario\/wp-json\/wp\/v2\/tags?post=30865010"}],"curies":[{"name":"wp","href":"https:\/\/api.w.org\/{rel}","templated":true}]}}