{"id":30865107,"date":"2021-04-09T14:44:19","date_gmt":"2021-04-09T12:44:19","guid":{"rendered":"https:\/\/www.upo.es\/diario\/?p=30865107"},"modified":"2021-04-09T14:56:15","modified_gmt":"2021-04-09T12:56:15","slug":"congreso-universidades-democracia-inclusion","status":"publish","type":"post","link":"https:\/\/www.upo.es\/diario\/docencia-formacion\/2021\/04\/congreso-universidades-democracia-inclusion\/","title":{"rendered":"Rosa Rodr\u00edguez Izquierdo: \u00abLa mayor contribuci\u00f3n de las universidades es su aportaci\u00f3n a la construcci\u00f3n de la democracia\u00bb"},"content":{"rendered":"<figure id=\"attachment_30860402\" aria-describedby=\"caption-attachment-30860402\" style=\"width: 300px\" class=\"wp-caption alignright\"><a href=\"https:\/\/www.upo.es\/diario\/wp-content\/uploads\/2020\/04\/RM-Rodriguez-Izquierdo-2.jpg\"><img loading=\"lazy\" decoding=\"async\" class=\"wp-image-30860402 size-full\" src=\"https:\/\/www.upo.es\/diario\/wp-content\/uploads\/2020\/04\/RM-Rodriguez-Izquierdo-2.jpg\" alt=\"Rosa M. Rodr\u00edguez Izquierdo\" width=\"300\" height=\"300\" srcset=\"https:\/\/www.upo.es\/diario\/wp-content\/uploads\/2020\/04\/RM-Rodriguez-Izquierdo-2.jpg 300w, https:\/\/www.upo.es\/diario\/wp-content\/uploads\/2020\/04\/RM-Rodriguez-Izquierdo-2-150x150.jpg 150w\" sizes=\"auto, (max-width: 300px) 100vw, 300px\" \/><\/a><figcaption id=\"caption-attachment-30860402\" class=\"wp-caption-text\">Rosa Rodr\u00edguez Izquierdo<\/figcaption><\/figure>\n<p>La coordinadora del programa de Doctorado en Estudios Migratorios, y profesora de Did\u00e1ctica y Organizaci\u00f3n Educativa de la UPO, ha participado como experta en el congreso <a href=\"https:\/\/www.unak.is\/english\/trua-sc-fd\">\u2018The Role of Universities in Addressing Societal Challenges and Fostering Democracy\u2019<\/a> celebrado los d\u00edas 25 y 26 de marzo en formato <em>online<\/em>. Rosa Rodr\u00edguez Izquierdo ha sido <strong>invitada por Rann\u00eds, el Centro Island\u00e9s de Investigaci\u00f3n, y por la Universidad de Akureyri organizadora del mismo<\/strong>.<\/p>\n<p><strong>El congreso ha examinado el papel y la situaci\u00f3n actual de la educaci\u00f3n superior, la democracia y la ciudadan\u00eda en el contexto de los desaf\u00edos socioecon\u00f3micos<\/strong> de las sociedades contempor\u00e1neas, incluida la migraci\u00f3n. La investigadora Rodr\u00edguez Izquierdo intervino en el panel sobre \u2018Decolonization and higher education\u2019 con la ponencia <strong>\u2018Descolonizaci\u00f3n y cambio democr\u00e1tico en la educaci\u00f3n superior en Espa\u00f1a: tensiones, oportunidades y retos\u2019<\/strong> en la que ofreci\u00f3 un an\u00e1lisis sobre los v\u00ednculos entre la proyecci\u00f3n social de las universidades y su papel como promotoras de equidad y justicia para el avance de sociedades democr\u00e1ticas. La descolonizaci\u00f3n de la educaci\u00f3n superior en Espa\u00f1a est\u00e1 \u00edntimamente ligada a cuestiones relativas a la producci\u00f3n del conocimiento, pero tambi\u00e9n al acceso a un estudiantado cada vez m\u00e1s diverso y la adaptaci\u00f3n de las universidades para adaptarse a poblaciones tradicionalmente no convencionales, tales como estudiantes de origen migrante, de minor\u00edas \u00e9tnicas o con distintas capacidades cognitivas.<\/p>\n<p>La profesora abog\u00f3 por m\u00faltiples niveles de pol\u00edtica e institucionalizaci\u00f3n de un paradigma inclusivo dentro de la educaci\u00f3n superior para el <strong>fomento de la \u201cexcelencia inclusiva\u201d, que combina excelencia y calidad<\/strong>, como elementos inseparables en el <a href=\"https:\/\/www.un.org\/sustainabledevelopment\/es\/education\/\">Objetivo 4 de la Agenda 2030 de las Naciones Unidas<\/a> para el Desarrollo Sostenible: \u2018Garantizar una educaci\u00f3n inclusiva, equitativa y de calidad, y promover oportunidades de aprendizaje a lo largo de la vida para todos\u2019.<\/p>\n<p>En el congreso tambi\u00e9n se discutieron los resultados de importantes proyectos de investigaci\u00f3n: <em>Universities and Democracy: A critical analysis of the civic role and function of universities in a democracy<\/em>, dirigido por las profesoras Anna \u00d3lafsd\u00f3ttir y Sigur\u00f0ur Kristinsson; <em><a href=\"https:\/\/www.remixerasmus.com\/\">REMix: The university as an advocate for responsible education about migration in Europe<\/a><\/em>, y <em><a href=\"http:\/\/www.apele.eu\/\">APELE: Accreditation of prior experiential learning in European Universities<\/a><\/em>, dirigidos por el profesor Markus Meckl. De este modo, durante el workshop, se abordaron trabajos que abren nuevas v\u00edas de pensamiento sobre la migraci\u00f3n, la democracia y el papel de las universidades.<\/p>\n<p>Rosa Rodr\u00edguez Izquierdo es investigadora en el proyecto I+D+i \u00a0<a href=\"http:\/\/www.uco.es\/incluni\/index.php\/es\/\">InclUni<\/a>, acr\u00f3nimo de \u2018Atenci\u00f3n a la diversidad y educaci\u00f3n inclusiva en la universidad. Diagn\u00f3stico y evaluaci\u00f3n de indicadores de institucionalizaci\u00f3n\u2019, financiado por el Ministerio de Ciencia, Innovaci\u00f3n y Universidades en el que participan ocho equipos de investigaci\u00f3n de universidades espa\u00f1olas.<\/p>\n","protected":false},"excerpt":{"rendered":"<p>La profesora de la UPO participa en el congreso internacional \u2018The Role of Universities in Addressing Societal Challenges and Fostering Democracy\u2019 donde reivindic\u00f3 la \u201cexcelencia inclusiva\u201d como valor de la educaci\u00f3n superior.<\/p>\n","protected":false},"author":6,"featured_media":30860402,"comment_status":"closed","ping_status":"open","sticky":false,"template":"","format":"standard","meta":{"_monsterinsights_skip_tracking":false,"_monsterinsights_sitenote_active":false,"_monsterinsights_sitenote_note":"","_monsterinsights_sitenote_category":0,"footnotes":""},"categories":[2779],"tags":[458,744,465,454,3456,446,1284,7048,39],"class_list":["post-30865107","post","type-post","status-publish","format-standard","has-post-thumbnail","hentry","category-docencia-formacion","tag-ciudadania","tag-democracia","tag-educacion","tag-europa","tag-inclusion","tag-internacional","tag-migracion","tag-rosa-maria-rodriguez-izquierdo","tag-universidades"],"_links":{"self":[{"href":"https:\/\/www.upo.es\/diario\/wp-json\/wp\/v2\/posts\/30865107","targetHints":{"allow":["GET"]}}],"collection":[{"href":"https:\/\/www.upo.es\/diario\/wp-json\/wp\/v2\/posts"}],"about":[{"href":"https:\/\/www.upo.es\/diario\/wp-json\/wp\/v2\/types\/post"}],"author":[{"embeddable":true,"href":"https:\/\/www.upo.es\/diario\/wp-json\/wp\/v2\/users\/6"}],"replies":[{"embeddable":true,"href":"https:\/\/www.upo.es\/diario\/wp-json\/wp\/v2\/comments?post=30865107"}],"version-history":[{"count":3,"href":"https:\/\/www.upo.es\/diario\/wp-json\/wp\/v2\/posts\/30865107\/revisions"}],"predecessor-version":[{"id":30865110,"href":"https:\/\/www.upo.es\/diario\/wp-json\/wp\/v2\/posts\/30865107\/revisions\/30865110"}],"wp:featuredmedia":[{"embeddable":true,"href":"https:\/\/www.upo.es\/diario\/wp-json\/wp\/v2\/media\/30860402"}],"wp:attachment":[{"href":"https:\/\/www.upo.es\/diario\/wp-json\/wp\/v2\/media?parent=30865107"}],"wp:term":[{"taxonomy":"category","embeddable":true,"href":"https:\/\/www.upo.es\/diario\/wp-json\/wp\/v2\/categories?post=30865107"},{"taxonomy":"post_tag","embeddable":true,"href":"https:\/\/www.upo.es\/diario\/wp-json\/wp\/v2\/tags?post=30865107"}],"curies":[{"name":"wp","href":"https:\/\/api.w.org\/{rel}","templated":true}]}}