{"id":30865111,"date":"2021-04-09T15:19:57","date_gmt":"2021-04-09T13:19:57","guid":{"rendered":"https:\/\/www.upo.es\/diario\/?p=30865111"},"modified":"2021-04-12T12:03:48","modified_gmt":"2021-04-12T10:03:48","slug":"la-upo-y-el-ayuntamiento-de-alcala-de-guadaira-afianzan-su-compromiso-en-el-fomento-de-la-empleabilidad-y-el-emprendimiento","status":"publish","type":"post","link":"https:\/\/www.upo.es\/diario\/institucional\/2021\/04\/la-upo-y-el-ayuntamiento-de-alcala-de-guadaira-afianzan-su-compromiso-en-el-fomento-de-la-empleabilidad-y-el-emprendimiento\/","title":{"rendered":"La UPO y el Ayuntamiento de Alcal\u00e1 de Guada\u00edra afianzan su compromiso en el fomento de la empleabilidad y el emprendimiento"},"content":{"rendered":"<figure id=\"attachment_30865113\" aria-describedby=\"caption-attachment-30865113\" style=\"width: 360px\" class=\"wp-caption alignright\"><a href=\"https:\/\/www.upo.es\/diario\/wp-content\/uploads\/2021\/04\/Inserta-Alcala_1-scaled.jpg\"><img loading=\"lazy\" decoding=\"async\" class=\"size-medium wp-image-30865113\" src=\"https:\/\/www.upo.es\/diario\/wp-content\/uploads\/2021\/04\/Inserta-Alcala_1-360x240.jpg\" alt=\"\" width=\"360\" height=\"240\" srcset=\"https:\/\/www.upo.es\/diario\/wp-content\/uploads\/2021\/04\/Inserta-Alcala_1-360x240.jpg 360w, https:\/\/www.upo.es\/diario\/wp-content\/uploads\/2021\/04\/Inserta-Alcala_1-750x500.jpg 750w, https:\/\/www.upo.es\/diario\/wp-content\/uploads\/2021\/04\/Inserta-Alcala_1-768x512.jpg 768w, https:\/\/www.upo.es\/diario\/wp-content\/uploads\/2021\/04\/Inserta-Alcala_1-600x400.jpg 600w, https:\/\/www.upo.es\/diario\/wp-content\/uploads\/2021\/04\/Inserta-Alcala_1-1536x1024.jpg 1536w\" sizes=\"auto, (max-width: 360px) 100vw, 360px\" \/><\/a><figcaption id=\"caption-attachment-30865113\" class=\"wp-caption-text\">Complejo Ideal de Alcal\u00e1 de Guada\u00edra<\/figcaption><\/figure>\n<p>La Universidad Pablo de Olavide y el Ayuntamiento de Alcal\u00e1 de Guada\u00edra han renovado esta semana su compromiso y colaboraci\u00f3n para fomentar la empleabilidad y apoyar las iniciativas emprendedoras, tanto en la comunidad universitaria como en el municipio alcalare\u00f1o. Unas l\u00edneas de trabajo que se definieron hace algo m\u00e1s de un a\u00f1o con la firma del protocolo de colaboraci\u00f3n entre ambas instituciones, y que ahora, se ponen en marcha.<\/p>\n<p>Como primera iniciativa, en las pr\u00f3ximas semanas comenzar\u00e1 <strong>Inserta-Alcal\u00e1<\/strong> un programa de retenci\u00f3n e incorporaci\u00f3n de talento universitario UPO en empresas del municipio alcalare\u00f1o. En concreto, <strong>el programa consiste en pr\u00e1cticas remuneradas para estudiantes de la Universidad Pablo de Olavide que ser\u00e1n espec\u00edficamente seleccionados seg\u00fan la demanda de las empresas y a los que se les impartir\u00e1 previamente un taller de orientaci\u00f3n laboral y actitud en el trabajo<\/strong>.<\/p>\n<p>En concreto, <strong>ser\u00e1n pr\u00e1cticas profesionales de una duraci\u00f3n de cinco meses, con una dotaci\u00f3n econ\u00f3mica de 600 euros al mes y<\/strong> <strong>dirigido a estudiantes de grado y postgrado de la Universidad Pablo de Olavide<\/strong> y residentes en Alcal\u00e1 de Guada\u00edra. El programa, financiado por el Ayuntamiento con 20 000 euros, ser\u00e1 gestionado por el \u00e1rea de Empleabilidad, Estrategia y Emprendimiento de la Fundaci\u00f3n Universidad Pablo de Olavide.<\/p>\n<p>Adem\u00e1s, en el acuerdo entre ambas instituciones se recogen otros proyectos como la colaboraci\u00f3n en el programa de gesti\u00f3n inteligente de los parques empresariales as\u00ed como la intenci\u00f3n de desarrollar otras l\u00edneas de actuaci\u00f3n como la celebraci\u00f3n de talleres de empleabilidad y emprendimiento o de postgrado en Alcal\u00e1 de Guada\u00edra; alojar en instalaciones alcalare\u00f1as proyectos emprendedores de la comunidad universitaria, as\u00ed como rondas de inversi\u00f3n en las que emprendedores de la UPO presentar\u00e1n sus ideas ante empresarios y potenciales inversores de Alcal\u00e1 de Guada\u00edra.<\/p>\n<p>Estos detalles han sido abordados y desarrollados por ambas instituciones durante la <strong>visita realizada en el d\u00eda de ayer al Complejo Ideal de Alcal\u00e1 de Guada\u00edra<\/strong> y m\u00e1s concretamente a las instalaciones del Centro de Innovaci\u00f3n para la Industria \u201cLa Procesadora\u201d, que ser\u00e1 el espacio en el que han acordado desarrollar en los pr\u00f3ximos meses algunas de las l\u00edneas de actuaci\u00f3n conjuntas.<\/p>\n<p>Durante el recorrido, al que han asistido la vicerrectora de Relaciones Institucionales y Fundaciones, <strong>Laura L\u00f3pez de la Cruz<\/strong> y el delegado del Rector para el Plan Estrat\u00e9gico, <strong>Jos\u00e9 Luis Barbero Navarro<\/strong>, ambos han resaltado la importancia de aunar sinergias y apostar por las pol\u00edticas activas para la empleabilidad y el emprendimiento, as\u00ed como por la transferencia del conocimiento de la Universidad al sector empresarial y han subrayado como estrat\u00e9gica la colaboraci\u00f3n con el Ayuntamiento de Alcal\u00e1 de Guada\u00edra.<\/p>\n<p>Por su parte, la delegada de Desarrollo Econ\u00f3mico, <strong>Mar\u00eda \u00c1ngeles Ballesteros N\u00fa\u00f1ez<\/strong> ha afirmado que la Universidad Pablo de Olavide es un socio importante para la ciudad y que esperan que estas primeras iniciativas sean el punto de partida para establecer nuevas colaboraciones y apoyos mutuos en el desarrollo y la innovaci\u00f3n empresarial de Alcal\u00e1.<\/p>\n<p>Tambi\u00e9n ha asistido a esta visita, <strong>Javier Ramos<\/strong>, coordinador del \u00e1rea de Empleabilidad, Estrategia y Emprendimiento de la Fundaci\u00f3n Universidad Pablo de Olavide; Antonio Vega, jefe del Servicio de Desarrollo Econ\u00f3mico de Alcal\u00e1 de Guada\u00edra y Chema Vidal, t\u00e9cnico de La Procesadora.<\/p>\n","protected":false},"excerpt":{"rendered":"<p>La Universidad Pablo de Olavide y el Ayuntamiento de Alcal\u00e1 de Guada\u00edra han renovado esta semana su compromiso y colaboraci\u00f3n para fomentar la empleabilidad y apoyar las iniciativas emprendedoras, tanto en la comunidad universitaria como en el municipio alcalare\u00f1o. Unas l\u00edneas de trabajo que se definieron hace algo m\u00e1s de un a\u00f1o con la firma del protocolo de colaboraci\u00f3n entre ambas instituciones, y que ahora, se ponen en marcha. <\/p>\n","protected":false},"author":6,"featured_media":30865113,"comment_status":"closed","ping_status":"open","sticky":false,"template":"","format":"standard","meta":{"_monsterinsights_skip_tracking":false,"_monsterinsights_sitenote_active":false,"_monsterinsights_sitenote_note":"","_monsterinsights_sitenote_category":0,"footnotes":""},"categories":[6],"tags":[767,3989,689,1059,2474,1648,65],"class_list":["post-30865111","post","type-post","status-publish","format-standard","has-post-thumbnail","hentry","category-institucional","tag-alcala-de-guadaira","tag-empleabilidad","tag-emprendimiento","tag-empresas","tag-fundacion-universidad-pablo-de-olavide","tag-laura-lopez-de-la-cruz","tag-practicas"],"_links":{"self":[{"href":"https:\/\/www.upo.es\/diario\/wp-json\/wp\/v2\/posts\/30865111","targetHints":{"allow":["GET"]}}],"collection":[{"href":"https:\/\/www.upo.es\/diario\/wp-json\/wp\/v2\/posts"}],"about":[{"href":"https:\/\/www.upo.es\/diario\/wp-json\/wp\/v2\/types\/post"}],"author":[{"embeddable":true,"href":"https:\/\/www.upo.es\/diario\/wp-json\/wp\/v2\/users\/6"}],"replies":[{"embeddable":true,"href":"https:\/\/www.upo.es\/diario\/wp-json\/wp\/v2\/comments?post=30865111"}],"version-history":[{"count":2,"href":"https:\/\/www.upo.es\/diario\/wp-json\/wp\/v2\/posts\/30865111\/revisions"}],"predecessor-version":[{"id":30865114,"href":"https:\/\/www.upo.es\/diario\/wp-json\/wp\/v2\/posts\/30865111\/revisions\/30865114"}],"wp:featuredmedia":[{"embeddable":true,"href":"https:\/\/www.upo.es\/diario\/wp-json\/wp\/v2\/media\/30865113"}],"wp:attachment":[{"href":"https:\/\/www.upo.es\/diario\/wp-json\/wp\/v2\/media?parent=30865111"}],"wp:term":[{"taxonomy":"category","embeddable":true,"href":"https:\/\/www.upo.es\/diario\/wp-json\/wp\/v2\/categories?post=30865111"},{"taxonomy":"post_tag","embeddable":true,"href":"https:\/\/www.upo.es\/diario\/wp-json\/wp\/v2\/tags?post=30865111"}],"curies":[{"name":"wp","href":"https:\/\/api.w.org\/{rel}","templated":true}]}}