{"id":30865181,"date":"2021-04-14T11:30:43","date_gmt":"2021-04-14T09:30:43","guid":{"rendered":"https:\/\/www.upo.es\/diario\/?p=30865181"},"modified":"2021-04-14T14:42:37","modified_gmt":"2021-04-14T12:42:37","slug":"la-fundacion-descubre-obtiene-financiacion-europea-para-celebrar-en-andalucia-la-noche-europea-de-los-investigadores-en-2021","status":"publish","type":"post","link":"https:\/\/www.upo.es\/diario\/docencia-formacion\/2021\/04\/la-fundacion-descubre-obtiene-financiacion-europea-para-celebrar-en-andalucia-la-noche-europea-de-los-investigadores-en-2021\/","title":{"rendered":"La Fundaci\u00f3n Descubre obtiene financiaci\u00f3n europea para celebrar en Andaluc\u00eda La Noche Europea de los Investigadores en 2021"},"content":{"rendered":"<p><img loading=\"lazy\" decoding=\"async\" class=\"alignright size-medium wp-image-30865182\" src=\"https:\/\/www.upo.es\/diario\/wp-content\/uploads\/2021\/04\/Actvitiy-with-children-in-Cordoba_1616758201-800x450-1-360x203.jpg\" alt=\"\" width=\"360\" height=\"203\" srcset=\"https:\/\/www.upo.es\/diario\/wp-content\/uploads\/2021\/04\/Actvitiy-with-children-in-Cordoba_1616758201-800x450-1-360x203.jpg 360w, https:\/\/www.upo.es\/diario\/wp-content\/uploads\/2021\/04\/Actvitiy-with-children-in-Cordoba_1616758201-800x450-1-750x422.jpg 750w, https:\/\/www.upo.es\/diario\/wp-content\/uploads\/2021\/04\/Actvitiy-with-children-in-Cordoba_1616758201-800x450-1-768x432.jpg 768w, https:\/\/www.upo.es\/diario\/wp-content\/uploads\/2021\/04\/Actvitiy-with-children-in-Cordoba_1616758201-800x450-1-600x338.jpg 600w, https:\/\/www.upo.es\/diario\/wp-content\/uploads\/2021\/04\/Actvitiy-with-children-in-Cordoba_1616758201-800x450-1.jpg 800w\" sizes=\"auto, (max-width: 360px) 100vw, 360px\" \/>La propuesta de Andaluc\u00eda liderada por la Fundaci\u00f3n Descubre para celebrar <strong>La Noche de los Investigadores<\/strong> (European Researchers\u2019 Night), en la que participa la Universidad Pablo de Olavide, ha recibido nuevamente la aprobaci\u00f3n por parte de la Comisi\u00f3n Europea (CE) para este a\u00f1o 2021. La actividad se celebrar\u00e1 nuevamente el \u00faltimo viernes de septiembre, que en esta ocasi\u00f3n ser\u00e1 el 24 de septiembre, al mismo tiempo que en m\u00e1s de 370 ciudades de toda Europa.<\/p>\n<p>En este sentido, las actividades organizadas para La Noche 2021 tendr\u00e1n una doble dimensi\u00f3n, c<strong>on parte de la programaci\u00f3n presencial y parte en formato online<\/strong>, para facilitar una amplia oferta de actividades a todo tipo de p\u00fablicos, al tiempo que se garantizan las medidas de seguridad fijadas en cualquiera de los escenarios que se presenten a causa de la COVID-19.<\/p>\n<p>El proyecto, que re\u00fane la <strong>participaci\u00f3n de trece instituciones cient\u00edficas andaluzas de las ocho provincias<\/strong>, ha obtenido el respaldo europeo con algo m\u00e1s de 154.000 euros para la divulgaci\u00f3n andaluza, adem\u00e1s de los recursos propios de las instituciones organizadoras y la financiaci\u00f3n de la Consejer\u00eda de Transformaci\u00f3n Econ\u00f3mica, Industria, Conocimiento y Universidades, lo que permitir\u00e1 que la Comunidad aut\u00f3noma celebre de nuevo La Noche.<\/p>\n<p>La iniciativa, denominada<strong> \u2018Open Researchers 2021\u2019<\/strong>, ha obtenido una puntuaci\u00f3n por parte de la Comisi\u00f3n Europea de 14 sobre 15 puntos posibles.<\/p>\n<p>La secretaria general de Universidades, Investigaci\u00f3n y Tecnolog\u00eda de la Consejer\u00eda de Transformaci\u00f3n Econ\u00f3mica, Industria, Conocimiento y Universidades, y presidenta de la Fundaci\u00f3n Descubre, Rosa Mar\u00eda R\u00edos S\u00e1nchez, ha expresado su satisfacci\u00f3n por el resultado obtenido, ya que \u201csupone un nuevo respaldo a la divulgaci\u00f3n andaluza y la comunidad investigadora de la Comunidad aut\u00f3noma tras un a\u00f1o muy dif\u00edcil y en un momento clave en el que ha quedado claro que la investigaci\u00f3n y la innovaci\u00f3n son fundamentales para hacer frente a los desaf\u00edos que se nos presentan\u201d.<\/p>\n<p><strong><img loading=\"lazy\" decoding=\"async\" class=\"alignleft size-medium wp-image-30865183\" src=\"https:\/\/www.upo.es\/diario\/wp-content\/uploads\/2021\/04\/Micromeeting-with-researchers-in-Malaga2_1616758366-800x450-1-360x203.jpg\" alt=\"\" width=\"360\" height=\"203\" srcset=\"https:\/\/www.upo.es\/diario\/wp-content\/uploads\/2021\/04\/Micromeeting-with-researchers-in-Malaga2_1616758366-800x450-1-360x203.jpg 360w, https:\/\/www.upo.es\/diario\/wp-content\/uploads\/2021\/04\/Micromeeting-with-researchers-in-Malaga2_1616758366-800x450-1-750x422.jpg 750w, https:\/\/www.upo.es\/diario\/wp-content\/uploads\/2021\/04\/Micromeeting-with-researchers-in-Malaga2_1616758366-800x450-1-768x432.jpg 768w, https:\/\/www.upo.es\/diario\/wp-content\/uploads\/2021\/04\/Micromeeting-with-researchers-in-Malaga2_1616758366-800x450-1-600x338.jpg 600w, https:\/\/www.upo.es\/diario\/wp-content\/uploads\/2021\/04\/Micromeeting-with-researchers-in-Malaga2_1616758366-800x450-1.jpg 800w\" sizes=\"auto, (max-width: 360px) 100vw, 360px\" \/>EU Green Deal, tema para 2021<\/strong><strong>\u00a0<\/strong><\/p>\n<p>La Noche Europea de los Investigadores estar\u00e1 dedicada en Andaluc\u00eda este a\u00f1o los <strong>objetivos marcados por el European Green Deal o Pacto Verde Europeo<\/strong>. Las actividades promovidas en las ocho provincias andaluzas tendr\u00e1n el Pacto como hilo conductor, vinculando las actividades con sus objetivos, al tiempo que cada una de las ocho ciudades dise\u00f1ar\u00e1 actividades para reforzar su importancia en el evento. El proyecto andaluz volver\u00e1 a colaborar con Noches de Suecia, Malta, Reino Unido, Italia e Irlanda con actividades conjuntas centradas en los retos del Green Deal marcados para 2050.<\/p>\n<p>La actividad, <strong>cita divulgativa promovida por la Comisi\u00f3n Europea dentro de las acciones Marie Sk\u0142odowska-Curie del programa Horizonte 2020<\/strong>, se acercar\u00e1 a la ciudadan\u00eda como en ediciones anteriores y superar\u00e1 este a\u00f1o los 85.000 visitantes, consolid\u00e1ndose como la cita simult\u00e1nea m\u00e1s importante en el \u00e1mbito cient\u00edfico andaluz de los \u00faltimos a\u00f1os y una de las mayores de Espa\u00f1a.<\/p>\n<p>A los enclaves en el centro hist\u00f3rico de cada ciudad que cada a\u00f1o acogen actividades de La Noche Europea de los Investigadores se sumar\u00e1 este a\u00f1o nuevamente La Noche Virtual, un espacio online con talleres, charlas y visitas virtuales en el que disfrutar del evento desde cas.<\/p>\n<p><strong><img loading=\"lazy\" decoding=\"async\" class=\"alignright size-medium wp-image-30865184\" src=\"https:\/\/www.upo.es\/diario\/wp-content\/uploads\/2021\/04\/Science-on-the-balconies-in-Cordoba_1616758197-800x450-1-360x203.jpg\" alt=\"\" width=\"360\" height=\"203\" srcset=\"https:\/\/www.upo.es\/diario\/wp-content\/uploads\/2021\/04\/Science-on-the-balconies-in-Cordoba_1616758197-800x450-1-360x203.jpg 360w, https:\/\/www.upo.es\/diario\/wp-content\/uploads\/2021\/04\/Science-on-the-balconies-in-Cordoba_1616758197-800x450-1-750x422.jpg 750w, https:\/\/www.upo.es\/diario\/wp-content\/uploads\/2021\/04\/Science-on-the-balconies-in-Cordoba_1616758197-800x450-1-768x432.jpg 768w, https:\/\/www.upo.es\/diario\/wp-content\/uploads\/2021\/04\/Science-on-the-balconies-in-Cordoba_1616758197-800x450-1-600x338.jpg 600w, https:\/\/www.upo.es\/diario\/wp-content\/uploads\/2021\/04\/Science-on-the-balconies-in-Cordoba_1616758197-800x450-1.jpg 800w\" sizes=\"auto, (max-width: 360px) 100vw, 360px\" \/>La implicaci\u00f3n desde el inicio de los investigadores, los verdaderos protagonistas del proyecto, es clave para el \u00e9xito de la actividad<\/strong>, que registra cada a\u00f1o un creciente n\u00famero de cient\u00edficos que participan en el evento. En concreto, la actividad reunir\u00e1 a m\u00e1s de 2.600 investigadores para mostrar su trabajo al p\u00fablico, que podr\u00e1 conocer de cerca su labor diaria y su repercusi\u00f3n en el d\u00eda a d\u00eda de todos.<\/p>\n<p><strong>La iniciativa busca hacer accesible y cercana la investigaci\u00f3n a trav\u00e9s de sus protagonistas en l\u00ednea con la Investigaci\u00f3n e innovaci\u00f3n responsables<\/strong> (RRI, seg\u00fan sus siglas en ingl\u00e9s). Asimismo, La Noche cuidar\u00e1 la participaci\u00f3n activa de investigadores beneficiarios de proyectos Marie Sk\u0142odowska-Curie y garantizar\u00e1 la igualdad de g\u00e9nero en la participaci\u00f3n de investigadores e investigadoras.<\/p>\n<p>Por d\u00e9cimo a\u00f1o consecutivo, los investigadores de los centros participantes y colaboradores en la actividad <strong>acercar\u00e1n su trabajo y sus inquietudes a la ciudadan\u00eda de una forma diferente.<\/strong> Experimentos, talleres, experiencias, rutas, representaciones teatrales, mon\u00f3logos\u2026 Todos los medios son v\u00e1lidos para acercar a los investigadores a la ciudadan\u00eda de una forma rigurosa y siempre divertida, con el fin de que conozcan su trabajo, los beneficios que aportan a la sociedad y su repercusi\u00f3n en la vida cotidiana.<\/p>\n<p>En paralelo, el programa deja tambi\u00e9n <strong>espacio para que la ciudadan\u00eda descubra el lado m\u00e1s humano de la investigaci\u00f3n a trav\u00e9s de un contacto directo y de la conversaci\u00f3n con los propios expertos<\/strong>. Son los llamados \u2018microencuentros\u2019, en los que los participantes pueden plantear todas las dudas y preguntas acerca del proyecto de investigaci\u00f3n que han conocido.<\/p>\n<p><strong>Promotores de la actividad<\/strong><\/p>\n<p>La Noche Europea de los Investigadores es un proyecto de divulgaci\u00f3n cient\u00edfica promovido por la Comisi\u00f3n Europea dentro de las acciones Marie Sk\u0142odowska-Curie del programa Horizonte 2020, coordinado en Andaluc\u00eda por la Fundaci\u00f3n Descubre con financiaci\u00f3n de la Consejer\u00eda de Transformaci\u00f3n Econ\u00f3mica, Industria, Conocimiento y Universidades.<\/p>\n<p>Conforman el consorcio las Universidades de Almer\u00eda, C\u00e1diz, C\u00f3rdoba, Granada, Huelva, Ja\u00e9n, M\u00e1laga, Pablo de Olavide y Sevilla, ocho centros del CSIC (la Casa de la Ciencia, el Instituto de Astrof\u00edsica de Andaluc\u00eda, la Estaci\u00f3n Experimental del Zaid\u00edn, el Instituto de Estudios Sociales Avanzados, el Instituto de Parasitolog\u00eda y Biomedicina L\u00f3pez-Neyra, la Escuela de Estudios \u00c1rabes, el Instituto de Agricultura Sostenible y la Estaci\u00f3n Experimental de Zonas \u00c1ridas), el IMGEMA-Real Jard\u00edn Bot\u00e1nico de C\u00f3rdoba y la Fundaci\u00f3n P\u00fablica Progreso y Salud a trav\u00e9s de Genyo y el Biobanco del Sistema Sanitario.<\/p>\n<p>Paralelamente, Radio Televisi\u00f3n de Andaluc\u00eda, el Instituto Andaluz de Investigaci\u00f3n y Formaci\u00f3n Agraria, Pesquera, Alimentaria y de la Producci\u00f3n Ecol\u00f3gica (IFAPA) y la Agencia Andaluza del Conocimiento ser\u00e1n socios estrat\u00e9gicos del proyecto y colaborar\u00e1n estrechamente en su desarrollo.<\/p>\n<p>&nbsp;<\/p>\n<p><strong>M\u00e1s informaci\u00f3n:<\/strong><\/p>\n<p><a href=\"http:\/\/lanochedelosinvestigadores.fundaciondecubre.es\">lanochedelosinvestigadores.fundaciondecubre.es<\/a><\/p>\n<p>Facebook: <a href=\"http:\/\/www.facebook.com\/FundacionDescubre\">www.facebook.com\/FundacionDescubre<\/a><\/p>\n<p>Twitter: <a href=\"http:\/\/www.twitter.com\/FDescubre\">www.twitter.com\/FDescubre<\/a> y el hashtag <a href=\"https:\/\/twitter.com\/search?q=%23NIGHTspain\">#NIGHTspain<\/a><\/p>\n<p>Youtube: <a href=\"http:\/\/www.youtube.com\/user\/fundaciondescubre\">www.youtube.com\/user\/fundaciondescubre<\/a><\/p>\n<p>Instagram: <a href=\"http:\/\/www.instagram.com\/fundaciondescubre\">www.instagram.com\/fundaciondescubre<\/a><\/p>\n<p>&nbsp;<\/p>\n<p>Fuente: Fundaci\u00f3n Descubre.<\/p>\n","protected":false},"excerpt":{"rendered":"<p>La propuesta de Andaluc\u00eda liderada por la Fundaci\u00f3n Descubre para celebrar La Noche de los Investigadores (European Researchers\u2019 Night), en la que participa la Universidad Pablo de Olavide, ha recibido nuevamente la aprobaci\u00f3n por parte de la Comisi\u00f3n Europea (CE) para este a\u00f1o 2021. La actividad se celebrar\u00e1 nuevamente el \u00faltimo viernes de septiembre, que en esta ocasi\u00f3n ser\u00e1 el 24 de septiembre, al mismo tiempo que en m\u00e1s de 370 ciudades de toda Europa.<\/p>\n","protected":false},"author":2,"featured_media":30865183,"comment_status":"closed","ping_status":"open","sticky":false,"template":"","format":"standard","meta":{"_monsterinsights_skip_tracking":false,"_monsterinsights_sitenote_active":false,"_monsterinsights_sitenote_note":"","_monsterinsights_sitenote_category":0,"footnotes":""},"categories":[2779],"tags":[190,2645,1411,5528,68],"class_list":["post-30865181","post","type-post","status-publish","format-standard","has-post-thumbnail","hentry","category-docencia-formacion","tag-andalucia","tag-divulgacion-cientifica","tag-fundacion-descubre","tag-la-noche-europea-de-ls-investigadors","tag-union-europea"],"_links":{"self":[{"href":"https:\/\/www.upo.es\/diario\/wp-json\/wp\/v2\/posts\/30865181","targetHints":{"allow":["GET"]}}],"collection":[{"href":"https:\/\/www.upo.es\/diario\/wp-json\/wp\/v2\/posts"}],"about":[{"href":"https:\/\/www.upo.es\/diario\/wp-json\/wp\/v2\/types\/post"}],"author":[{"embeddable":true,"href":"https:\/\/www.upo.es\/diario\/wp-json\/wp\/v2\/users\/2"}],"replies":[{"embeddable":true,"href":"https:\/\/www.upo.es\/diario\/wp-json\/wp\/v2\/comments?post=30865181"}],"version-history":[{"count":1,"href":"https:\/\/www.upo.es\/diario\/wp-json\/wp\/v2\/posts\/30865181\/revisions"}],"predecessor-version":[{"id":30865185,"href":"https:\/\/www.upo.es\/diario\/wp-json\/wp\/v2\/posts\/30865181\/revisions\/30865185"}],"wp:featuredmedia":[{"embeddable":true,"href":"https:\/\/www.upo.es\/diario\/wp-json\/wp\/v2\/media\/30865183"}],"wp:attachment":[{"href":"https:\/\/www.upo.es\/diario\/wp-json\/wp\/v2\/media?parent=30865181"}],"wp:term":[{"taxonomy":"category","embeddable":true,"href":"https:\/\/www.upo.es\/diario\/wp-json\/wp\/v2\/categories?post=30865181"},{"taxonomy":"post_tag","embeddable":true,"href":"https:\/\/www.upo.es\/diario\/wp-json\/wp\/v2\/tags?post=30865181"}],"curies":[{"name":"wp","href":"https:\/\/api.w.org\/{rel}","templated":true}]}}