{"id":30865284,"date":"2021-04-19T14:45:22","date_gmt":"2021-04-19T12:45:22","guid":{"rendered":"https:\/\/www.upo.es\/diario\/?p=30865284"},"modified":"2021-04-22T09:16:48","modified_gmt":"2021-04-22T07:16:48","slug":"encuentro-institucional-entre-la-aacid-y-la-upo-para-potenciar-las-iniciativas-conjuntas-en-cooperacion-al-desarrollo","status":"publish","type":"post","link":"https:\/\/www.upo.es\/diario\/cultura-social\/2021\/04\/encuentro-institucional-entre-la-aacid-y-la-upo-para-potenciar-las-iniciativas-conjuntas-en-cooperacion-al-desarrollo\/","title":{"rendered":"Encuentro institucional entre la AACID y la UPO para potenciar las iniciativas conjuntas en cooperaci\u00f3n al desarrollo"},"content":{"rendered":"<figure id=\"attachment_30865286\" aria-describedby=\"caption-attachment-30865286\" style=\"width: 750px\" class=\"wp-caption aligncenter\"><a href=\"https:\/\/www.upo.es\/diario\/wp-content\/uploads\/2021\/04\/20210419_Visita-AACID-1-scaled.jpg\"><img loading=\"lazy\" decoding=\"async\" class=\"wp-image-30865286 size-large\" src=\"https:\/\/www.upo.es\/diario\/wp-content\/uploads\/2021\/04\/20210419_Visita-AACID-1-750x422.jpg\" alt=\"Miguel A. Herrera, David Naranjo, David Cobos, M\u00aaLuz Ortega, Ana Gonz\u00e1lez, Francisco Moreno y M\u00aa Jes\u00fas Sutilo\" width=\"750\" height=\"422\" srcset=\"https:\/\/www.upo.es\/diario\/wp-content\/uploads\/2021\/04\/20210419_Visita-AACID-1-750x422.jpg 750w, https:\/\/www.upo.es\/diario\/wp-content\/uploads\/2021\/04\/20210419_Visita-AACID-1-360x203.jpg 360w, https:\/\/www.upo.es\/diario\/wp-content\/uploads\/2021\/04\/20210419_Visita-AACID-1-768x432.jpg 768w, https:\/\/www.upo.es\/diario\/wp-content\/uploads\/2021\/04\/20210419_Visita-AACID-1-600x338.jpg 600w, https:\/\/www.upo.es\/diario\/wp-content\/uploads\/2021\/04\/20210419_Visita-AACID-1-1536x864.jpg 1536w, https:\/\/www.upo.es\/diario\/wp-content\/uploads\/2021\/04\/20210419_Visita-AACID-1-2048x1152.jpg 2048w\" sizes=\"auto, (max-width: 750px) 100vw, 750px\" \/><\/a><figcaption id=\"caption-attachment-30865286\" class=\"wp-caption-text\">Miguel A. Herrera, David Naranjo, David Cobos, M\u00aa Luz Ortega, Ana Gonz\u00e1lez, Francisco Moreno y M\u00aa Jes\u00fas Sutilo<\/figcaption><\/figure>\n<p><strong><a href=\"https:\/\/www.upo.es\/diario\/wp-content\/uploads\/2021\/04\/20210419_Visita-AACID-2-scaled.jpg\"><img loading=\"lazy\" decoding=\"async\" class=\"alignright size-medium wp-image-30865287\" src=\"https:\/\/www.upo.es\/diario\/wp-content\/uploads\/2021\/04\/20210419_Visita-AACID-2-360x203.jpg\" alt=\"\" width=\"360\" height=\"203\" srcset=\"https:\/\/www.upo.es\/diario\/wp-content\/uploads\/2021\/04\/20210419_Visita-AACID-2-360x203.jpg 360w, https:\/\/www.upo.es\/diario\/wp-content\/uploads\/2021\/04\/20210419_Visita-AACID-2-750x422.jpg 750w, https:\/\/www.upo.es\/diario\/wp-content\/uploads\/2021\/04\/20210419_Visita-AACID-2-768x432.jpg 768w, https:\/\/www.upo.es\/diario\/wp-content\/uploads\/2021\/04\/20210419_Visita-AACID-2-600x338.jpg 600w, https:\/\/www.upo.es\/diario\/wp-content\/uploads\/2021\/04\/20210419_Visita-AACID-2-1536x864.jpg 1536w, https:\/\/www.upo.es\/diario\/wp-content\/uploads\/2021\/04\/20210419_Visita-AACID-2-2048x1152.jpg 2048w\" sizes=\"auto, (max-width: 360px) 100vw, 360px\" \/><\/a>Mar\u00eda Luz Ortega<\/strong>, directora de la Agencia Andaluza de Cooperaci\u00f3n Internacional para el Desarrollo (AACID), ha visitado en la ma\u00f1ana de hoy la Universidad Pablo de Olavide donde ha sido recibida por el rector, <strong>Francisco Oliva<\/strong>. El encuentro se enmarca dentro de una ronda de contactos que est\u00e1 desarrollando por las universidades de Andaluc\u00eda para coordinar las iniciativas en materia de cooperaci\u00f3n universitaria al desarrollo. La directora de la AACID ha estado acompa\u00f1ada por <strong>Jos\u00e9 Francisco Montero<\/strong>, jefe del \u00c1rea de Fortalecimiento Institucional P\u00fablico y Organizaciones Sociedad Civil y responsable de la Coordinaci\u00f3n de Universidades de la AACID; y por <strong>Ana Gonz\u00e1lez Pinto<\/strong>, delegada de la Consejer\u00eda de Igualdad, Pol\u00edticas Sociales y Conciliaci\u00f3n en Sevilla.<\/p>\n<p>Tras el encuentro con el rector, Mar\u00eda Luz Ortega se ha reunido con <strong>David Naranjo<\/strong>, vicerrector de Internacionalizaci\u00f3n, y con <strong>David Cobos<\/strong>, vicerrector de Cultura y Pol\u00edticas Sociales de la UPO. Tambi\u00e9n han estado presentes <strong>Miguel \u00c1ngel Herrera<\/strong>, director del \u00c1rea de Relaciones Internacionales y Cooperaci\u00f3n (ARIC) y <strong>Mar\u00eda Jes\u00fas Sutilo<\/strong>, t\u00e9cnica del ARIC. El objetivo de la sesi\u00f3n de trabajo ha sido intensificar la coordinaci\u00f3n entre ambas entidades, as\u00ed como reflexionar sobre las posibles sinergias entre los diversos actores de cooperaci\u00f3n.<\/p>\n<p>Desde 2009<strong> la Universidad Pablo de Olavide ha ejecutado un total de 28 proyectos financiados por la AACID<\/strong>, de los que 23 son de cooperaci\u00f3n internacional para el desarrollo y 5 de educaci\u00f3n para el desarrollo, con una financiaci\u00f3n total de 2.198.380,68 euros y llevados a cabo en Bolivia, Brasil, Burkina Faso, Colombia, Costa Rica, Cuba, Ecuador, Marruecos, Nicaragua, Per\u00fa, Panam\u00e1, Rep\u00fablica Dominicana, adem\u00e1s de las acciones desarrolladas en Andaluc\u00eda. Destaca particularmente la relaci\u00f3n con Centroam\u00e9rica, en la que se han desarrollado seis de los proyectos.<\/p>\n<p>En cuanto a la tem\u00e1tica de los trabajos, estos abarcan problemas b\u00e1sicos de desarrollo como los derechos humanos, la salud y la educaci\u00f3n, pero tambi\u00e9n los hay sobre participaci\u00f3n social y destacan especialmente los proyectos relacionados con las cuestiones de g\u00e9nero (violencia de g\u00e9nero, trata, postconflicto, etc.) por su n\u00famero y por la variedad de pa\u00edses en los que se llevan a cabo: Burkina Faso, Costa Rica, Colombia, Per\u00fa y Marruecos.<\/p>\n<p>El encuentro ha finalizado con una reuni\u00f3n <em>online<\/em> a la que se incorporaron varios profesores e investigadores que actualmente est\u00e1n trabajando en materia de cooperaci\u00f3n y educaci\u00f3n para el desarrollo en diversos proyectos.<\/p>\n<p>El actual <strong>Plan Andaluz de Cooperaci\u00f3n para el Desarrollo<\/strong> (PACODE), vigente para el per\u00edodo 2020-2023, destaca el papel de las universidades como entidades de referencia en la gesti\u00f3n del conocimiento como instrumento para el desarrollo, aspecto sustancial tambi\u00e9n presente en la <strong>Agenda 2030<\/strong> de Naciones Unidas que pone de relieve la importancia de la investigaci\u00f3n y la innovaci\u00f3n en este \u00e1mbito.<\/p>\n<p>&nbsp;<\/p>\n","protected":false},"excerpt":{"rendered":"<p>Mar\u00eda Luz Ortega, directora de la Agencia Andaluza de Cooperaci\u00f3n Internacional para el Desarrollo (AACID), ha visitado en la ma\u00f1ana de hoy la Universidad Pablo de Olavide donde ha sido recibida por el rector, Francisco Oliva. El encuentro se enmarca dentro de una ronda de contactos que est\u00e1 desarrollando por las universidades de Andaluc\u00eda para coordinar las iniciativas en materia de cooperaci\u00f3n universitaria al desarrollo. La directora de la AACID ha estado acompa\u00f1ada por Jos\u00e9 Francisco Montero, jefe del \u00c1rea de Fortalecimiento Institucional P\u00fablico y Organizaciones Sociedad Civil y responsable de la Coordinaci\u00f3n de Universidades de la AACID; y por Ana Gonz\u00e1lez Pinto, delegada de la Consejer\u00eda de Igualdad, Pol\u00edticas Sociales y Conciliaci\u00f3n en Sevilla.<\/p>\n","protected":false},"author":6,"featured_media":30865286,"comment_status":"closed","ping_status":"open","sticky":false,"template":"","format":"standard","meta":{"_monsterinsights_skip_tracking":false,"_monsterinsights_sitenote_active":false,"_monsterinsights_sitenote_note":"","_monsterinsights_sitenote_category":0,"footnotes":""},"categories":[5843],"tags":[4507,847,5356,5150,4568,4021,925,38],"class_list":["post-30865284","post","type-post","status-publish","format-standard","has-post-thumbnail","hentry","category-cultura-social","tag-aacid","tag-aric","tag-cooperacion-para-el-desarrollo","tag-david-cobos-sanchiz","tag-david-naranjo-gil","tag-francisco-oliva-blazquez","tag-internacionalizacion","tag-rector"],"_links":{"self":[{"href":"https:\/\/www.upo.es\/diario\/wp-json\/wp\/v2\/posts\/30865284","targetHints":{"allow":["GET"]}}],"collection":[{"href":"https:\/\/www.upo.es\/diario\/wp-json\/wp\/v2\/posts"}],"about":[{"href":"https:\/\/www.upo.es\/diario\/wp-json\/wp\/v2\/types\/post"}],"author":[{"embeddable":true,"href":"https:\/\/www.upo.es\/diario\/wp-json\/wp\/v2\/users\/6"}],"replies":[{"embeddable":true,"href":"https:\/\/www.upo.es\/diario\/wp-json\/wp\/v2\/comments?post=30865284"}],"version-history":[{"count":4,"href":"https:\/\/www.upo.es\/diario\/wp-json\/wp\/v2\/posts\/30865284\/revisions"}],"predecessor-version":[{"id":30865291,"href":"https:\/\/www.upo.es\/diario\/wp-json\/wp\/v2\/posts\/30865284\/revisions\/30865291"}],"wp:featuredmedia":[{"embeddable":true,"href":"https:\/\/www.upo.es\/diario\/wp-json\/wp\/v2\/media\/30865286"}],"wp:attachment":[{"href":"https:\/\/www.upo.es\/diario\/wp-json\/wp\/v2\/media?parent=30865284"}],"wp:term":[{"taxonomy":"category","embeddable":true,"href":"https:\/\/www.upo.es\/diario\/wp-json\/wp\/v2\/categories?post=30865284"},{"taxonomy":"post_tag","embeddable":true,"href":"https:\/\/www.upo.es\/diario\/wp-json\/wp\/v2\/tags?post=30865284"}],"curies":[{"name":"wp","href":"https:\/\/api.w.org\/{rel}","templated":true}]}}